{"id":16241,"date":"2020-01-14T00:24:26","date_gmt":"2020-01-14T00:24:26","guid":{"rendered":"https:\/\/jorgezanoni.com.br\/2019\/?p=16241"},"modified":"2020-01-14T00:24:26","modified_gmt":"2020-01-14T00:24:26","slug":"temporal-provoca-alagamentos-e-enxurrada-arrasta-carros-no-parque-do-povo-em-presidente-prudente","status":"publish","type":"post","link":"https:\/\/jorgezanoni.com.br\/2019\/temporal-provoca-alagamentos-e-enxurrada-arrasta-carros-no-parque-do-povo-em-presidente-prudente\/","title":{"rendered":"Temporal provoca alagamentos e enxurrada arrasta carros no Parque do Povo, em Presidente Prudente"},"content":{"rendered":"<h2 class=\"content-head__subtitle\" style=\"text-align: justify;\"><strong>Equipes do Corpo de Bombeiros foram acionadas para prestar atendimento a ocorr\u00eancias na tarde desta segunda-feira (13) em diferentes bairros da cidade.<\/strong><\/h2>\n<div class=\"mc-column content-text active-extra-styles \" data-block-type=\"unstyled\" data-block-weight=\"19\" data-block-id=\"2\">\n<p class=\"content-text__container \" style=\"text-align: justify;\" data-track-category=\"Link no Texto\" data-track-links=\"\">O temporal que caiu sobre\u00a0<a href=\"https:\/\/g1.globo.com\/sp\/presidente-prudente-regiao\/cidade\/presidente-prudente\/\">Presidente Prudente<\/a>\u00a0na tarde desta segunda-feira (13) provocou alagamentos em diferentes bairros da cidade.<\/p>\n<\/div>\n<div class=\"wall protected-content\">\n<div class=\"mc-column content-text active-extra-styles \" style=\"text-align: justify;\" data-block-type=\"unstyled\" data-block-weight=\"21\" data-block-id=\"3\">\n<p class=\"content-text__container \" data-track-category=\"Link no Texto\" data-track-links=\"\">Carros e motocicletas que estavam estacionados na Avenida 14 de Setembro, no Parque do Povo, foram arrastados pela for\u00e7a da enxurrada.<\/p>\n<\/div>\n<div class=\"mc-column content-text active-extra-styles \" style=\"text-align: justify;\" data-block-type=\"unstyled\" data-block-weight=\"57\" data-block-id=\"4\">\n<p class=\"content-text__container \" data-track-category=\"Link no Texto\" data-track-links=\"\">Tamb\u00e9m no Parque do Povo, at\u00e9 uma ca\u00e7amba met\u00e1lica utilizada para o recolhimento de lixo foi arrastada pela for\u00e7a da \u00e1gua da enxurrada, al\u00e9m de terem sido registrados alagamentos em trechos das avenidas da Saudade, 11 de Maio, Brasil, Coronel Jos\u00e9 Soares Marcondes, Manoel Goulart e Celestino Figueiredo e das ruas Dr. Jos\u00e9 Foz e Donato Armelin.<\/p>\n<\/div>\n<div class=\"mc-column content-text active-extra-styles \" style=\"text-align: justify;\" data-block-type=\"unstyled\" data-block-weight=\"45\" data-block-id=\"5\">\n<p class=\"content-text__container \" data-track-category=\"Link no Texto\" data-track-links=\"\">Tamb\u00e9m foram registrados alagamentos em bairros de diferentes regi\u00f5es da cidade, como o Jardim Estoril, o Jardim Sabar\u00e1, o Jardim Am\u00e9rica, o Jardim Bongiovani, o Jardim Santa Eliza, o Parque S\u00e3o Matheus, o Jardim das Rosas, a Vila Roberto, a Vila Geni e o Centro.<\/p>\n<\/div>\n<div class=\"mc-column content-text active-extra-styles \" style=\"text-align: justify;\" data-block-type=\"unstyled\" data-block-weight=\"22\" data-block-id=\"6\">\n<p class=\"content-text__container \" data-track-category=\"Link no Texto\" data-track-links=\"\">No Jardim Santa Eliza, o tr\u00e2nsito de ve\u00edculos precisou ser interditado nos dois sentidos em decorr\u00eancia do alagamento da Avenida Ana Jacinta.<\/p>\n<\/div>\n<div class=\"mc-column content-text active-extra-styles \" style=\"text-align: justify;\" data-block-type=\"unstyled\" data-block-weight=\"16\" data-block-id=\"7\">\n<p class=\"content-text__container \" data-track-category=\"Link no Texto\" data-track-links=\"\">Equipes do Corpo de Bombeiros foram acionadas para prestar atendimento a ocorr\u00eancias de alagamentos na cidade.<\/p>\n<\/div>\n<div class=\"mc-column content-text active-extra-styles \" style=\"text-align: justify;\" data-block-type=\"unstyled\" data-block-weight=\"34\" data-block-id=\"8\">\n<p class=\"content-text__container \" data-track-category=\"Link no Texto\" data-track-links=\"\">De acordo com o Instituto Nacional de Meteorologia (Inmet), foram registrados 25,4 mil\u00edmetros de chuva em Presidente Prudente em um intervalo de apenas uma hora, entre as 17h e as 18h desta segunda-feira (13).<\/p>\n<\/div>\n<div class=\"content-ads content-ads--reveal\" style=\"text-align: justify;\" data-block-type=\"ads\" data-block-id=\"9\"><\/div>\n<div class=\"mc-column content-text active-extra-styles \" style=\"text-align: justify;\" data-block-type=\"unstyled\" data-block-weight=\"43\" data-block-id=\"10\">\n<p class=\"content-text__container \" data-track-category=\"Link no Texto\" data-track-links=\"\">O climatologista Vagner Camarini explicou que a forte chuva foi ocasionada por muitas \u00e1reas de instabilidade que concentraram as precipita\u00e7\u00f5es pluviom\u00e9tricas em uma mesma regi\u00e3o \u2013 no caso, o per\u00edmetro urbano de Presidente Prudente \u2013, fen\u00f4meno que \u00e9 comum nesta \u00e9poca do ano.<\/p>\n<\/div>\n<div class=\"mc-column content-text active-extra-styles\" style=\"text-align: justify;\" data-block-type=\"raw\" data-block-weight=\"1\" data-block-id=\"11\">\n<div class=\"content-intertitle\">\n<h2>Mutir\u00e3o<\/h2>\n<\/div>\n<\/div>\n<div class=\"mc-column content-text active-extra-styles \" style=\"text-align: justify;\" data-block-type=\"unstyled\" data-block-weight=\"48\" data-block-id=\"12\">\n<p class=\"content-text__container \" data-track-category=\"Link no Texto\" data-track-links=\"\">A Prefeitura informou ao\u00a0<strong>G1\u00a0<\/strong>que j\u00e1 est\u00e1 com equipes nas ruas atuando no recolhimento de galhos, na desobstru\u00e7\u00e3o de vias e em outras a\u00e7\u00f5es voltadas a solucionar os preju\u00edzos causados pelo temporal do fim da tarde desta segunda-feira (13), \u201cat\u00edpico at\u00e9 mesmo para esta \u00e9poca do ano\u201d.<\/p>\n<\/div>\n<div class=\"mc-column content-text active-extra-styles \" style=\"text-align: justify;\" data-block-type=\"unstyled\" data-block-weight=\"29\" data-block-id=\"13\">\n<p class=\"content-text__container \" data-track-category=\"Link no Texto\" data-track-links=\"\">Segundo o Poder Executivo, os trabalhos ser\u00e3o intensificadas logo nas primeiras horas da manh\u00e3 desta ter\u00e7a-feira (14), quando o munic\u00edpio far\u00e1 um mutir\u00e3o, com o envolvimento de v\u00e1rias secretarias.<\/p>\n<p class=\"content-text__container \" data-track-category=\"Link no Texto\" data-track-links=\"\"><span style=\"font-style: italic; text-align: center;\">\u201c\u00c9 importante ressaltar que a Prefeitura mant\u00e9m equipes da Secretaria de Obras para desobstru\u00e7\u00e3o de bocas de lobo e assim permitir o escoamento das \u00e1guas pluviais. Estes bueiros (s\u00e3o mais de 10 mil na cidade) t\u00eam sido frequentemente obstru\u00eddos por sacos de lixo, colch\u00f5es, travesseiros, m\u00f3veis e outros itens que, ao serem colocados irregularmente na cal\u00e7ada, acabam sendo arrastados pela chuva\u201d, salientou o Poder Executivo ao\u00a0<\/span><strong style=\"font-style: italic; text-align: center;\">G1<\/strong><span style=\"font-style: italic; text-align: center;\">.<\/span><\/p>\n<\/div>\n<div class=\"mc-column content-text active-extra-styles \" style=\"text-align: justify;\" data-block-type=\"unstyled\" data-block-weight=\"52\" data-block-id=\"15\">\n<p class=\"content-text__container \" data-track-category=\"Link no Texto\" data-track-links=\"\">No caso espec\u00edfico do Parque do Povo, segundo a Prefeitura, para sanar de vez o problema hist\u00f3rico dos alagamentos no local, haveria a necessidade de promover obras de grande monta, com abertura de novas galerias e amplia\u00e7\u00e3o da vaz\u00e3o nas j\u00e1 existentes, al\u00e9m de refazer a ponte sobre o C\u00f3rrego do Veado.<\/p>\n<\/div>\n<div class=\"mc-column content-text active-extra-styles \" data-block-type=\"unstyled\" data-block-weight=\"38\" data-block-id=\"16\">\n<p class=\"content-text__container \" style=\"text-align: justify;\" data-track-category=\"Link no Texto\" data-track-links=\"\">\u201cTais obras requerem investimento muito alto e o munic\u00edpio, sozinho, n\u00e3o tem condi\u00e7\u00f5es de suport\u00e1-lo, sendo necess\u00e1rio o apoio de outras esferas de governo ou de empr\u00e9stimos banc\u00e1rios por parte de institui\u00e7\u00f5es internacionais&#8221;, concluiu a Prefeitura ao\u00a0<strong>G1<\/strong>.<\/p>\n<p data-track-category=\"Link no Texto\" data-track-links=\"\"><img loading=\"lazy\" decoding=\"async\" class=\"alignnone size-full wp-image-16242\" src=\"https:\/\/jorgezanoni.com.br\/2019\/wp-content\/uploads\/2020\/01\/prudente-g.jpeg\" alt=\"\" width=\"1262\" height=\"947\" srcset=\"https:\/\/jorgezanoni.com.br\/2019\/wp-content\/uploads\/2020\/01\/prudente-g.jpeg 1262w, https:\/\/jorgezanoni.com.br\/2019\/wp-content\/uploads\/2020\/01\/prudente-g-300x225.jpeg 300w, https:\/\/jorgezanoni.com.br\/2019\/wp-content\/uploads\/2020\/01\/prudente-g-768x576.jpeg 768w, https:\/\/jorgezanoni.com.br\/2019\/wp-content\/uploads\/2020\/01\/prudente-g-1024x768.jpeg 1024w, https:\/\/jorgezanoni.com.br\/2019\/wp-content\/uploads\/2020\/01\/prudente-g-80x60.jpeg 80w, https:\/\/jorgezanoni.com.br\/2019\/wp-content\/uploads\/2020\/01\/prudente-g-265x198.jpeg 265w, https:\/\/jorgezanoni.com.br\/2019\/wp-content\/uploads\/2020\/01\/prudente-g-696x522.jpeg 696w, https:\/\/jorgezanoni.com.br\/2019\/wp-content\/uploads\/2020\/01\/prudente-g-1068x801.jpeg 1068w, https:\/\/jorgezanoni.com.br\/2019\/wp-content\/uploads\/2020\/01\/prudente-g-560x420.jpeg 560w\" sizes=\"auto, (max-width: 1262px) 100vw, 1262px\" \/> <img loading=\"lazy\" decoding=\"async\" class=\"alignnone size-full wp-image-16243\" src=\"https:\/\/jorgezanoni.com.br\/2019\/wp-content\/uploads\/2020\/01\/prudente-g4.jpg\" alt=\"\" width=\"1262\" height=\"1260\" srcset=\"https:\/\/jorgezanoni.com.br\/2019\/wp-content\/uploads\/2020\/01\/prudente-g4.jpg 1262w, https:\/\/jorgezanoni.com.br\/2019\/wp-content\/uploads\/2020\/01\/prudente-g4-150x150.jpg 150w, https:\/\/jorgezanoni.com.br\/2019\/wp-content\/uploads\/2020\/01\/prudente-g4-300x300.jpg 300w, https:\/\/jorgezanoni.com.br\/2019\/wp-content\/uploads\/2020\/01\/prudente-g4-768x767.jpg 768w, https:\/\/jorgezanoni.com.br\/2019\/wp-content\/uploads\/2020\/01\/prudente-g4-1024x1022.jpg 1024w, https:\/\/jorgezanoni.com.br\/2019\/wp-content\/uploads\/2020\/01\/prudente-g4-696x695.jpg 696w, https:\/\/jorgezanoni.com.br\/2019\/wp-content\/uploads\/2020\/01\/prudente-g4-1068x1066.jpg 1068w, https:\/\/jorgezanoni.com.br\/2019\/wp-content\/uploads\/2020\/01\/prudente-g4-421x420.jpg 421w\" sizes=\"auto, (max-width: 1262px) 100vw, 1262px\" \/> <img loading=\"lazy\" decoding=\"async\" class=\"alignnone size-full wp-image-16244\" src=\"https:\/\/jorgezanoni.com.br\/2019\/wp-content\/uploads\/2020\/01\/prudente-g5.jpg\" alt=\"\" width=\"1262\" height=\"1135\" srcset=\"https:\/\/jorgezanoni.com.br\/2019\/wp-content\/uploads\/2020\/01\/prudente-g5.jpg 1262w, https:\/\/jorgezanoni.com.br\/2019\/wp-content\/uploads\/2020\/01\/prudente-g5-300x270.jpg 300w, https:\/\/jorgezanoni.com.br\/2019\/wp-content\/uploads\/2020\/01\/prudente-g5-768x691.jpg 768w, https:\/\/jorgezanoni.com.br\/2019\/wp-content\/uploads\/2020\/01\/prudente-g5-1024x921.jpg 1024w, https:\/\/jorgezanoni.com.br\/2019\/wp-content\/uploads\/2020\/01\/prudente-g5-696x626.jpg 696w, https:\/\/jorgezanoni.com.br\/2019\/wp-content\/uploads\/2020\/01\/prudente-g5-1068x961.jpg 1068w, https:\/\/jorgezanoni.com.br\/2019\/wp-content\/uploads\/2020\/01\/prudente-g5-467x420.jpg 467w\" sizes=\"auto, (max-width: 1262px) 100vw, 1262px\" \/> <img loading=\"lazy\" decoding=\"async\" class=\"alignnone size-full wp-image-16245\" src=\"https:\/\/jorgezanoni.com.br\/2019\/wp-content\/uploads\/2020\/01\/prudente-g6.jpg\" alt=\"\" width=\"1262\" height=\"648\" srcset=\"https:\/\/jorgezanoni.com.br\/2019\/wp-content\/uploads\/2020\/01\/prudente-g6.jpg 1262w, https:\/\/jorgezanoni.com.br\/2019\/wp-content\/uploads\/2020\/01\/prudente-g6-300x154.jpg 300w, https:\/\/jorgezanoni.com.br\/2019\/wp-content\/uploads\/2020\/01\/prudente-g6-768x394.jpg 768w, https:\/\/jorgezanoni.com.br\/2019\/wp-content\/uploads\/2020\/01\/prudente-g6-1024x526.jpg 1024w, https:\/\/jorgezanoni.com.br\/2019\/wp-content\/uploads\/2020\/01\/prudente-g6-696x357.jpg 696w, https:\/\/jorgezanoni.com.br\/2019\/wp-content\/uploads\/2020\/01\/prudente-g6-1068x548.jpg 1068w, https:\/\/jorgezanoni.com.br\/2019\/wp-content\/uploads\/2020\/01\/prudente-g6-818x420.jpg 818w\" sizes=\"auto, (max-width: 1262px) 100vw, 1262px\" \/> <img loading=\"lazy\" decoding=\"async\" class=\"alignnone size-full wp-image-16246\" src=\"https:\/\/jorgezanoni.com.br\/2019\/wp-content\/uploads\/2020\/01\/prudente-g7.jpeg\" alt=\"\" width=\"1262\" height=\"947\" srcset=\"https:\/\/jorgezanoni.com.br\/2019\/wp-content\/uploads\/2020\/01\/prudente-g7.jpeg 1262w, https:\/\/jorgezanoni.com.br\/2019\/wp-content\/uploads\/2020\/01\/prudente-g7-300x225.jpeg 300w, https:\/\/jorgezanoni.com.br\/2019\/wp-content\/uploads\/2020\/01\/prudente-g7-768x576.jpeg 768w, https:\/\/jorgezanoni.com.br\/2019\/wp-content\/uploads\/2020\/01\/prudente-g7-1024x768.jpeg 1024w, https:\/\/jorgezanoni.com.br\/2019\/wp-content\/uploads\/2020\/01\/prudente-g7-80x60.jpeg 80w, https:\/\/jorgezanoni.com.br\/2019\/wp-content\/uploads\/2020\/01\/prudente-g7-265x198.jpeg 265w, https:\/\/jorgezanoni.com.br\/2019\/wp-content\/uploads\/2020\/01\/prudente-g7-696x522.jpeg 696w, https:\/\/jorgezanoni.com.br\/2019\/wp-content\/uploads\/2020\/01\/prudente-g7-1068x801.jpeg 1068w, https:\/\/jorgezanoni.com.br\/2019\/wp-content\/uploads\/2020\/01\/prudente-g7-560x420.jpeg 560w\" sizes=\"auto, (max-width: 1262px) 100vw, 1262px\" \/> <img loading=\"lazy\" decoding=\"async\" class=\"alignnone size-full wp-image-16247\" src=\"https:\/\/jorgezanoni.com.br\/2019\/wp-content\/uploads\/2020\/01\/Prudente-g8.jpeg\" alt=\"\" width=\"1262\" height=\"710\" srcset=\"https:\/\/jorgezanoni.com.br\/2019\/wp-content\/uploads\/2020\/01\/Prudente-g8.jpeg 1262w, https:\/\/jorgezanoni.com.br\/2019\/wp-content\/uploads\/2020\/01\/Prudente-g8-300x169.jpeg 300w, https:\/\/jorgezanoni.com.br\/2019\/wp-content\/uploads\/2020\/01\/Prudente-g8-768x432.jpeg 768w, https:\/\/jorgezanoni.com.br\/2019\/wp-content\/uploads\/2020\/01\/Prudente-g8-1024x576.jpeg 1024w, https:\/\/jorgezanoni.com.br\/2019\/wp-content\/uploads\/2020\/01\/Prudente-g8-696x392.jpeg 696w, https:\/\/jorgezanoni.com.br\/2019\/wp-content\/uploads\/2020\/01\/Prudente-g8-1068x601.jpeg 1068w, https:\/\/jorgezanoni.com.br\/2019\/wp-content\/uploads\/2020\/01\/Prudente-g8-747x420.jpeg 747w\" sizes=\"auto, (max-width: 1262px) 100vw, 1262px\" \/><img loading=\"lazy\" decoding=\"async\" class=\"alignnone size-full wp-image-16248\" src=\"https:\/\/jorgezanoni.com.br\/2019\/wp-content\/uploads\/2020\/01\/prudenteg1.jpeg\" alt=\"\" width=\"1262\" height=\"947\" srcset=\"https:\/\/jorgezanoni.com.br\/2019\/wp-content\/uploads\/2020\/01\/prudenteg1.jpeg 1262w, https:\/\/jorgezanoni.com.br\/2019\/wp-content\/uploads\/2020\/01\/prudenteg1-300x225.jpeg 300w, https:\/\/jorgezanoni.com.br\/2019\/wp-content\/uploads\/2020\/01\/prudenteg1-768x576.jpeg 768w, https:\/\/jorgezanoni.com.br\/2019\/wp-content\/uploads\/2020\/01\/prudenteg1-1024x768.jpeg 1024w, https:\/\/jorgezanoni.com.br\/2019\/wp-content\/uploads\/2020\/01\/prudenteg1-80x60.jpeg 80w, https:\/\/jorgezanoni.com.br\/2019\/wp-content\/uploads\/2020\/01\/prudenteg1-265x198.jpeg 265w, https:\/\/jorgezanoni.com.br\/2019\/wp-content\/uploads\/2020\/01\/prudenteg1-696x522.jpeg 696w, https:\/\/jorgezanoni.com.br\/2019\/wp-content\/uploads\/2020\/01\/prudenteg1-1068x801.jpeg 1068w, https:\/\/jorgezanoni.com.br\/2019\/wp-content\/uploads\/2020\/01\/prudenteg1-560x420.jpeg 560w\" sizes=\"auto, (max-width: 1262px) 100vw, 1262px\" \/> <img loading=\"lazy\" decoding=\"async\" class=\"alignnone size-full wp-image-16249\" src=\"https:\/\/jorgezanoni.com.br\/2019\/wp-content\/uploads\/2020\/01\/prudenteg2.jpeg\" alt=\"\" width=\"1262\" height=\"947\" srcset=\"https:\/\/jorgezanoni.com.br\/2019\/wp-content\/uploads\/2020\/01\/prudenteg2.jpeg 1262w, https:\/\/jorgezanoni.com.br\/2019\/wp-content\/uploads\/2020\/01\/prudenteg2-300x225.jpeg 300w, https:\/\/jorgezanoni.com.br\/2019\/wp-content\/uploads\/2020\/01\/prudenteg2-768x576.jpeg 768w, https:\/\/jorgezanoni.com.br\/2019\/wp-content\/uploads\/2020\/01\/prudenteg2-1024x768.jpeg 1024w, https:\/\/jorgezanoni.com.br\/2019\/wp-content\/uploads\/2020\/01\/prudenteg2-80x60.jpeg 80w, https:\/\/jorgezanoni.com.br\/2019\/wp-content\/uploads\/2020\/01\/prudenteg2-265x198.jpeg 265w, https:\/\/jorgezanoni.com.br\/2019\/wp-content\/uploads\/2020\/01\/prudenteg2-696x522.jpeg 696w, https:\/\/jorgezanoni.com.br\/2019\/wp-content\/uploads\/2020\/01\/prudenteg2-1068x801.jpeg 1068w, https:\/\/jorgezanoni.com.br\/2019\/wp-content\/uploads\/2020\/01\/prudenteg2-560x420.jpeg 560w\" sizes=\"auto, (max-width: 1262px) 100vw, 1262px\" \/> <img loading=\"lazy\" decoding=\"async\" class=\"alignnone size-full wp-image-16250\" src=\"https:\/\/jorgezanoni.com.br\/2019\/wp-content\/uploads\/2020\/01\/prudenteg3.jpeg\" alt=\"\" width=\"1262\" height=\"947\" srcset=\"https:\/\/jorgezanoni.com.br\/2019\/wp-content\/uploads\/2020\/01\/prudenteg3.jpeg 1262w, https:\/\/jorgezanoni.com.br\/2019\/wp-content\/uploads\/2020\/01\/prudenteg3-300x225.jpeg 300w, https:\/\/jorgezanoni.com.br\/2019\/wp-content\/uploads\/2020\/01\/prudenteg3-768x576.jpeg 768w, https:\/\/jorgezanoni.com.br\/2019\/wp-content\/uploads\/2020\/01\/prudenteg3-1024x768.jpeg 1024w, https:\/\/jorgezanoni.com.br\/2019\/wp-content\/uploads\/2020\/01\/prudenteg3-80x60.jpeg 80w, https:\/\/jorgezanoni.com.br\/2019\/wp-content\/uploads\/2020\/01\/prudenteg3-265x198.jpeg 265w, https:\/\/jorgezanoni.com.br\/2019\/wp-content\/uploads\/2020\/01\/prudenteg3-696x522.jpeg 696w, https:\/\/jorgezanoni.com.br\/2019\/wp-content\/uploads\/2020\/01\/prudenteg3-1068x801.jpeg 1068w, https:\/\/jorgezanoni.com.br\/2019\/wp-content\/uploads\/2020\/01\/prudenteg3-560x420.jpeg 560w\" sizes=\"auto, (max-width: 1262px) 100vw, 1262px\" \/><\/p>\n<p style=\"text-align: justify;\" data-track-category=\"Link no Texto\" data-track-links=\"\">Fonte: https:\/\/g1.globo.com\/sp\/presidente-prudente-regiao\/noticia\/2020\/01\/13\/temporal-provoca-alagamentos-e-enxurrada-arrasta-carros-no-parque-do-povo-em-presidente-prudente.ghtml<\/p>\n<p style=\"text-align: justify;\" data-track-category=\"Link no Texto\" data-track-links=\"\">\n<\/div>\n<\/div>\n","protected":false},"excerpt":{"rendered":"<p>Equipes do Corpo de Bombeiros foram acionadas para prestar atendimento a ocorr\u00eancias na tarde desta segunda-feira (13) em diferentes bairros da cidade. O temporal que caiu sobre\u00a0Presidente Prudente\u00a0na tarde desta segunda-feira (13) provocou alagamentos em diferentes bairros da cidade. Carros e motocicletas que estavam estacionados na Avenida 14 de Setembro, no Parque do Povo, foram [&hellip;]<\/p>\n","protected":false},"author":1,"featured_media":16251,"comment_status":"closed","ping_status":"open","sticky":false,"template":"","format":"standard","meta":{"footnotes":""},"categories":[114,110],"tags":[],"class_list":["post-16241","post","type-post","status-publish","format-standard","has-post-thumbnail","hentry","category-geralecomercio","category-noticiasdestaque"],"_links":{"self":[{"href":"https:\/\/jorgezanoni.com.br\/2019\/wp-json\/wp\/v2\/posts\/16241","targetHints":{"allow":["GET"]}}],"collection":[{"href":"https:\/\/jorgezanoni.com.br\/2019\/wp-json\/wp\/v2\/posts"}],"about":[{"href":"https:\/\/jorgezanoni.com.br\/2019\/wp-json\/wp\/v2\/types\/post"}],"author":[{"embeddable":true,"href":"https:\/\/jorgezanoni.com.br\/2019\/wp-json\/wp\/v2\/users\/1"}],"replies":[{"embeddable":true,"href":"https:\/\/jorgezanoni.com.br\/2019\/wp-json\/wp\/v2\/comments?post=16241"}],"version-history":[{"count":0,"href":"https:\/\/jorgezanoni.com.br\/2019\/wp-json\/wp\/v2\/posts\/16241\/revisions"}],"wp:featuredmedia":[{"embeddable":true,"href":"https:\/\/jorgezanoni.com.br\/2019\/wp-json\/wp\/v2\/media\/16251"}],"wp:attachment":[{"href":"https:\/\/jorgezanoni.com.br\/2019\/wp-json\/wp\/v2\/media?parent=16241"}],"wp:term":[{"taxonomy":"category","embeddable":true,"href":"https:\/\/jorgezanoni.com.br\/2019\/wp-json\/wp\/v2\/categories?post=16241"},{"taxonomy":"post_tag","embeddable":true,"href":"https:\/\/jorgezanoni.com.br\/2019\/wp-json\/wp\/v2\/tags?post=16241"}],"curies":[{"name":"wp","href":"https:\/\/api.w.org\/{rel}","templated":true}]}}