{"id":16217,"date":"2020-01-13T16:39:33","date_gmt":"2020-01-13T16:39:33","guid":{"rendered":"https:\/\/jorgezanoni.com.br\/2019\/?p=16217"},"modified":"2020-01-13T16:39:33","modified_gmt":"2020-01-13T16:39:33","slug":"homem-e-preso-pela-lei-maria-da-penha-em-dracena-por-agressao-aos-pais","status":"publish","type":"post","link":"https:\/\/jorgezanoni.com.br\/2019\/homem-e-preso-pela-lei-maria-da-penha-em-dracena-por-agressao-aos-pais\/","title":{"rendered":"Homem \u00e9 preso pela Lei Maria da Penha em Dracena por agress\u00e3o aos pais"},"content":{"rendered":"<p style=\"font-weight: 400; text-align: justify;\">No dia 11JAN20 por volta das 01h43min a equipe da Pol\u00edcia Militar foi acionada via COPOM, para atendimento de ocorr\u00eancia de um indiv\u00edduo de 29 anos descontrolado e agredindo sua fam\u00edlia na resid\u00eancia.<\/p>\n<p style=\"font-weight: 400; text-align: justify;\">Ao adentrar no im\u00f3vel o indiciado foi contido pelos policiais militares. No local notou-se que a v\u00edtima 01 e 02 ( 53 e 37 anos respectivamente) estavam com ferimentos na boca e no bra\u00e7o.<\/p>\n<p style=\"font-weight: 400; text-align: justify;\">O indiciado foi preso em flagrante por les\u00e3o corporal, com base na Lei Maria da Penha.<\/p>\n<p style=\"text-align: justify;\"><strong>#25BPMI\u00a0\u00a0\u00a0\u00a0\u00a0\u00a0\u00a0<\/strong><\/p>\n<p><strong>#POLICIAMILITARSP<\/strong><\/p>\n<p><strong>#AFOR\u00c7AP\u00daBLICADES\u00c3OPAULO<\/strong><\/p>\n<p><strong>Fonte: COMUNICA\u00c7\u00c3O SOCIAL DO 25\u00ba BPM\/I &#8211; Dracena e regi\u00e3o.<\/strong><\/p>\n","protected":false},"excerpt":{"rendered":"<p>No dia 11JAN20 por volta das 01h43min a equipe da Pol\u00edcia Militar foi acionada via COPOM, para atendimento de ocorr\u00eancia de um indiv\u00edduo de 29 anos descontrolado e agredindo sua fam\u00edlia na resid\u00eancia. Ao adentrar no im\u00f3vel o indiciado foi contido pelos policiais militares. No local notou-se que a v\u00edtima 01 e 02 ( 53 [&hellip;]<\/p>\n","protected":false},"author":1,"featured_media":16218,"comment_status":"closed","ping_status":"open","sticky":false,"template":"","format":"standard","meta":{"footnotes":""},"categories":[2],"tags":[],"class_list":["post-16217","post","type-post","status-publish","format-standard","has-post-thumbnail","hentry","category-policial"],"_links":{"self":[{"href":"https:\/\/jorgezanoni.com.br\/2019\/wp-json\/wp\/v2\/posts\/16217","targetHints":{"allow":["GET"]}}],"collection":[{"href":"https:\/\/jorgezanoni.com.br\/2019\/wp-json\/wp\/v2\/posts"}],"about":[{"href":"https:\/\/jorgezanoni.com.br\/2019\/wp-json\/wp\/v2\/types\/post"}],"author":[{"embeddable":true,"href":"https:\/\/jorgezanoni.com.br\/2019\/wp-json\/wp\/v2\/users\/1"}],"replies":[{"embeddable":true,"href":"https:\/\/jorgezanoni.com.br\/2019\/wp-json\/wp\/v2\/comments?post=16217"}],"version-history":[{"count":0,"href":"https:\/\/jorgezanoni.com.br\/2019\/wp-json\/wp\/v2\/posts\/16217\/revisions"}],"wp:featuredmedia":[{"embeddable":true,"href":"https:\/\/jorgezanoni.com.br\/2019\/wp-json\/wp\/v2\/media\/16218"}],"wp:attachment":[{"href":"https:\/\/jorgezanoni.com.br\/2019\/wp-json\/wp\/v2\/media?parent=16217"}],"wp:term":[{"taxonomy":"category","embeddable":true,"href":"https:\/\/jorgezanoni.com.br\/2019\/wp-json\/wp\/v2\/categories?post=16217"},{"taxonomy":"post_tag","embeddable":true,"href":"https:\/\/jorgezanoni.com.br\/2019\/wp-json\/wp\/v2\/tags?post=16217"}],"curies":[{"name":"wp","href":"https:\/\/api.w.org\/{rel}","templated":true}]}}