{"id":16214,"date":"2020-01-13T16:27:05","date_gmt":"2020-01-13T16:27:05","guid":{"rendered":"https:\/\/jorgezanoni.com.br\/2019\/?p=16214"},"modified":"2020-01-13T16:27:05","modified_gmt":"2020-01-13T16:27:05","slug":"policia-militar-age-rapidamente-e-prende-homem-em-dracena-por-tentativa-de-roubo","status":"publish","type":"post","link":"https:\/\/jorgezanoni.com.br\/2019\/policia-militar-age-rapidamente-e-prende-homem-em-dracena-por-tentativa-de-roubo\/","title":{"rendered":"Pol\u00edcia Militar age rapidamente e prende homem em Dracena por tentativa de roubo"},"content":{"rendered":"<h1 style=\"text-align: justify;\"><a href=\"https:\/\/25bpmi.blogspot.com\/2020\/01\/24-horas-servico-da-comunidade-policia.html\" data-item-type=\"post\" data-id=\"1951303879295672657\">24 HORAS A SERVI\u00c7O DA COMUNIDADE: POL\u00cdCIA MILITAR AGE RAPIDAMENTE E PRENDE HOMEM EM DRACENA POR TENTATIVA DE ROUBO.<\/a><\/h1>\n<p style=\"text-align: justify;\">No dia 12 JAN por volta das 23h30min o COPOM irradiou uma tentativa de roubo em um estabelecimento comercial na Pra\u00e7a da Igreja Nossa Senhora de F\u00e1tima, na Vila Barros em Dracena, onde dois indiv\u00edduos anunciaram um roubo, fazendo men\u00e7\u00e3o de estarem armados, ap\u00f3s sa\u00edram em disparada, quando o propriet\u00e1rio do estabelecimento disse n\u00e3o possuir dinheiro e um cliente correu e gritou. Um policial militar de folga estava pr\u00f3ximo\u00a0\u00a0e n\u00e3o hesitou, vindo rapidamente, e com apoio da equipe de servi\u00e7o, localizou um dos indiv\u00edduos pr\u00f3ximo ao local e efetuaram sua pris\u00e3o. O outro n\u00e3o foi localizado, por\u00e9m j\u00e1 reconhecido. O autor permaneceu preso a disposi\u00e7\u00e3o da Justi\u00e7a.<\/p>\n<p><a href=\"https:\/\/www.facebook.com\/hashtag\/25bpmi?source=feed_text&amp;epa=HASHTAG&amp;__xts__%5B0%5D=68.ARCeyFNFKVgnbdzW2CuoB9txMYiWtz4DWl5rAg5lgwvUKE268yL_LcYl0CIoJHRltJuZ9zYhN-90kU_wvDBrnwbEjoWj1QiJxLqp_dvdYMusu3bLnaCGlOV_4R_xwMB2ZzU7QnmXJEx4C8oSl_Ens9zB-zabHr2TX2firVf2ZJcAai97YGhDyECTOvcH0Z2ZUblt0Mgg-Po74ZIs0OcWCtmJ4VYOc5SiFAlvj7MrkUPDC9uTVaEdNHflGfUeEPAB1fNUC24oSc47pk9JbdyfcmWpOuLWBN9dHKudAVgWOd3BilH59vTEZuYPzfqHMqWRr_oy_ki3UAyMW03_CeH7J_M&amp;__tn__=%2ANK-R\" data-ft=\"{&quot;type&quot;:104,&quot;tn&quot;:&quot;*N&quot;}\"><span aria-label=\"hashtag\">#<\/span>25BPMI<\/a><br \/>\n<a href=\"https:\/\/www.facebook.com\/hashtag\/policiamilitarsp?source=feed_text&amp;epa=HASHTAG&amp;__xts__%5B0%5D=68.ARCeyFNFKVgnbdzW2CuoB9txMYiWtz4DWl5rAg5lgwvUKE268yL_LcYl0CIoJHRltJuZ9zYhN-90kU_wvDBrnwbEjoWj1QiJxLqp_dvdYMusu3bLnaCGlOV_4R_xwMB2ZzU7QnmXJEx4C8oSl_Ens9zB-zabHr2TX2firVf2ZJcAai97YGhDyECTOvcH0Z2ZUblt0Mgg-Po74ZIs0OcWCtmJ4VYOc5SiFAlvj7MrkUPDC9uTVaEdNHflGfUeEPAB1fNUC24oSc47pk9JbdyfcmWpOuLWBN9dHKudAVgWOd3BilH59vTEZuYPzfqHMqWRr_oy_ki3UAyMW03_CeH7J_M&amp;__tn__=%2ANK-R\" data-ft=\"{&quot;type&quot;:104,&quot;tn&quot;:&quot;*N&quot;}\"><span aria-label=\"hashtag\">#<\/span>POLICIAMILITARSP<\/a><br \/>\n<a href=\"https:\/\/www.facebook.com\/hashtag\/afor%C3%A7ap%C3%BAblicades%C3%A3opaulo?source=feed_text&amp;epa=HASHTAG&amp;__xts__%5B0%5D=68.ARCeyFNFKVgnbdzW2CuoB9txMYiWtz4DWl5rAg5lgwvUKE268yL_LcYl0CIoJHRltJuZ9zYhN-90kU_wvDBrnwbEjoWj1QiJxLqp_dvdYMusu3bLnaCGlOV_4R_xwMB2ZzU7QnmXJEx4C8oSl_Ens9zB-zabHr2TX2firVf2ZJcAai97YGhDyECTOvcH0Z2ZUblt0Mgg-Po74ZIs0OcWCtmJ4VYOc5SiFAlvj7MrkUPDC9uTVaEdNHflGfUeEPAB1fNUC24oSc47pk9JbdyfcmWpOuLWBN9dHKudAVgWOd3BilH59vTEZuYPzfqHMqWRr_oy_ki3UAyMW03_CeH7J_M&amp;__tn__=%2ANK-R\" data-ft=\"{&quot;type&quot;:104,&quot;tn&quot;:&quot;*N&quot;}\"><span aria-label=\"hashtag\">#<\/span>AFOR\u00c7AP\u00daBLICADES\u00c3OPAULO<\/a><br \/>\nFonte: COMUNICA\u00c7\u00c3O SOCIAL DO 25\u00ba BPM\/I e regi\u00e3o<\/p>\n","protected":false},"excerpt":{"rendered":"<p>24 HORAS A SERVI\u00c7O DA COMUNIDADE: POL\u00cdCIA MILITAR AGE RAPIDAMENTE E PRENDE HOMEM EM DRACENA POR TENTATIVA DE ROUBO. No dia 12 JAN por volta das 23h30min o COPOM irradiou uma tentativa de roubo em um estabelecimento comercial na Pra\u00e7a da Igreja Nossa Senhora de F\u00e1tima, na Vila Barros em Dracena, onde dois indiv\u00edduos anunciaram [&hellip;]<\/p>\n","protected":false},"author":1,"featured_media":16215,"comment_status":"closed","ping_status":"open","sticky":false,"template":"","format":"standard","meta":{"footnotes":""},"categories":[2],"tags":[],"class_list":["post-16214","post","type-post","status-publish","format-standard","has-post-thumbnail","hentry","category-policial"],"_links":{"self":[{"href":"https:\/\/jorgezanoni.com.br\/2019\/wp-json\/wp\/v2\/posts\/16214","targetHints":{"allow":["GET"]}}],"collection":[{"href":"https:\/\/jorgezanoni.com.br\/2019\/wp-json\/wp\/v2\/posts"}],"about":[{"href":"https:\/\/jorgezanoni.com.br\/2019\/wp-json\/wp\/v2\/types\/post"}],"author":[{"embeddable":true,"href":"https:\/\/jorgezanoni.com.br\/2019\/wp-json\/wp\/v2\/users\/1"}],"replies":[{"embeddable":true,"href":"https:\/\/jorgezanoni.com.br\/2019\/wp-json\/wp\/v2\/comments?post=16214"}],"version-history":[{"count":0,"href":"https:\/\/jorgezanoni.com.br\/2019\/wp-json\/wp\/v2\/posts\/16214\/revisions"}],"wp:featuredmedia":[{"embeddable":true,"href":"https:\/\/jorgezanoni.com.br\/2019\/wp-json\/wp\/v2\/media\/16215"}],"wp:attachment":[{"href":"https:\/\/jorgezanoni.com.br\/2019\/wp-json\/wp\/v2\/media?parent=16214"}],"wp:term":[{"taxonomy":"category","embeddable":true,"href":"https:\/\/jorgezanoni.com.br\/2019\/wp-json\/wp\/v2\/categories?post=16214"},{"taxonomy":"post_tag","embeddable":true,"href":"https:\/\/jorgezanoni.com.br\/2019\/wp-json\/wp\/v2\/tags?post=16214"}],"curies":[{"name":"wp","href":"https:\/\/api.w.org\/{rel}","templated":true}]}}