{"id":16140,"date":"2020-01-13T00:21:23","date_gmt":"2020-01-13T00:21:23","guid":{"rendered":"https:\/\/jorgezanoni.com.br\/2019\/?p=16140"},"modified":"2020-01-13T00:39:02","modified_gmt":"2020-01-13T00:39:02","slug":"chuva-e-forte-vento-destelham-parte-da-paroquia-em-lucelia-prejuizo-comeca-a-ser-contabilizado","status":"publish","type":"post","link":"https:\/\/jorgezanoni.com.br\/2019\/chuva-e-forte-vento-destelham-parte-da-paroquia-em-lucelia-prejuizo-comeca-a-ser-contabilizado\/","title":{"rendered":"Chuva e forte vento destelham parte da Par\u00f3quia em Luc\u00e9lia, preju\u00edzo come\u00e7a a ser contabilizado"},"content":{"rendered":"<p style=\"text-align: justify;\"><strong>As fortes chuvas acompanhadas por rajadas de ventos na tarde deste domingo (12), provocaram o destelhamento de parte da Par\u00f3quia Sagrada Fam\u00edlia de Luc\u00e9lia.<\/strong><\/p>\n<p style=\"text-align: justify;\">Objetos foram lan\u00e7ados na pra\u00e7a da matriz e tamb\u00e9m atingiram a rede el\u00e9trica causando a interrup\u00e7\u00e3o do fornecimento de energia mais de 1.200 resid\u00eancias da cidade, conforme informou a concession\u00e1ria de energia.<\/p>\n<p style=\"text-align: justify;\">A reportagem da Folha Regional falou com o padre Adriano Andrade por telefone. O sacerdote que est\u00e1 em viagem, informou que os preju\u00edzos j\u00e1 come\u00e7aram \u00e0 ser contabilizados e medidas foram tomadas visando sanar parcialmente o problema para que n\u00e3o sejam afetadas outras parte do templo religioso.<\/p>\n<p style=\"text-align: justify;\">Apesar do susto, n\u00e3o houve o registro de v\u00edtimas, conforme informou o Corpo de Bombeiros de Adamantina.<\/p>\n<p><img loading=\"lazy\" decoding=\"async\" class=\"alignnone size-full wp-image-16146\" src=\"https:\/\/jorgezanoni.com.br\/2019\/wp-content\/uploads\/2020\/01\/igre1.jpg\" alt=\"\" width=\"900\" height=\"789\" srcset=\"https:\/\/jorgezanoni.com.br\/2019\/wp-content\/uploads\/2020\/01\/igre1.jpg 900w, https:\/\/jorgezanoni.com.br\/2019\/wp-content\/uploads\/2020\/01\/igre1-300x263.jpg 300w, https:\/\/jorgezanoni.com.br\/2019\/wp-content\/uploads\/2020\/01\/igre1-768x673.jpg 768w, https:\/\/jorgezanoni.com.br\/2019\/wp-content\/uploads\/2020\/01\/igre1-696x610.jpg 696w, https:\/\/jorgezanoni.com.br\/2019\/wp-content\/uploads\/2020\/01\/igre1-479x420.jpg 479w\" sizes=\"auto, (max-width: 900px) 100vw, 900px\" \/> <img loading=\"lazy\" decoding=\"async\" class=\"alignnone size-full wp-image-16147\" src=\"https:\/\/jorgezanoni.com.br\/2019\/wp-content\/uploads\/2020\/01\/igre2.jpg\" alt=\"\" width=\"900\" height=\"2194\" srcset=\"https:\/\/jorgezanoni.com.br\/2019\/wp-content\/uploads\/2020\/01\/igre2.jpg 900w, https:\/\/jorgezanoni.com.br\/2019\/wp-content\/uploads\/2020\/01\/igre2-123x300.jpg 123w, https:\/\/jorgezanoni.com.br\/2019\/wp-content\/uploads\/2020\/01\/igre2-768x1872.jpg 768w, https:\/\/jorgezanoni.com.br\/2019\/wp-content\/uploads\/2020\/01\/igre2-420x1024.jpg 420w, https:\/\/jorgezanoni.com.br\/2019\/wp-content\/uploads\/2020\/01\/igre2-696x1697.jpg 696w, https:\/\/jorgezanoni.com.br\/2019\/wp-content\/uploads\/2020\/01\/igre2-172x420.jpg 172w\" sizes=\"auto, (max-width: 900px) 100vw, 900px\" \/><\/p>\n<p style=\"text-align: justify;\"><em>Foto: Enviadas por internauta Foto de capa: Clikar<\/em><\/p>\n<p>Fonte: <i>Fonte:\u00a0<\/i>Jose Luiz Paiva _ Blog Luc\u00e9lia Em Foco<\/p>\n","protected":false},"excerpt":{"rendered":"<p>As fortes chuvas acompanhadas por rajadas de ventos na tarde deste domingo (12), provocaram o destelhamento de parte da Par\u00f3quia Sagrada Fam\u00edlia de Luc\u00e9lia. Objetos foram lan\u00e7ados na pra\u00e7a da matriz e tamb\u00e9m atingiram a rede el\u00e9trica causando a interrup\u00e7\u00e3o do fornecimento de energia mais de 1.200 resid\u00eancias da cidade, conforme informou a concession\u00e1ria de [&hellip;]<\/p>\n","protected":false},"author":1,"featured_media":16143,"comment_status":"closed","ping_status":"open","sticky":false,"template":"","format":"standard","meta":{"footnotes":""},"categories":[110,118],"tags":[],"class_list":["post-16140","post","type-post","status-publish","format-standard","has-post-thumbnail","hentry","category-noticiasdestaque","category-religiaoesolidariedade"],"_links":{"self":[{"href":"https:\/\/jorgezanoni.com.br\/2019\/wp-json\/wp\/v2\/posts\/16140","targetHints":{"allow":["GET"]}}],"collection":[{"href":"https:\/\/jorgezanoni.com.br\/2019\/wp-json\/wp\/v2\/posts"}],"about":[{"href":"https:\/\/jorgezanoni.com.br\/2019\/wp-json\/wp\/v2\/types\/post"}],"author":[{"embeddable":true,"href":"https:\/\/jorgezanoni.com.br\/2019\/wp-json\/wp\/v2\/users\/1"}],"replies":[{"embeddable":true,"href":"https:\/\/jorgezanoni.com.br\/2019\/wp-json\/wp\/v2\/comments?post=16140"}],"version-history":[{"count":0,"href":"https:\/\/jorgezanoni.com.br\/2019\/wp-json\/wp\/v2\/posts\/16140\/revisions"}],"wp:featuredmedia":[{"embeddable":true,"href":"https:\/\/jorgezanoni.com.br\/2019\/wp-json\/wp\/v2\/media\/16143"}],"wp:attachment":[{"href":"https:\/\/jorgezanoni.com.br\/2019\/wp-json\/wp\/v2\/media?parent=16140"}],"wp:term":[{"taxonomy":"category","embeddable":true,"href":"https:\/\/jorgezanoni.com.br\/2019\/wp-json\/wp\/v2\/categories?post=16140"},{"taxonomy":"post_tag","embeddable":true,"href":"https:\/\/jorgezanoni.com.br\/2019\/wp-json\/wp\/v2\/tags?post=16140"}],"curies":[{"name":"wp","href":"https:\/\/api.w.org\/{rel}","templated":true}]}}