{"id":16133,"date":"2020-01-12T19:04:34","date_gmt":"2020-01-12T19:04:34","guid":{"rendered":"https:\/\/jorgezanoni.com.br\/2019\/?p=16133"},"modified":"2020-01-12T19:04:34","modified_gmt":"2020-01-12T19:04:34","slug":"camera-de-seguranca-mostra-menina-em-praca-momentos-antes-de-desaparecer-em-chavantes","status":"publish","type":"post","link":"https:\/\/jorgezanoni.com.br\/2019\/camera-de-seguranca-mostra-menina-em-praca-momentos-antes-de-desaparecer-em-chavantes\/","title":{"rendered":"C\u00e2mera de seguran\u00e7a mostra menina em pra\u00e7a momentos antes de desaparecer em Chavantes"},"content":{"rendered":"<h2 class=\"content-head__subtitle\" style=\"text-align: justify;\"><strong>Segundo a fam\u00edlia, Emanuelle brincava no parquinho quando desapareceu, por volta das 17h de sexta-feira (10). Caso mobilizou pol\u00edcia, volunt\u00e1rios e moradores da cidade.<\/strong><\/h2>\n<div class=\"mc-column content-text active-extra-styles \" data-block-type=\"unstyled\" data-block-weight=\"31\" data-block-id=\"2\">\n<p class=\"content-text__container \" style=\"text-align: justify;\" data-track-category=\"Link no Texto\" data-track-links=\"\">Uma c\u00e2mera de seguran\u00e7a mostra Emanuelle Pestana de Castro, de 8 anos, sentada em um banco da\u00a0<a href=\"https:\/\/g1.globo.com\/sp\/bauru-marilia\/noticia\/2020\/01\/11\/menina-desaparece-enquanto-brincava-em-praca-perto-de-casa-em-chavantes.ghtml\">pra\u00e7a onde desapareceu<\/a>, no fim da tarde de sexta-feira (10), em Chavantes (SP).<\/p>\n<p style=\"text-align: justify;\" data-track-category=\"Link no Texto\" data-track-links=\"\"><img loading=\"lazy\" decoding=\"async\" class=\"alignnone size-full wp-image-16136\" src=\"https:\/\/jorgezanoni.com.br\/2019\/wp-content\/uploads\/2020\/01\/menina.jpg\" alt=\"\" width=\"640\" height=\"370\" srcset=\"https:\/\/jorgezanoni.com.br\/2019\/wp-content\/uploads\/2020\/01\/menina.jpg 640w, https:\/\/jorgezanoni.com.br\/2019\/wp-content\/uploads\/2020\/01\/menina-300x173.jpg 300w\" sizes=\"auto, (max-width: 640px) 100vw, 640px\" \/>C\u00e2mera de seguran\u00e7a mostra menina em pra\u00e7a momentos antes de desaparecer em Chavantes \u2014 Foto: C\u00e2mera de seguran\u00e7a\/Reprodu\u00e7\u00e3o<\/p>\n<\/div>\n<div class=\"wall protected-content\">\n<div class=\"mc-column content-text active-extra-styles \" style=\"text-align: justify;\" data-block-type=\"unstyled\" data-block-weight=\"35\" data-block-id=\"3\">\n<p class=\"content-text__container \" data-track-category=\"Link no Texto\" data-track-links=\"\">Segundo a fam\u00edlia, a menina brincava no parquinho do bairro Cohab e, de vez em quando, a m\u00e3e ia verificar com a filha estava. Por volta das 17h, ela n\u00e3o foi mais vista.<\/p>\n<\/div>\n<div class=\"mc-column content-text active-extra-styles \" data-block-type=\"unstyled\" data-block-weight=\"53\" data-block-id=\"4\">\n<p class=\"content-text__container \" style=\"text-align: justify;\" data-track-category=\"Link no Texto\" data-track-links=\"\">&#8220;Na hora que foi umas 16h e pouco, a m\u00e3e veio aqui e ela estava brincando. Quando foi umas 17h, ela veio e a Emanuelle falou: &#8216;vai descendo que eu j\u00e1 vou&#8217;. Ela foi, mas na hora que voltou, Emanuelle j\u00e1 n\u00e3o estava aqui&#8221;, conta uma vizinha da fam\u00edlia, Josimara Roberta Assun\u00e7\u00e3o.<\/p>\n<p style=\"text-align: justify;\" data-track-category=\"Link no Texto\" data-track-links=\"\">O caso mobilizou a cidade. Amigos, vizinhos e conhecidos da fam\u00edlia ficaram na pra\u00e7a na expectativa de alguma not\u00edcia que pudesse ajudar. Volunt\u00e1rios do Sicoe, equipe de Mar\u00edlia especializada neste tipo de ocorr\u00eancia, tamb\u00e9m foi at\u00e9 o local para ajudar nas buscas.<\/p>\n<div class=\"mc-column content-text active-extra-styles \" style=\"text-align: justify;\" data-block-type=\"unstyled\" data-block-weight=\"25\" data-block-id=\"9\">\n<p class=\"content-text__container \" data-track-category=\"Link no Texto\" data-track-links=\"\">Na tentativa de encontrar alguma pista, policiais civis e militares ouviram moradores e analisaram imagens do circuito de seguran\u00e7a de estabelecimentos pr\u00f3ximos ao local.<\/p>\n<\/div>\n<div class=\"mc-column content-text active-extra-styles \" style=\"text-align: justify;\" data-block-type=\"unstyled\" data-block-weight=\"47\" data-block-id=\"10\">\n<p class=\"content-text__container \" data-track-category=\"Link no Texto\" data-track-links=\"\">&#8220;\u00c9 um servi\u00e7o bastante complexo. Em conjunto com a Pol\u00edcia Civil, estamos em busca de imagens de monitoramento, tanto do com\u00e9rcio local como da regi\u00e3o. Mas at\u00e9 o momento, n\u00e3o temos nada concreto. Estamos esgotando todos os nossos meios&#8221;, explica o tenente da PM, Leandro Souza.<\/p>\n<\/div>\n<div class=\"row medium-uncollapsed content-media content-photo\" data-block-type=\"backstage-photo\" data-block-id=\"11\">\n<div class=\"mc-column content-media__container\">\n<div class=\"progressive-img can-open-lightbox\" data-min-size=\"1008x694\" data-min-size-url=\"https:\/\/s2.glbimg.com\/SeZRFrq2_I5CjkSTMihjy4QtZh8=\/0x0:756x521\/1008x0\/smart\/filters:strip_icc()\/i.s3.glbimg.com\/v1\/AUTH_59edd422c0c84a879bd37670ae4f538a\/internal_photos\/bs\/2020\/D\/r\/QZCjdcRpG8riL6oZ5Lbg\/emanuelle7.png\" data-max-size=\"1600x1102\" data-max-size-url=\"https:\/\/s2.glbimg.com\/w4uXDFTA585RInwA4DMl3mNKS2k=\/0x0:756x521\/1600x0\/smart\/filters:strip_icc()\/i.s3.glbimg.com\/v1\/AUTH_59edd422c0c84a879bd37670ae4f538a\/internal_photos\/bs\/2020\/D\/r\/QZCjdcRpG8riL6oZ5Lbg\/emanuelle7.png\" data-media-index=\"2\"><img loading=\"lazy\" decoding=\"async\" class=\"alignnone size-full wp-image-16134\" src=\"https:\/\/jorgezanoni.com.br\/2019\/wp-content\/uploads\/2020\/01\/menina2.jpg\" alt=\"\" width=\"640\" height=\"441\" srcset=\"https:\/\/jorgezanoni.com.br\/2019\/wp-content\/uploads\/2020\/01\/menina2.jpg 640w, https:\/\/jorgezanoni.com.br\/2019\/wp-content\/uploads\/2020\/01\/menina2-300x207.jpg 300w, https:\/\/jorgezanoni.com.br\/2019\/wp-content\/uploads\/2020\/01\/menina2-100x70.jpg 100w, https:\/\/jorgezanoni.com.br\/2019\/wp-content\/uploads\/2020\/01\/menina2-218x150.jpg 218w, https:\/\/jorgezanoni.com.br\/2019\/wp-content\/uploads\/2020\/01\/menina2-610x420.jpg 610w\" sizes=\"auto, (max-width: 640px) 100vw, 640px\" \/><\/p>\n<div class=\"row medium-uncollapsed content-media content-photo\" style=\"text-align: justify;\" data-block-type=\"backstage-photo\" data-block-id=\"11\">\n<div class=\"mc-column content-media__container\">\n<p class=\"content-media__description \">No s\u00e1bado (11), c\u00e3o farejador ajudou nas buscas pela menina \u2014 Foto: Reprodu\u00e7\u00e3o\/TV TEM<\/p>\n<\/div>\n<\/div>\n<div class=\"mc-column content-text active-extra-styles \" style=\"text-align: justify;\" data-block-type=\"unstyled\" data-block-weight=\"47\" data-block-id=\"13\">\n<p class=\"content-text__container \" data-track-category=\"Link no Texto\" data-track-links=\"\">Segundo a pol\u00edcia, todas as informa\u00e7\u00f5es est\u00e3o sendo checadas pela equipe. Um c\u00e3o da PM fez buscas em um canavial da cidade porque existia a suspeita de que Emanuelle teria sido vista na garupa de uma moto. A hip\u00f3tese, no entanto, j\u00e1 foi descartada pela pol\u00edcia.<\/p>\n<\/div>\n<div class=\"mc-column content-text active-extra-styles \" data-block-type=\"unstyled\" data-block-weight=\"27\" data-block-id=\"14\">\n<p class=\"content-text__container \" style=\"text-align: justify;\" data-track-category=\"Link no Texto\" data-track-links=\"\">Os pais da menina tamb\u00e9m foram pessoalmente at\u00e9 Canitar porque receberam uma informa\u00e7\u00e3o de que a menina poderia estar na cidade vizinha, mas n\u00e3o era verdade.<\/p>\n<p style=\"text-align: justify;\" data-track-category=\"Link no Texto\" data-track-links=\"\"><img loading=\"lazy\" decoding=\"async\" class=\"alignnone size-full wp-image-16135\" src=\"https:\/\/jorgezanoni.com.br\/2019\/wp-content\/uploads\/2020\/01\/menina3.jpg\" alt=\"\" width=\"640\" height=\"370\" srcset=\"https:\/\/jorgezanoni.com.br\/2019\/wp-content\/uploads\/2020\/01\/menina3.jpg 640w, https:\/\/jorgezanoni.com.br\/2019\/wp-content\/uploads\/2020\/01\/menina3-300x173.jpg 300w\" sizes=\"auto, (max-width: 640px) 100vw, 640px\" \/>O desaparecimento de Emanuelle mobilizou a pol\u00edcia, volunt\u00e1rios e moradores de Chavantes \u2014 Foto: Reprodu\u00e7\u00e3o\/TV TEM<\/p>\n<div class=\"mc-column content-text active-extra-styles \" style=\"text-align: justify;\" data-block-type=\"unstyled\" data-block-weight=\"24\" data-block-id=\"16\">\n<p class=\"content-text__container \" data-track-category=\"Link no Texto\" data-track-links=\"\">A principal suspeita da pol\u00edcia \u00e9 de que Emanuelle tenha sido v\u00edtima de um crime, e o caso assustou os moradores da cidade.<\/p>\n<\/div>\n<div class=\"mc-column content-text active-extra-styles \" style=\"text-align: justify;\" data-block-type=\"unstyled\" data-block-weight=\"45\" data-block-id=\"17\">\n<p class=\"content-text__container \" data-track-category=\"Link no Texto\" data-track-links=\"\">&#8220;\u00c9 pavoroso. D\u00e1 medo. Eu penso na minha menina, imagina perder minha menina? Os moradores frequentam a pra\u00e7a normalmente, vem bastante crian\u00e7a brincar aqui, eu sempre des\u00e7o com a minha menina. \u00c9 de dar um n\u00f3 na garganta&#8221;, admite o motorista Pedro Jamil Junior.<\/p>\n<\/div>\n<div class=\"mc-column content-text active-extra-styles \" data-block-type=\"unstyled\" data-block-weight=\"39\" data-block-id=\"18\">\n<p class=\"content-text__container \" style=\"text-align: justify;\" data-track-category=\"Link no Texto\" data-track-links=\"\">A popula\u00e7\u00e3o pode ajudar a pol\u00edcia com pistas ou informa\u00e7\u00f5es \u00fateis ligando de maneira an\u00f4nima no n\u00famero 181. Os moradores tamb\u00e9m podem entrar em contato com a PM atrav\u00e9s do 190 e com a Pol\u00edcia Civil, pelo 197.<\/p>\n<p style=\"text-align: justify;\" data-track-category=\"Link no Texto\" data-track-links=\"\">Fonte: G1<\/p>\n<\/div>\n<\/div>\n<\/div>\n<\/div>\n<\/div>\n<\/div>\n<\/div>\n","protected":false},"excerpt":{"rendered":"<p>Segundo a fam\u00edlia, Emanuelle brincava no parquinho quando desapareceu, por volta das 17h de sexta-feira (10). Caso mobilizou pol\u00edcia, volunt\u00e1rios e moradores da cidade. Uma c\u00e2mera de seguran\u00e7a mostra Emanuelle Pestana de Castro, de 8 anos, sentada em um banco da\u00a0pra\u00e7a onde desapareceu, no fim da tarde de sexta-feira (10), em Chavantes (SP). C\u00e2mera de [&hellip;]<\/p>\n","protected":false},"author":1,"featured_media":16138,"comment_status":"closed","ping_status":"open","sticky":false,"template":"","format":"standard","meta":{"footnotes":""},"categories":[110,2],"tags":[],"class_list":["post-16133","post","type-post","status-publish","format-standard","has-post-thumbnail","hentry","category-noticiasdestaque","category-policial"],"_links":{"self":[{"href":"https:\/\/jorgezanoni.com.br\/2019\/wp-json\/wp\/v2\/posts\/16133","targetHints":{"allow":["GET"]}}],"collection":[{"href":"https:\/\/jorgezanoni.com.br\/2019\/wp-json\/wp\/v2\/posts"}],"about":[{"href":"https:\/\/jorgezanoni.com.br\/2019\/wp-json\/wp\/v2\/types\/post"}],"author":[{"embeddable":true,"href":"https:\/\/jorgezanoni.com.br\/2019\/wp-json\/wp\/v2\/users\/1"}],"replies":[{"embeddable":true,"href":"https:\/\/jorgezanoni.com.br\/2019\/wp-json\/wp\/v2\/comments?post=16133"}],"version-history":[{"count":0,"href":"https:\/\/jorgezanoni.com.br\/2019\/wp-json\/wp\/v2\/posts\/16133\/revisions"}],"wp:featuredmedia":[{"embeddable":true,"href":"https:\/\/jorgezanoni.com.br\/2019\/wp-json\/wp\/v2\/media\/16138"}],"wp:attachment":[{"href":"https:\/\/jorgezanoni.com.br\/2019\/wp-json\/wp\/v2\/media?parent=16133"}],"wp:term":[{"taxonomy":"category","embeddable":true,"href":"https:\/\/jorgezanoni.com.br\/2019\/wp-json\/wp\/v2\/categories?post=16133"},{"taxonomy":"post_tag","embeddable":true,"href":"https:\/\/jorgezanoni.com.br\/2019\/wp-json\/wp\/v2\/tags?post=16133"}],"curies":[{"name":"wp","href":"https:\/\/api.w.org\/{rel}","templated":true}]}}