{"id":16127,"date":"2020-01-12T18:21:32","date_gmt":"2020-01-12T18:21:32","guid":{"rendered":"https:\/\/jorgezanoni.com.br\/2019\/?p=16127"},"modified":"2020-01-12T18:21:32","modified_gmt":"2020-01-12T18:21:32","slug":"reclamacao-da-populacao-buracos-em-rua-podem-causar-acidentes-na-vila-barros","status":"publish","type":"post","link":"https:\/\/jorgezanoni.com.br\/2019\/reclamacao-da-populacao-buracos-em-rua-podem-causar-acidentes-na-vila-barros\/","title":{"rendered":"Reclama\u00e7\u00e3o da Popula\u00e7\u00e3o: Buracos em rua podem causar acidentes na Vila Barros"},"content":{"rendered":"<p style=\"text-align: justify;\">Moradores da rua Ana Neri pr\u00f3ximo da esquina com a avenida Rua Barbosa enviam imagens de buracos enormes e dizem que j\u00e1 teve situa\u00e7\u00f5es que quase aconteceu acidentes.<\/p>\n<p style=\"text-align: justify;\">Carros em alta velocidade nem sempre conseguem desviar e quando desviam acabam subindo na cal\u00e7ada onde sempre tem pessoas. Um cadeirante tamb\u00e9m est\u00e1 sofrendo com a situa\u00e7\u00e3o.<\/p>\n<p style=\"text-align: justify;\">Pedem que os respons\u00e1veis pelo tapa-buracos deem uma passada pelo local e resolvam o problema com urg\u00eancia.<\/p>\n<p><img loading=\"lazy\" decoding=\"async\" class=\"alignnone size-full wp-image-16128\" src=\"https:\/\/jorgezanoni.com.br\/2019\/wp-content\/uploads\/2020\/01\/ana.jpg\" alt=\"\" width=\"480\" height=\"641\" srcset=\"https:\/\/jorgezanoni.com.br\/2019\/wp-content\/uploads\/2020\/01\/ana.jpg 480w, https:\/\/jorgezanoni.com.br\/2019\/wp-content\/uploads\/2020\/01\/ana-225x300.jpg 225w, https:\/\/jorgezanoni.com.br\/2019\/wp-content\/uploads\/2020\/01\/ana-315x420.jpg 315w\" sizes=\"auto, (max-width: 480px) 100vw, 480px\" \/> <img loading=\"lazy\" decoding=\"async\" class=\"alignnone size-full wp-image-16129\" src=\"https:\/\/jorgezanoni.com.br\/2019\/wp-content\/uploads\/2020\/01\/ana1.jpg\" alt=\"\" width=\"480\" height=\"641\" srcset=\"https:\/\/jorgezanoni.com.br\/2019\/wp-content\/uploads\/2020\/01\/ana1.jpg 480w, https:\/\/jorgezanoni.com.br\/2019\/wp-content\/uploads\/2020\/01\/ana1-225x300.jpg 225w, https:\/\/jorgezanoni.com.br\/2019\/wp-content\/uploads\/2020\/01\/ana1-315x420.jpg 315w\" sizes=\"auto, (max-width: 480px) 100vw, 480px\" \/> <img loading=\"lazy\" decoding=\"async\" class=\"alignnone size-full wp-image-16130\" src=\"https:\/\/jorgezanoni.com.br\/2019\/wp-content\/uploads\/2020\/01\/ana2.jpg\" alt=\"\" width=\"480\" height=\"641\" srcset=\"https:\/\/jorgezanoni.com.br\/2019\/wp-content\/uploads\/2020\/01\/ana2.jpg 480w, https:\/\/jorgezanoni.com.br\/2019\/wp-content\/uploads\/2020\/01\/ana2-225x300.jpg 225w, https:\/\/jorgezanoni.com.br\/2019\/wp-content\/uploads\/2020\/01\/ana2-315x420.jpg 315w\" sizes=\"auto, (max-width: 480px) 100vw, 480px\" \/><\/p>\n<p style=\"text-align: justify;\">Jorge Zanoni<\/p>\n<p style=\"text-align: justify;\">Foto de Internauta<\/p>\n<div class=\"clearfix _o46 _3erg _29_7 direction_ltr text_align_ltr\">\n<div id=\"js_na\" class=\"_3058 _ui9 _hh7 _6ybn _s1- _52mr _3oh-\" data-tooltip-content=\"S\u00e1bado 12:38\" data-hover=\"tooltip\" data-tooltip-position=\"left\">\n<div class=\"_aok\" tabindex=\"0\" aria-label=\"ontem um carro quase subiu na cal\u00e7ada por est\u00e1 em alta velocidade na hora que passou no burrada e tinha pessoas na cal\u00e7ada\"><\/div>\n<\/div>\n<\/div>\n","protected":false},"excerpt":{"rendered":"<p>Moradores da rua Ana Neri pr\u00f3ximo da esquina com a avenida Rua Barbosa enviam imagens de buracos enormes e dizem que j\u00e1 teve situa\u00e7\u00f5es que quase aconteceu acidentes. Carros em alta velocidade nem sempre conseguem desviar e quando desviam acabam subindo na cal\u00e7ada onde sempre tem pessoas. Um cadeirante tamb\u00e9m est\u00e1 sofrendo com a situa\u00e7\u00e3o. [&hellip;]<\/p>\n","protected":false},"author":1,"featured_media":16131,"comment_status":"closed","ping_status":"open","sticky":false,"template":"","format":"standard","meta":{"footnotes":""},"categories":[179,184,110],"tags":[],"class_list":["post-16127","post","type-post","status-publish","format-standard","has-post-thumbnail","hentry","category-cidadeseregiao","category-dracena","category-noticiasdestaque"],"_links":{"self":[{"href":"https:\/\/jorgezanoni.com.br\/2019\/wp-json\/wp\/v2\/posts\/16127","targetHints":{"allow":["GET"]}}],"collection":[{"href":"https:\/\/jorgezanoni.com.br\/2019\/wp-json\/wp\/v2\/posts"}],"about":[{"href":"https:\/\/jorgezanoni.com.br\/2019\/wp-json\/wp\/v2\/types\/post"}],"author":[{"embeddable":true,"href":"https:\/\/jorgezanoni.com.br\/2019\/wp-json\/wp\/v2\/users\/1"}],"replies":[{"embeddable":true,"href":"https:\/\/jorgezanoni.com.br\/2019\/wp-json\/wp\/v2\/comments?post=16127"}],"version-history":[{"count":0,"href":"https:\/\/jorgezanoni.com.br\/2019\/wp-json\/wp\/v2\/posts\/16127\/revisions"}],"wp:featuredmedia":[{"embeddable":true,"href":"https:\/\/jorgezanoni.com.br\/2019\/wp-json\/wp\/v2\/media\/16131"}],"wp:attachment":[{"href":"https:\/\/jorgezanoni.com.br\/2019\/wp-json\/wp\/v2\/media?parent=16127"}],"wp:term":[{"taxonomy":"category","embeddable":true,"href":"https:\/\/jorgezanoni.com.br\/2019\/wp-json\/wp\/v2\/categories?post=16127"},{"taxonomy":"post_tag","embeddable":true,"href":"https:\/\/jorgezanoni.com.br\/2019\/wp-json\/wp\/v2\/tags?post=16127"}],"curies":[{"name":"wp","href":"https:\/\/api.w.org\/{rel}","templated":true}]}}