{"id":16119,"date":"2020-01-12T15:05:10","date_gmt":"2020-01-12T15:05:10","guid":{"rendered":"https:\/\/jorgezanoni.com.br\/2019\/?p=16119"},"modified":"2020-01-12T15:05:10","modified_gmt":"2020-01-12T15:05:10","slug":"orquestra-de-dracena-no-programa-viola-minha-viola","status":"publish","type":"post","link":"https:\/\/jorgezanoni.com.br\/2019\/orquestra-de-dracena-no-programa-viola-minha-viola\/","title":{"rendered":"Orquestra de Dracena no Programa Viola Minha Viola"},"content":{"rendered":"<p><iframe loading=\"lazy\" title=\"ORQUESTRA DE DRACENA NO PROGRAMA VIOLA MINHA VIOLA DA TV CULTURA\" width=\"696\" height=\"522\" src=\"https:\/\/www.youtube.com\/embed\/rN89sp8nef4?feature=oembed\" frameborder=\"0\" allow=\"accelerometer; autoplay; encrypted-media; gyroscope; picture-in-picture\" allowfullscreen><\/iframe><\/p>\n<p style=\"text-align: justify;\">No v\u00eddeo vemos a apresenta\u00e7\u00e3o da Orquestra de Violeiros Luar do Sert\u00e3o de Dracena, no tradicional programa Viola Minha Viola, apresentado na TV Cultura por Inezita Barroso. Este programa foi ao ar nos in\u00edcios dos anos 90, provavelmente em 1992. (Diego Fabrro)<\/p>\n","protected":false},"excerpt":{"rendered":"<p>No v\u00eddeo vemos a apresenta\u00e7\u00e3o da Orquestra de Violeiros Luar do Sert\u00e3o de Dracena, no tradicional programa Viola Minha Viola, apresentado na TV Cultura por Inezita Barroso. Este programa foi ao ar nos in\u00edcios dos anos 90, provavelmente em 1992. (Diego Fabrro)<\/p>\n","protected":false},"author":1,"featured_media":16120,"comment_status":"closed","ping_status":"open","sticky":false,"template":"","format":"video","meta":{"footnotes":""},"categories":[169],"tags":[],"class_list":["post-16119","post","type-post","status-publish","format-video","has-post-thumbnail","hentry","category-videos","post_format-post-format-video"],"_links":{"self":[{"href":"https:\/\/jorgezanoni.com.br\/2019\/wp-json\/wp\/v2\/posts\/16119","targetHints":{"allow":["GET"]}}],"collection":[{"href":"https:\/\/jorgezanoni.com.br\/2019\/wp-json\/wp\/v2\/posts"}],"about":[{"href":"https:\/\/jorgezanoni.com.br\/2019\/wp-json\/wp\/v2\/types\/post"}],"author":[{"embeddable":true,"href":"https:\/\/jorgezanoni.com.br\/2019\/wp-json\/wp\/v2\/users\/1"}],"replies":[{"embeddable":true,"href":"https:\/\/jorgezanoni.com.br\/2019\/wp-json\/wp\/v2\/comments?post=16119"}],"version-history":[{"count":0,"href":"https:\/\/jorgezanoni.com.br\/2019\/wp-json\/wp\/v2\/posts\/16119\/revisions"}],"wp:featuredmedia":[{"embeddable":true,"href":"https:\/\/jorgezanoni.com.br\/2019\/wp-json\/wp\/v2\/media\/16120"}],"wp:attachment":[{"href":"https:\/\/jorgezanoni.com.br\/2019\/wp-json\/wp\/v2\/media?parent=16119"}],"wp:term":[{"taxonomy":"category","embeddable":true,"href":"https:\/\/jorgezanoni.com.br\/2019\/wp-json\/wp\/v2\/categories?post=16119"},{"taxonomy":"post_tag","embeddable":true,"href":"https:\/\/jorgezanoni.com.br\/2019\/wp-json\/wp\/v2\/tags?post=16119"}],"curies":[{"name":"wp","href":"https:\/\/api.w.org\/{rel}","templated":true}]}}