{"id":16072,"date":"2020-01-11T22:52:50","date_gmt":"2020-01-11T22:52:50","guid":{"rendered":"https:\/\/jorgezanoni.com.br\/2019\/?p=16072"},"modified":"2020-01-11T22:52:50","modified_gmt":"2020-01-11T22:52:50","slug":"acidente-entre-carro-e-moto-na-regiao-central-de-dracena","status":"publish","type":"post","link":"https:\/\/jorgezanoni.com.br\/2019\/acidente-entre-carro-e-moto-na-regiao-central-de-dracena\/","title":{"rendered":"Acidente entre carro e moto na regi\u00e3o central de Dracena"},"content":{"rendered":"<p style=\"text-align: justify;\">Nesta sexta-feira (10) por volta de 16:10 Horas, a Pol\u00edcia Militar registrou um acidente entre Motocicleta e Ve\u00edculo.<\/p>\n<p style=\"text-align: justify;\">O fato aconteceu na esquina da avenida Presidente Roosevelt com a rua Brasil. Segundo informa\u00e7\u00f5es o condutor da motocicleta foi socorrido ao Pronto Atendimento Municipal pela Unidade de Resgate do Corpo de Bombeiros.<\/p>\n<p style=\"text-align: justify;\">A Pol\u00edcia T\u00e9cnica compareceu ao local para realizar levantamentos que ir\u00e3o apontar as reais causas do acidente.<\/p>\n<p><img loading=\"lazy\" decoding=\"async\" class=\"alignnone size-full wp-image-16074\" src=\"https:\/\/jorgezanoni.com.br\/2019\/wp-content\/uploads\/2020\/01\/acid1-2.jpg\" alt=\"\" width=\"273\" height=\"254\" \/> <img loading=\"lazy\" decoding=\"async\" class=\"alignnone size-full wp-image-16075\" src=\"https:\/\/jorgezanoni.com.br\/2019\/wp-content\/uploads\/2020\/01\/acid2-2.jpg\" alt=\"\" width=\"272\" height=\"189\" srcset=\"https:\/\/jorgezanoni.com.br\/2019\/wp-content\/uploads\/2020\/01\/acid2-2.jpg 272w, https:\/\/jorgezanoni.com.br\/2019\/wp-content\/uploads\/2020\/01\/acid2-2-100x70.jpg 100w, https:\/\/jorgezanoni.com.br\/2019\/wp-content\/uploads\/2020\/01\/acid2-2-218x150.jpg 218w\" sizes=\"auto, (max-width: 272px) 100vw, 272px\" \/> <img loading=\"lazy\" decoding=\"async\" class=\"alignnone size-full wp-image-16076\" src=\"https:\/\/jorgezanoni.com.br\/2019\/wp-content\/uploads\/2020\/01\/acid3-2.jpg\" alt=\"\" width=\"271\" height=\"204\" srcset=\"https:\/\/jorgezanoni.com.br\/2019\/wp-content\/uploads\/2020\/01\/acid3-2.jpg 271w, https:\/\/jorgezanoni.com.br\/2019\/wp-content\/uploads\/2020\/01\/acid3-2-80x60.jpg 80w, https:\/\/jorgezanoni.com.br\/2019\/wp-content\/uploads\/2020\/01\/acid3-2-265x198.jpg 265w\" sizes=\"auto, (max-width: 271px) 100vw, 271px\" \/><\/p>\n<p style=\"text-align: justify;\">Jorge Zanoni<\/p>\n<p style=\"text-align: justify;\">Fotos de Internauta<\/p>\n<p style=\"text-align: justify;\">\n","protected":false},"excerpt":{"rendered":"<p>Nesta sexta-feira (10) por volta de 16:10 Horas, a Pol\u00edcia Militar registrou um acidente entre Motocicleta e Ve\u00edculo. O fato aconteceu na esquina da avenida Presidente Roosevelt com a rua Brasil. Segundo informa\u00e7\u00f5es o condutor da motocicleta foi socorrido ao Pronto Atendimento Municipal pela Unidade de Resgate do Corpo de Bombeiros. A Pol\u00edcia T\u00e9cnica compareceu [&hellip;]<\/p>\n","protected":false},"author":1,"featured_media":16077,"comment_status":"closed","ping_status":"open","sticky":false,"template":"","format":"standard","meta":{"footnotes":""},"categories":[170,110],"tags":[],"class_list":["post-16072","post","type-post","status-publish","format-standard","has-post-thumbnail","hentry","category-acidentes","category-noticiasdestaque"],"_links":{"self":[{"href":"https:\/\/jorgezanoni.com.br\/2019\/wp-json\/wp\/v2\/posts\/16072","targetHints":{"allow":["GET"]}}],"collection":[{"href":"https:\/\/jorgezanoni.com.br\/2019\/wp-json\/wp\/v2\/posts"}],"about":[{"href":"https:\/\/jorgezanoni.com.br\/2019\/wp-json\/wp\/v2\/types\/post"}],"author":[{"embeddable":true,"href":"https:\/\/jorgezanoni.com.br\/2019\/wp-json\/wp\/v2\/users\/1"}],"replies":[{"embeddable":true,"href":"https:\/\/jorgezanoni.com.br\/2019\/wp-json\/wp\/v2\/comments?post=16072"}],"version-history":[{"count":0,"href":"https:\/\/jorgezanoni.com.br\/2019\/wp-json\/wp\/v2\/posts\/16072\/revisions"}],"wp:featuredmedia":[{"embeddable":true,"href":"https:\/\/jorgezanoni.com.br\/2019\/wp-json\/wp\/v2\/media\/16077"}],"wp:attachment":[{"href":"https:\/\/jorgezanoni.com.br\/2019\/wp-json\/wp\/v2\/media?parent=16072"}],"wp:term":[{"taxonomy":"category","embeddable":true,"href":"https:\/\/jorgezanoni.com.br\/2019\/wp-json\/wp\/v2\/categories?post=16072"},{"taxonomy":"post_tag","embeddable":true,"href":"https:\/\/jorgezanoni.com.br\/2019\/wp-json\/wp\/v2\/tags?post=16072"}],"curies":[{"name":"wp","href":"https:\/\/api.w.org\/{rel}","templated":true}]}}