{"id":16051,"date":"2020-01-11T18:35:03","date_gmt":"2020-01-11T18:35:03","guid":{"rendered":"https:\/\/jorgezanoni.com.br\/2019\/?p=16051"},"modified":"2020-01-11T18:35:03","modified_gmt":"2020-01-11T18:35:03","slug":"idoso-e-espancado-e-tem-a-camionete-queimada-por-assaltantes","status":"publish","type":"post","link":"https:\/\/jorgezanoni.com.br\/2019\/idoso-e-espancado-e-tem-a-camionete-queimada-por-assaltantes\/","title":{"rendered":"Idoso \u00e9 espancado e tem a camionete queimada por assaltantes"},"content":{"rendered":"<p style=\"text-align: justify;\">A DIG \u2013 Delegacia de Investiga\u00e7\u00f5es Gerais da Pol\u00edcia Civil de Andradina (SP), tenta identificar quem seria a dupla de bandidos que durante um assalto na noite de ter\u00e7a-feira (7), em que a v\u00edtima um idoso de 66 anos, foi espancada e teve sua caminhonete VW Amarok ano 2012 incendiada.<\/p>\n<p style=\"text-align: justify;\">A reportagem apurou que o assalto ocorreu quando a v\u00edtima adentrava seu sitio, no Bairro Primavera, quando ao abrir a porteira foi surpreendido pelos criminosos. Que pegaram sua carteira, que mantinha R$ 880 em dinheiro e os documentos pessoais. O segundo comparsa de crime apareceu e incendiou o carro.<\/p>\n<p style=\"text-align: justify;\">A v\u00edtima foi agredida e chegou a desmaiar, quando acordou o ve\u00edculo j\u00e1 estava destru\u00eddo. Ele foi atendido na UPA \u2013 Unidade de Pronto Atendimento.<\/p>\n<p style=\"text-align: justify;\">Fonte: Paparazzi News<\/p>\n","protected":false},"excerpt":{"rendered":"<p>A DIG \u2013 Delegacia de Investiga\u00e7\u00f5es Gerais da Pol\u00edcia Civil de Andradina (SP), tenta identificar quem seria a dupla de bandidos que durante um assalto na noite de ter\u00e7a-feira (7), em que a v\u00edtima um idoso de 66 anos, foi espancada e teve sua caminhonete VW Amarok ano 2012 incendiada. A reportagem apurou que o [&hellip;]<\/p>\n","protected":false},"author":1,"featured_media":16052,"comment_status":"closed","ping_status":"open","sticky":false,"template":"","format":"standard","meta":{"footnotes":""},"categories":[110,2],"tags":[],"class_list":["post-16051","post","type-post","status-publish","format-standard","has-post-thumbnail","hentry","category-noticiasdestaque","category-policial"],"_links":{"self":[{"href":"https:\/\/jorgezanoni.com.br\/2019\/wp-json\/wp\/v2\/posts\/16051","targetHints":{"allow":["GET"]}}],"collection":[{"href":"https:\/\/jorgezanoni.com.br\/2019\/wp-json\/wp\/v2\/posts"}],"about":[{"href":"https:\/\/jorgezanoni.com.br\/2019\/wp-json\/wp\/v2\/types\/post"}],"author":[{"embeddable":true,"href":"https:\/\/jorgezanoni.com.br\/2019\/wp-json\/wp\/v2\/users\/1"}],"replies":[{"embeddable":true,"href":"https:\/\/jorgezanoni.com.br\/2019\/wp-json\/wp\/v2\/comments?post=16051"}],"version-history":[{"count":0,"href":"https:\/\/jorgezanoni.com.br\/2019\/wp-json\/wp\/v2\/posts\/16051\/revisions"}],"wp:featuredmedia":[{"embeddable":true,"href":"https:\/\/jorgezanoni.com.br\/2019\/wp-json\/wp\/v2\/media\/16052"}],"wp:attachment":[{"href":"https:\/\/jorgezanoni.com.br\/2019\/wp-json\/wp\/v2\/media?parent=16051"}],"wp:term":[{"taxonomy":"category","embeddable":true,"href":"https:\/\/jorgezanoni.com.br\/2019\/wp-json\/wp\/v2\/categories?post=16051"},{"taxonomy":"post_tag","embeddable":true,"href":"https:\/\/jorgezanoni.com.br\/2019\/wp-json\/wp\/v2\/tags?post=16051"}],"curies":[{"name":"wp","href":"https:\/\/api.w.org\/{rel}","templated":true}]}}