{"id":16047,"date":"2020-01-11T18:24:42","date_gmt":"2020-01-11T18:24:42","guid":{"rendered":"https:\/\/jorgezanoni.com.br\/2019\/?p=16047"},"modified":"2020-01-11T18:24:42","modified_gmt":"2020-01-11T18:24:42","slug":"van-vai-parar-em-meio-a-vegetacao-proximo-ao-trevo-da-unifai-em-adamantina","status":"publish","type":"post","link":"https:\/\/jorgezanoni.com.br\/2019\/van-vai-parar-em-meio-a-vegetacao-proximo-ao-trevo-da-unifai-em-adamantina\/","title":{"rendered":"Van vai parar em meio a vegeta\u00e7\u00e3o pr\u00f3ximo ao trevo da UniFAI em Adamantina"},"content":{"rendered":"<p style=\"text-align: justify;\"><strong>Uma van foi parar em meio a vegeta\u00e7\u00e3o por volta das 16h30 desta sexta-feira (10) na Rodovia Comandante Jo\u00e3o Ribeiro de Barros (SP-294) em Adamantina.<\/strong><\/p>\n<p style=\"text-align: justify;\"><img loading=\"lazy\" decoding=\"async\" class=\"alignnone size-full wp-image-16049\" src=\"https:\/\/jorgezanoni.com.br\/2019\/wp-content\/uploads\/2020\/01\/van2.jpg\" alt=\"\" width=\"870\" height=\"522\" srcset=\"https:\/\/jorgezanoni.com.br\/2019\/wp-content\/uploads\/2020\/01\/van2.jpg 870w, https:\/\/jorgezanoni.com.br\/2019\/wp-content\/uploads\/2020\/01\/van2-300x180.jpg 300w, https:\/\/jorgezanoni.com.br\/2019\/wp-content\/uploads\/2020\/01\/van2-768x461.jpg 768w, https:\/\/jorgezanoni.com.br\/2019\/wp-content\/uploads\/2020\/01\/van2-696x418.jpg 696w, https:\/\/jorgezanoni.com.br\/2019\/wp-content\/uploads\/2020\/01\/van2-700x420.jpg 700w\" sizes=\"auto, (max-width: 870px) 100vw, 870px\" \/><\/p>\n<p>O acidente ocorreu nas proximidades do trevo da UniFAI quando o condutor seguia no sentido Adamantina\/Fl\u00f3rida Paulista.<br \/>\nEle invadiu o leito carro\u00e7\u00e1vel e s\u00f3 parou ap\u00f3s atingir uma placa, arbustos e p\u00e9s de banana plantados no local.<\/p>\n<p>De acordo com a Pol\u00edcia Militar Rodovi\u00e1ria, ainda n\u00e3o se sabe o que teria ocasionado o acidente.<\/p>\n<p>O motorista n\u00e3o sofreu ferimentos. Tamb\u00e9m n\u00e3o foi informado se a van estava carregada no momento do acidente.<\/p>\n<p style=\"text-align: justify;\"><em>Foto: Celso Rodrigues \/ adamantinanet.com.br<\/em><\/p>\n","protected":false},"excerpt":{"rendered":"<p>Uma van foi parar em meio a vegeta\u00e7\u00e3o por volta das 16h30 desta sexta-feira (10) na Rodovia Comandante Jo\u00e3o Ribeiro de Barros (SP-294) em Adamantina. O acidente ocorreu nas proximidades do trevo da UniFAI quando o condutor seguia no sentido Adamantina\/Fl\u00f3rida Paulista. Ele invadiu o leito carro\u00e7\u00e1vel e s\u00f3 parou ap\u00f3s atingir uma placa, arbustos [&hellip;]<\/p>\n","protected":false},"author":1,"featured_media":16048,"comment_status":"closed","ping_status":"open","sticky":false,"template":"","format":"standard","meta":{"footnotes":""},"categories":[170,110],"tags":[],"class_list":["post-16047","post","type-post","status-publish","format-standard","has-post-thumbnail","hentry","category-acidentes","category-noticiasdestaque"],"_links":{"self":[{"href":"https:\/\/jorgezanoni.com.br\/2019\/wp-json\/wp\/v2\/posts\/16047","targetHints":{"allow":["GET"]}}],"collection":[{"href":"https:\/\/jorgezanoni.com.br\/2019\/wp-json\/wp\/v2\/posts"}],"about":[{"href":"https:\/\/jorgezanoni.com.br\/2019\/wp-json\/wp\/v2\/types\/post"}],"author":[{"embeddable":true,"href":"https:\/\/jorgezanoni.com.br\/2019\/wp-json\/wp\/v2\/users\/1"}],"replies":[{"embeddable":true,"href":"https:\/\/jorgezanoni.com.br\/2019\/wp-json\/wp\/v2\/comments?post=16047"}],"version-history":[{"count":0,"href":"https:\/\/jorgezanoni.com.br\/2019\/wp-json\/wp\/v2\/posts\/16047\/revisions"}],"wp:featuredmedia":[{"embeddable":true,"href":"https:\/\/jorgezanoni.com.br\/2019\/wp-json\/wp\/v2\/media\/16048"}],"wp:attachment":[{"href":"https:\/\/jorgezanoni.com.br\/2019\/wp-json\/wp\/v2\/media?parent=16047"}],"wp:term":[{"taxonomy":"category","embeddable":true,"href":"https:\/\/jorgezanoni.com.br\/2019\/wp-json\/wp\/v2\/categories?post=16047"},{"taxonomy":"post_tag","embeddable":true,"href":"https:\/\/jorgezanoni.com.br\/2019\/wp-json\/wp\/v2\/tags?post=16047"}],"curies":[{"name":"wp","href":"https:\/\/api.w.org\/{rel}","templated":true}]}}