{"id":16015,"date":"2020-01-11T01:07:57","date_gmt":"2020-01-11T01:07:57","guid":{"rendered":"https:\/\/jorgezanoni.com.br\/2019\/?p=16015"},"modified":"2020-01-11T01:07:57","modified_gmt":"2020-01-11T01:07:57","slug":"cb-pm-abreu-da-4a-cia-pm-e-eleito-policial-proerd-do-cpi-8-do-mes-de-dezembro-de-2019","status":"publish","type":"post","link":"https:\/\/jorgezanoni.com.br\/2019\/cb-pm-abreu-da-4a-cia-pm-e-eleito-policial-proerd-do-cpi-8-do-mes-de-dezembro-de-2019\/","title":{"rendered":"Cb PM Abreu da 4\u00aa Cia PM \u00e9 eleito Policial Proerd do CPI-8 do m\u00eas de dezembro de 2019."},"content":{"rendered":"<p style=\"text-align: justify;\"><strong>25\u00ba Batalh\u00e3o de Pol\u00edcia Militar do Interior &#8211; PM do m\u00eas PROERD dezembro\/2019<\/strong><\/p>\n<p style=\"text-align: justify;\"><strong>Hist\u00f3rico: <\/strong>O homenageado desempenha a fun\u00e7\u00e3o de Instrutor do PROERD (Programa Educacional de Resist\u00eancia \u00e0s Drogas e a Viol\u00eancia) na \u00e1rea desta Subunidade. Foi eleito PM do M\u00eas em reconhecimento ao excelente trabalho desempenhado no cumprimento de suas miss\u00f5es. Atuou com extremo profissionalismo na instru\u00e7\u00e3o dos alunos, ministrou aulas em sete munic\u00edpios, empenhando-se ao iniciar o PROERD KIDS na \u00e1rea desta CIA\/PM \u00a0\u00e0 alunos do 1\u00ba ano (crian\u00e7as de seis a sete anos) em tr\u00eas munic\u00edpios, ministrou aulas PROERD aos alunos do 7\u00ba ano, sendo, (adolescentes de 12 a 13 anos de idade) em dois munic\u00edpios, deu seguimento as aulas no 5\u00ba ano (crian\u00e7as de nove a dez anos de idade) do ensino fundamental, totalizando a quantidade de 1.218 (um mil duzentos e dezoito) alunos que tiveram contato com os princ\u00edpios ensinados no PROERD, onde prima pelo impedimento de qualquer tipo de contato dos alunos com as Drogas, implantando assim na sociedade bons pensamentos e boas a\u00e7\u00f5es que ser\u00e3o colhidas com futuros cidad\u00e3os que est\u00e3o sendo formados com o aux\u00edlio da Base de Princ\u00edpios \u00e9ticos transmitidos pela Pol\u00edcia Militar, atrav\u00e9s do Brilhantismo do Programa PROERD. Cita-se que coordenou 03 (tr\u00eas) visitas ao Comando de Policiamento do Interior 8 \u2013 CPI-8 \u00e0 aproximadamente 132 (cento e trinta e dois) alunos da rede de ensino e professores, promovendo o contato das crian\u00e7as e adolescentes com v\u00e1rias modalidades de policiamento da Pol\u00edcia Militar do Estado de S\u00e3o Paulo, fixando a excelente imagem da Institui\u00e7\u00e3o aos visitantes. Auxiliando tamb\u00e9m na demanda de escoltas policiais, o profissional em tela vem sendo alvo de v\u00e1rios elogios da sociedade, cabe citar o Requerimento n\u00ba101\/2019 da C\u00e2mara Municipal de Tupi Paulista\/SP onde recebeu votos de congratula\u00e7\u00f5es e aplausos pelo bel\u00edssimo trabalho realizado em comemora\u00e7\u00e3o a Semana do Tr\u00e2nsito, com a simula\u00e7\u00e3o de um acidente de tr\u00e2nsito, palestras, abordagens de tr\u00e2nsito educativas, conscientizando e orientando crian\u00e7as e adolescentes, e a sociedade quanto a import\u00e2ncia de adotar todas as medidas de seguran\u00e7a dispon\u00edveis, desta forma preservando a integridade f\u00edsica de si e de outrem. Finalizou o ano letivo com a realiza\u00e7\u00e3o das Formaturas do PROERD com a presen\u00e7a de autoridades do munic\u00edpio, professores e familiares, onde realizou diversas apresenta\u00e7\u00f5es art\u00edsticas e culturais com a participa\u00e7\u00e3o dos formandos, inovando com teatros e m\u00fasicas ao vivo, entoadas e tocadas pelo instrutor. Tamb\u00e9m ministrou 18 (dezoito) palestras aos alunos do ensino fundamental e m\u00e9dio, com a participa\u00e7\u00e3o de pais e conselho tutelar. Extremamente dedicado \u00e0 causa p\u00fablica, o agraciado \u00e9 merecedor de tal homenagem com total compet\u00eancia em bem servir a popula\u00e7\u00e3o.<strong>\u00a0\u00a0\u00a0\u00a0\u00a0\u00a0 \u00a0\u00a0\u00a0\u00a0\u00a0\u00a0\u00a0\u00a0\u00a0\u00a0\u00a0\u00a0\u00a0\u00a0\u00a0\u00a0\u00a0\u00a0\u00a0\u00a0\u00a0\u00a0\u00a0\u00a0\u00a0\u00a0\u00a0\u00a0\u00a0\u00a0\u00a0\u00a0\u00a0\u00a0\u00a0\u00a0\u00a0\u00a0\u00a0\u00a0\u00a0\u00a0\u00a0\u00a0\u00a0\u00a0\u00a0\u00a0\u00a0\u00a0\u00a0\u00a0\u00a0\u00a0\u00a0\u00a0\u00a0\u00a0\u00a0\u00a0\u00a0\u00a0\u00a0\u00a0\u00a0\u00a0\u00a0\u00a0\u00a0\u00a0\u00a0\u00a0\u00a0\u00a0\u00a0\u00a0\u00a0\u00a0\u00a0\u00a0\u00a0\u00a0\u00a0\u00a0\u00a0\u00a0\u00a0\u00a0\u00a0\u00a0\u00a0\u00a0\u00a0\u00a0\u00a0\u00a0\u00a0\u00a0\u00a0\u00a0\u00a0\u00a0\u00a0\u00a0\u00a0\u00a0\u00a0\u00a0\u00a0\u00a0\u00a0\u00a0\u00a0\u00a0\u00a0\u00a0\u00a0\u00a0\u00a0\u00a0\u00a0\u00a0\u00a0\u00a0<\/strong><\/p>\n<p style=\"text-align: justify;\">\u00a0 \u00a0 \u00a0 \u00a0 \u00a0 \u00a0 \u00a0 \u00a0 \u00a0 \u00a0 \u00a0 \u00a0 \u00a0 \u00a0 \u00a0 \u00a0 \u00a0 \u00a0 \u00a0 \u00a0 \u00a0 \u00a0 \u00a0 \u00a0 \u00a0 \u00a0 \u00a0 \u00a0 \u00a0 \u00a0 \u00a0 \u00a0 \u00a0 \u00a0 \u00a0 \u00a0 \u00a0 \u00a0 \u00a0 \u00a0 \u00a0 Dracena, 06 de janeiro de 2020.<\/p>\n<p style=\"text-align: justify;\">\u00a0\u00a0\u00a0\u00a0\u00a0\u00a0\u00a0\u00a0\u00a0\u00a0\u00a0\u00a0\u00a0\u00a0 \u00a0\u00a0\u00a0\u00a0\u00a0\u00a0\u00a0\u00a0\u00a0\u00a0\u00a0\u00a0LUIS NELSON DISAR\u00d3<\/p>\n<p style=\"text-align: justify;\">\u00a0\u00a0\u00a0\u00a0\u00a0\u00a0\u00a0\u00a0\u00a0 \u00a0\u00a0\u00a0\u00a0\u00a0\u00a0\u00a0\u00a0\u00a0\u00a0\u00a0\u00a0\u00a0\u00a0\u00a0\u00a0\u00a0\u00a0\u00a0\u00a0\u00a0Maj PM Cmt Interino<\/p>\n","protected":false},"excerpt":{"rendered":"<p>25\u00ba Batalh\u00e3o de Pol\u00edcia Militar do Interior &#8211; PM do m\u00eas PROERD dezembro\/2019 Hist\u00f3rico: O homenageado desempenha a fun\u00e7\u00e3o de Instrutor do PROERD (Programa Educacional de Resist\u00eancia \u00e0s Drogas e a Viol\u00eancia) na \u00e1rea desta Subunidade. Foi eleito PM do M\u00eas em reconhecimento ao excelente trabalho desempenhado no cumprimento de suas miss\u00f5es. Atuou com extremo [&hellip;]<\/p>\n","protected":false},"author":1,"featured_media":16016,"comment_status":"closed","ping_status":"open","sticky":false,"template":"","format":"standard","meta":{"footnotes":""},"categories":[2],"tags":[],"class_list":["post-16015","post","type-post","status-publish","format-standard","has-post-thumbnail","hentry","category-policial"],"_links":{"self":[{"href":"https:\/\/jorgezanoni.com.br\/2019\/wp-json\/wp\/v2\/posts\/16015","targetHints":{"allow":["GET"]}}],"collection":[{"href":"https:\/\/jorgezanoni.com.br\/2019\/wp-json\/wp\/v2\/posts"}],"about":[{"href":"https:\/\/jorgezanoni.com.br\/2019\/wp-json\/wp\/v2\/types\/post"}],"author":[{"embeddable":true,"href":"https:\/\/jorgezanoni.com.br\/2019\/wp-json\/wp\/v2\/users\/1"}],"replies":[{"embeddable":true,"href":"https:\/\/jorgezanoni.com.br\/2019\/wp-json\/wp\/v2\/comments?post=16015"}],"version-history":[{"count":0,"href":"https:\/\/jorgezanoni.com.br\/2019\/wp-json\/wp\/v2\/posts\/16015\/revisions"}],"wp:featuredmedia":[{"embeddable":true,"href":"https:\/\/jorgezanoni.com.br\/2019\/wp-json\/wp\/v2\/media\/16016"}],"wp:attachment":[{"href":"https:\/\/jorgezanoni.com.br\/2019\/wp-json\/wp\/v2\/media?parent=16015"}],"wp:term":[{"taxonomy":"category","embeddable":true,"href":"https:\/\/jorgezanoni.com.br\/2019\/wp-json\/wp\/v2\/categories?post=16015"},{"taxonomy":"post_tag","embeddable":true,"href":"https:\/\/jorgezanoni.com.br\/2019\/wp-json\/wp\/v2\/tags?post=16015"}],"curies":[{"name":"wp","href":"https:\/\/api.w.org\/{rel}","templated":true}]}}