{"id":16006,"date":"2020-01-10T23:22:31","date_gmt":"2020-01-10T23:22:31","guid":{"rendered":"https:\/\/jorgezanoni.com.br\/2019\/?p=16006"},"modified":"2020-01-10T23:22:31","modified_gmt":"2020-01-10T23:22:31","slug":"inscricoes-abertas-para-nova-turma-da-unati-2","status":"publish","type":"post","link":"https:\/\/jorgezanoni.com.br\/2019\/inscricoes-abertas-para-nova-turma-da-unati-2\/","title":{"rendered":"Inscri\u00e7\u00f5es abertas para nova turma da UNATI"},"content":{"rendered":"<p style=\"font-weight: 400; text-align: justify;\">O Campus de Dracena da Unesp,\u00a0 em parceria com a Funda\u00e7\u00e3o Dracenense de Educa\u00e7\u00e3o e Cultura (Fundec) e a Prefeitura Municipal, est\u00e1 com vagas abertas para a 13\u00aa turma da Universidade Aberta \u00e0 Terceira Idade (UNATI). O programa \u00e9 destinado a pessoas com mais de 60 anos, estimulando uma melhor qualidade de vida para a terceira idade.<\/p>\n<p style=\"font-weight: 400; text-align: justify;\">Segundo Daniela Mac\u00e1rio, uma das coordenadoras da UNATI, o programa oferece atividades art\u00edsticas, f\u00edsicas, intelectuais e recreativas. &#8220;Buscamos proporcionar aos alunos da melhor idade conhecimento, integra\u00e7\u00e3o, est\u00edmulo ao racioc\u00ednio, desinibi\u00e7\u00e3o, esp\u00edrito cooperativista, entre outros&#8221;, destacou a coordenadora. As atividades ser\u00e3o realizadas \u00e0s ter\u00e7as e quintas-feiras, das 14h \u00e0s 17h, nas depend\u00eancias da FUNDEC e UNESP, alternadamente.<\/p>\n<p style=\"font-weight: 400; text-align: justify;\">As inscri\u00e7\u00f5es para a 13\u00aa turma da UNATI est\u00e3o abertas e o in\u00edcio das atividades est\u00e1 previsto para 2020. Os alunos devem ter pelo menos 60 anos, independentemente do grau de escolaridade, e ter disponibilidade para frequentar as atividades. As inscri\u00e7\u00f5es devem ser feitas no Centro de Informa\u00e7\u00f5es da FUNDEC, localizado na Rua Bahia, 266.<\/p>\n<p style=\"font-weight: 400; text-align: justify;\">Informa\u00e7\u00f5es: (18) 3821-9004. No ato da inscri\u00e7\u00e3o, o interessado deve trazer xerox do RG, CPF e certid\u00e3o de nascimento ou casamento e um comprovante de resid\u00eancia. As vagas s\u00e3o limitadas.<\/p>\n<p style=\"font-weight: 400; text-align: justify;\">Carolina Colnago<\/p>\n<p style=\"font-weight: 400; text-align: justify;\">Assessora de Comunica\u00e7\u00e3o da Fundec &#8211; Jornalista<\/p>\n","protected":false},"excerpt":{"rendered":"<p>O Campus de Dracena da Unesp,\u00a0 em parceria com a Funda\u00e7\u00e3o Dracenense de Educa\u00e7\u00e3o e Cultura (Fundec) e a Prefeitura Municipal, est\u00e1 com vagas abertas para a 13\u00aa turma da Universidade Aberta \u00e0 Terceira Idade (UNATI). O programa \u00e9 destinado a pessoas com mais de 60 anos, estimulando uma melhor qualidade de vida para a [&hellip;]<\/p>\n","protected":false},"author":1,"featured_media":16007,"comment_status":"closed","ping_status":"open","sticky":false,"template":"","format":"standard","meta":{"footnotes":""},"categories":[122],"tags":[],"class_list":["post-16006","post","type-post","status-publish","format-standard","has-post-thumbnail","hentry","category-saudeeducacaoeconcurso"],"_links":{"self":[{"href":"https:\/\/jorgezanoni.com.br\/2019\/wp-json\/wp\/v2\/posts\/16006","targetHints":{"allow":["GET"]}}],"collection":[{"href":"https:\/\/jorgezanoni.com.br\/2019\/wp-json\/wp\/v2\/posts"}],"about":[{"href":"https:\/\/jorgezanoni.com.br\/2019\/wp-json\/wp\/v2\/types\/post"}],"author":[{"embeddable":true,"href":"https:\/\/jorgezanoni.com.br\/2019\/wp-json\/wp\/v2\/users\/1"}],"replies":[{"embeddable":true,"href":"https:\/\/jorgezanoni.com.br\/2019\/wp-json\/wp\/v2\/comments?post=16006"}],"version-history":[{"count":0,"href":"https:\/\/jorgezanoni.com.br\/2019\/wp-json\/wp\/v2\/posts\/16006\/revisions"}],"wp:featuredmedia":[{"embeddable":true,"href":"https:\/\/jorgezanoni.com.br\/2019\/wp-json\/wp\/v2\/media\/16007"}],"wp:attachment":[{"href":"https:\/\/jorgezanoni.com.br\/2019\/wp-json\/wp\/v2\/media?parent=16006"}],"wp:term":[{"taxonomy":"category","embeddable":true,"href":"https:\/\/jorgezanoni.com.br\/2019\/wp-json\/wp\/v2\/categories?post=16006"},{"taxonomy":"post_tag","embeddable":true,"href":"https:\/\/jorgezanoni.com.br\/2019\/wp-json\/wp\/v2\/tags?post=16006"}],"curies":[{"name":"wp","href":"https:\/\/api.w.org\/{rel}","templated":true}]}}