{"id":16000,"date":"2020-01-10T23:14:08","date_gmt":"2020-01-10T23:14:08","guid":{"rendered":"https:\/\/jorgezanoni.com.br\/2019\/?p=16000"},"modified":"2020-01-10T23:14:08","modified_gmt":"2020-01-10T23:14:08","slug":"prefeitura-de-dracena-faz-alerta-sobre-lixo-descartado-em-locais-inadequados","status":"publish","type":"post","link":"https:\/\/jorgezanoni.com.br\/2019\/prefeitura-de-dracena-faz-alerta-sobre-lixo-descartado-em-locais-inadequados\/","title":{"rendered":"Prefeitura de Dracena faz alerta sobre lixo descartado em locais inadequados"},"content":{"rendered":"<p style=\"text-align: justify;\">A Prefeitura de Dracena por meio da Secretaria de Agricultura, Meio Ambiente e Limpeza P\u00fablica, est\u00e1 recolhendo lixos que s\u00e3o descartados em lugares inadequados como a Rodovia Eng. Byron de Azevedo Nogueira sa\u00edda para o Distrito de Jamaica, entre outros pontos da cidade.<\/p>\n<p style=\"text-align: justify;\">O descarte de lixo em locais inadequados \u00e9 uma situa\u00e7\u00e3o constante na cidade, onde moradores jogam res\u00edduos s\u00f3lidos da constru\u00e7\u00e3o civil\u00a0(entulhos), eletrodom\u00e9sticos, m\u00f3veis velhos, colch\u00f5es, e at\u00e9 materiais perigosos como l\u00e2mpadas, materiais cortantes e rem\u00e9dios vencidos em lugares que n\u00e3o s\u00e3o destinados para esta finalidade.<\/p>\n<p style=\"text-align: justify;\">Segundo servidores da prefeitura, as pessoas v\u00e3o com carros, carro\u00e7as ou carriolas e fazem o descarte dos materiais em local inadequado e proibido, al\u00e9m de trazer riscos para a sa\u00fade da popula\u00e7\u00e3o e para o meio ambiente, este tipo de lixo causa enormes transtornos para a comunidade.<\/p>\n<p style=\"text-align: justify;\">O recolhimento vai continuar at\u00e9 quando for necess\u00e1rio, mas \u00e9 preciso que a popula\u00e7\u00e3o tamb\u00e9m fa\u00e7a a sua parte, n\u00e3o jogando lixo a c\u00e9u aberto, colocando detritos para coleta nos dias em que passa o caminh\u00e3o, conscientizando outras pessoas e, se poss\u00edvel, denunciando abusos.<\/p>\n<p style=\"text-align: justify;\">Fa\u00e7a sua den\u00fancia por telefone ou via site oficial da prefeitura no canal da Ouvidoria.<\/p>\n<p style=\"text-align: justify;\">Telefone: (18) 3821-8000 \/ (18) 3821-6337 ou pelo site\u00a0<a href=\"http:\/\/www.dracena.sp.gov.br\/\" target=\"_blank\" rel=\"noopener noreferrer\">www.dracena.sp.gov.br<\/a>\u00a0e clique na aba da Ouvidoria.<\/p>\n<p><img loading=\"lazy\" decoding=\"async\" class=\"alignnone size-full wp-image-16001\" src=\"https:\/\/jorgezanoni.com.br\/2019\/wp-content\/uploads\/2020\/01\/lixo.jpeg\" alt=\"\" width=\"1280\" height=\"960\" srcset=\"https:\/\/jorgezanoni.com.br\/2019\/wp-content\/uploads\/2020\/01\/lixo.jpeg 1280w, https:\/\/jorgezanoni.com.br\/2019\/wp-content\/uploads\/2020\/01\/lixo-300x225.jpeg 300w, https:\/\/jorgezanoni.com.br\/2019\/wp-content\/uploads\/2020\/01\/lixo-768x576.jpeg 768w, https:\/\/jorgezanoni.com.br\/2019\/wp-content\/uploads\/2020\/01\/lixo-1024x768.jpeg 1024w, https:\/\/jorgezanoni.com.br\/2019\/wp-content\/uploads\/2020\/01\/lixo-80x60.jpeg 80w, https:\/\/jorgezanoni.com.br\/2019\/wp-content\/uploads\/2020\/01\/lixo-265x198.jpeg 265w, https:\/\/jorgezanoni.com.br\/2019\/wp-content\/uploads\/2020\/01\/lixo-696x522.jpeg 696w, https:\/\/jorgezanoni.com.br\/2019\/wp-content\/uploads\/2020\/01\/lixo-1068x801.jpeg 1068w, https:\/\/jorgezanoni.com.br\/2019\/wp-content\/uploads\/2020\/01\/lixo-560x420.jpeg 560w\" sizes=\"auto, (max-width: 1280px) 100vw, 1280px\" \/> <img loading=\"lazy\" decoding=\"async\" class=\"alignnone size-full wp-image-16003\" src=\"https:\/\/jorgezanoni.com.br\/2019\/wp-content\/uploads\/2020\/01\/lixo2.jpeg\" alt=\"\" width=\"1280\" height=\"960\" srcset=\"https:\/\/jorgezanoni.com.br\/2019\/wp-content\/uploads\/2020\/01\/lixo2.jpeg 1280w, https:\/\/jorgezanoni.com.br\/2019\/wp-content\/uploads\/2020\/01\/lixo2-300x225.jpeg 300w, https:\/\/jorgezanoni.com.br\/2019\/wp-content\/uploads\/2020\/01\/lixo2-768x576.jpeg 768w, https:\/\/jorgezanoni.com.br\/2019\/wp-content\/uploads\/2020\/01\/lixo2-1024x768.jpeg 1024w, https:\/\/jorgezanoni.com.br\/2019\/wp-content\/uploads\/2020\/01\/lixo2-80x60.jpeg 80w, https:\/\/jorgezanoni.com.br\/2019\/wp-content\/uploads\/2020\/01\/lixo2-265x198.jpeg 265w, https:\/\/jorgezanoni.com.br\/2019\/wp-content\/uploads\/2020\/01\/lixo2-696x522.jpeg 696w, https:\/\/jorgezanoni.com.br\/2019\/wp-content\/uploads\/2020\/01\/lixo2-1068x801.jpeg 1068w, https:\/\/jorgezanoni.com.br\/2019\/wp-content\/uploads\/2020\/01\/lixo2-560x420.jpeg 560w\" sizes=\"auto, (max-width: 1280px) 100vw, 1280px\" \/><\/p>\n<p style=\"text-align: justify;\">Fonte: Diretoria de Comunica\u00e7\u00e3o<\/p>\n","protected":false},"excerpt":{"rendered":"<p>A Prefeitura de Dracena por meio da Secretaria de Agricultura, Meio Ambiente e Limpeza P\u00fablica, est\u00e1 recolhendo lixos que s\u00e3o descartados em lugares inadequados como a Rodovia Eng. Byron de Azevedo Nogueira sa\u00edda para o Distrito de Jamaica, entre outros pontos da cidade. O descarte de lixo em locais inadequados \u00e9 uma situa\u00e7\u00e3o constante na [&hellip;]<\/p>\n","protected":false},"author":1,"featured_media":16004,"comment_status":"closed","ping_status":"open","sticky":false,"template":"","format":"standard","meta":{"footnotes":""},"categories":[179,184],"tags":[],"class_list":["post-16000","post","type-post","status-publish","format-standard","has-post-thumbnail","hentry","category-cidadeseregiao","category-dracena"],"_links":{"self":[{"href":"https:\/\/jorgezanoni.com.br\/2019\/wp-json\/wp\/v2\/posts\/16000","targetHints":{"allow":["GET"]}}],"collection":[{"href":"https:\/\/jorgezanoni.com.br\/2019\/wp-json\/wp\/v2\/posts"}],"about":[{"href":"https:\/\/jorgezanoni.com.br\/2019\/wp-json\/wp\/v2\/types\/post"}],"author":[{"embeddable":true,"href":"https:\/\/jorgezanoni.com.br\/2019\/wp-json\/wp\/v2\/users\/1"}],"replies":[{"embeddable":true,"href":"https:\/\/jorgezanoni.com.br\/2019\/wp-json\/wp\/v2\/comments?post=16000"}],"version-history":[{"count":0,"href":"https:\/\/jorgezanoni.com.br\/2019\/wp-json\/wp\/v2\/posts\/16000\/revisions"}],"wp:featuredmedia":[{"embeddable":true,"href":"https:\/\/jorgezanoni.com.br\/2019\/wp-json\/wp\/v2\/media\/16004"}],"wp:attachment":[{"href":"https:\/\/jorgezanoni.com.br\/2019\/wp-json\/wp\/v2\/media?parent=16000"}],"wp:term":[{"taxonomy":"category","embeddable":true,"href":"https:\/\/jorgezanoni.com.br\/2019\/wp-json\/wp\/v2\/categories?post=16000"},{"taxonomy":"post_tag","embeddable":true,"href":"https:\/\/jorgezanoni.com.br\/2019\/wp-json\/wp\/v2\/tags?post=16000"}],"curies":[{"name":"wp","href":"https:\/\/api.w.org\/{rel}","templated":true}]}}