{"id":15964,"date":"2020-01-09T23:25:09","date_gmt":"2020-01-09T23:25:09","guid":{"rendered":"https:\/\/jorgezanoni.com.br\/2019\/?p=15964"},"modified":"2020-01-09T23:25:09","modified_gmt":"2020-01-09T23:25:09","slug":"apos-perder-o-controle-da-direcao-motorista-atinge-carros-parados-e-invade-loja-no-centro-de-adamantina","status":"publish","type":"post","link":"https:\/\/jorgezanoni.com.br\/2019\/apos-perder-o-controle-da-direcao-motorista-atinge-carros-parados-e-invade-loja-no-centro-de-adamantina\/","title":{"rendered":"Ap\u00f3s perder o controle da dire\u00e7\u00e3o, motorista atinge carros parados e invade loja no Centro de Adamantina"},"content":{"rendered":"<h2 class=\"content-head__subtitle\" style=\"text-align: justify;\"><strong>Homem sofreu ferimentos leves e foi socorrido pelo Corpo de Bombeiros na tarde desta quinta-feira (9).<\/strong><\/h2>\n<div class=\"mc-column content-text active-extra-styles \" data-block-type=\"unstyled\" data-block-weight=\"16\" data-block-id=\"2\">\n<p class=\"content-text__container \" style=\"text-align: justify;\" data-track-category=\"Link no Texto\" data-track-links=\"\">Um acidente de tr\u00e2nsito na tarde desta quinta-feira (9) envolveu cinco carros no Centro de\u00a0<a href=\"https:\/\/g1.globo.com\/sp\/presidente-prudente-regiao\/cidade\/adamantina\/\">Adamantina<\/a>.<\/p>\n<\/div>\n<div class=\"wall protected-content\">\n<div class=\"mc-column content-text active-extra-styles \" style=\"text-align: justify;\" data-block-type=\"unstyled\" data-block-weight=\"35\" data-block-id=\"3\">\n<p class=\"content-text__container \" data-track-category=\"Link no Texto\" data-track-links=\"\">De acordo com as informa\u00e7\u00f5es fornecidas pela Pol\u00edcia Militar, o condutor de um ve\u00edculo autom\u00e1tico perdeu o controle da dire\u00e7\u00e3o e colidiu com quatro carros que estavam parados na Avenida Capit\u00e3o Jos\u00e9 Ant\u00f4nio de Oliveira.<\/p>\n<\/div>\n<div class=\"mc-column content-text active-extra-styles \" style=\"text-align: justify;\" data-block-type=\"unstyled\" data-block-weight=\"19\" data-block-id=\"4\">\n<p class=\"content-text__container \" data-track-category=\"Link no Texto\" data-track-links=\"\">Depois disso, o motorista ainda bateu na fachada de uma loja e o ve\u00edculo que conduzia invadiu o im\u00f3vel.<\/p>\n<\/div>\n<div class=\"mc-column content-text active-extra-styles \" style=\"text-align: justify;\" data-block-type=\"unstyled\" data-block-weight=\"12\" data-block-id=\"5\">\n<p class=\"content-text__container \" data-track-category=\"Link no Texto\" data-track-links=\"\">O homem sofreu ferimentos leves e foi socorrido pelo Corpo de Bombeiros.<\/p>\n<\/div>\n<div class=\"mc-column content-text active-extra-styles \" style=\"text-align: justify;\" data-block-type=\"unstyled\" data-block-weight=\"6\" data-block-id=\"6\">\n<p class=\"content-text__container \" data-track-category=\"Link no Texto\" data-track-links=\"\">Al\u00e9m dele, mais ningu\u00e9m se lesionou.<\/p>\n<\/div>\n<div class=\"mc-column content-text active-extra-styles \" data-block-type=\"unstyled\" data-block-weight=\"6\" data-block-id=\"7\">\n<p class=\"content-text__container \" style=\"text-align: justify;\" data-track-category=\"Link no Texto\" data-track-links=\"\">A loja atingida estava desativada.<\/p>\n<p data-track-category=\"Link no Texto\" data-track-links=\"\"><img loading=\"lazy\" decoding=\"async\" class=\"alignnone size-full wp-image-15966\" src=\"https:\/\/jorgezanoni.com.br\/2019\/wp-content\/uploads\/2020\/01\/ada1.jpeg\" alt=\"\" width=\"640\" height=\"360\" srcset=\"https:\/\/jorgezanoni.com.br\/2019\/wp-content\/uploads\/2020\/01\/ada1.jpeg 640w, https:\/\/jorgezanoni.com.br\/2019\/wp-content\/uploads\/2020\/01\/ada1-300x169.jpeg 300w\" sizes=\"auto, (max-width: 640px) 100vw, 640px\" \/>Acidente de tr\u00e2nsito ocorreu no Centro de Adamantina \u2014 Foto: Leandro Alves Joaquim<\/p>\n<p data-track-category=\"Link no Texto\" data-track-links=\"\">Fonte: G1<\/p>\n<\/div>\n<\/div>\n","protected":false},"excerpt":{"rendered":"<p>Homem sofreu ferimentos leves e foi socorrido pelo Corpo de Bombeiros na tarde desta quinta-feira (9). Um acidente de tr\u00e2nsito na tarde desta quinta-feira (9) envolveu cinco carros no Centro de\u00a0Adamantina. De acordo com as informa\u00e7\u00f5es fornecidas pela Pol\u00edcia Militar, o condutor de um ve\u00edculo autom\u00e1tico perdeu o controle da dire\u00e7\u00e3o e colidiu com quatro [&hellip;]<\/p>\n","protected":false},"author":1,"featured_media":15967,"comment_status":"closed","ping_status":"open","sticky":false,"template":"","format":"standard","meta":{"footnotes":""},"categories":[170,110],"tags":[],"class_list":["post-15964","post","type-post","status-publish","format-standard","has-post-thumbnail","hentry","category-acidentes","category-noticiasdestaque"],"_links":{"self":[{"href":"https:\/\/jorgezanoni.com.br\/2019\/wp-json\/wp\/v2\/posts\/15964","targetHints":{"allow":["GET"]}}],"collection":[{"href":"https:\/\/jorgezanoni.com.br\/2019\/wp-json\/wp\/v2\/posts"}],"about":[{"href":"https:\/\/jorgezanoni.com.br\/2019\/wp-json\/wp\/v2\/types\/post"}],"author":[{"embeddable":true,"href":"https:\/\/jorgezanoni.com.br\/2019\/wp-json\/wp\/v2\/users\/1"}],"replies":[{"embeddable":true,"href":"https:\/\/jorgezanoni.com.br\/2019\/wp-json\/wp\/v2\/comments?post=15964"}],"version-history":[{"count":0,"href":"https:\/\/jorgezanoni.com.br\/2019\/wp-json\/wp\/v2\/posts\/15964\/revisions"}],"wp:featuredmedia":[{"embeddable":true,"href":"https:\/\/jorgezanoni.com.br\/2019\/wp-json\/wp\/v2\/media\/15967"}],"wp:attachment":[{"href":"https:\/\/jorgezanoni.com.br\/2019\/wp-json\/wp\/v2\/media?parent=15964"}],"wp:term":[{"taxonomy":"category","embeddable":true,"href":"https:\/\/jorgezanoni.com.br\/2019\/wp-json\/wp\/v2\/categories?post=15964"},{"taxonomy":"post_tag","embeddable":true,"href":"https:\/\/jorgezanoni.com.br\/2019\/wp-json\/wp\/v2\/tags?post=15964"}],"curies":[{"name":"wp","href":"https:\/\/api.w.org\/{rel}","templated":true}]}}