{"id":15946,"date":"2020-01-09T21:32:08","date_gmt":"2020-01-09T21:32:08","guid":{"rendered":"https:\/\/jorgezanoni.com.br\/2019\/?p=15946"},"modified":"2020-01-09T21:32:08","modified_gmt":"2020-01-09T21:32:08","slug":"confira-onde-deverao-ser-instalados-os-pedagios-em-nossa-regiao","status":"publish","type":"post","link":"https:\/\/jorgezanoni.com.br\/2019\/confira-onde-deverao-ser-instalados-os-pedagios-em-nossa-regiao\/","title":{"rendered":"Confira onde dever\u00e3o ser instalados os ped\u00e1gios em nossa regi\u00e3o"},"content":{"rendered":"<p>Locais das pra\u00e7as de ped\u00e1gio na SP-284, SP-294 e SP-425:<\/p>\n<p>SP-294\/km 362: proximidades de Bauru<\/p>\n<p>SP-294\/km 428: Entre Vera Cruz e Gar\u00e7a<\/p>\n<p>SP-294\/km 489: Entre Pomp\u00e9ia e Quintana<\/p>\n<p>SP-294\/km 541: Entre Iacri e Tup\u00e3<\/p>\n<p>SP-294\/km 574: Entre Osvaldo Cruz e In\u00fabia Paulista<\/p>\n<p>SP-294\/km 632: Entre Irapuru e Junqueir\u00f3polis<\/p>\n<p>SP-425\/km 434: Entre Martin\u00f3polis e Indiana<\/p>\n<p>SP-284\/km 457: Entre Assis e Paragua\u00e7u Paulista<\/p>\n<p>SP-284\/km 532: Entre Rancharia e Martin\u00f3polis<\/p>\n<p>SP-425\/km 400: Entre Parapu\u00e3 e Martin\u00f3polis<\/p>\n<p>SP-294\/km 670: Entre Tupi Paulista e Santa Mercedes<\/p>\n<p>Imagem Ilustrativa<\/p>\n","protected":false},"excerpt":{"rendered":"<p>Locais das pra\u00e7as de ped\u00e1gio na SP-284, SP-294 e SP-425: SP-294\/km 362: proximidades de Bauru SP-294\/km 428: Entre Vera Cruz e Gar\u00e7a SP-294\/km 489: Entre Pomp\u00e9ia e Quintana SP-294\/km 541: Entre Iacri e Tup\u00e3 SP-294\/km 574: Entre Osvaldo Cruz e In\u00fabia Paulista SP-294\/km 632: Entre Irapuru e Junqueir\u00f3polis SP-425\/km 434: Entre Martin\u00f3polis e Indiana SP-284\/km [&hellip;]<\/p>\n","protected":false},"author":1,"featured_media":15947,"comment_status":"closed","ping_status":"open","sticky":false,"template":"","format":"standard","meta":{"footnotes":""},"categories":[180,110],"tags":[],"class_list":["post-15946","post","type-post","status-publish","format-standard","has-post-thumbnail","hentry","category-estradastransitoveiculos","category-noticiasdestaque"],"_links":{"self":[{"href":"https:\/\/jorgezanoni.com.br\/2019\/wp-json\/wp\/v2\/posts\/15946","targetHints":{"allow":["GET"]}}],"collection":[{"href":"https:\/\/jorgezanoni.com.br\/2019\/wp-json\/wp\/v2\/posts"}],"about":[{"href":"https:\/\/jorgezanoni.com.br\/2019\/wp-json\/wp\/v2\/types\/post"}],"author":[{"embeddable":true,"href":"https:\/\/jorgezanoni.com.br\/2019\/wp-json\/wp\/v2\/users\/1"}],"replies":[{"embeddable":true,"href":"https:\/\/jorgezanoni.com.br\/2019\/wp-json\/wp\/v2\/comments?post=15946"}],"version-history":[{"count":0,"href":"https:\/\/jorgezanoni.com.br\/2019\/wp-json\/wp\/v2\/posts\/15946\/revisions"}],"wp:featuredmedia":[{"embeddable":true,"href":"https:\/\/jorgezanoni.com.br\/2019\/wp-json\/wp\/v2\/media\/15947"}],"wp:attachment":[{"href":"https:\/\/jorgezanoni.com.br\/2019\/wp-json\/wp\/v2\/media?parent=15946"}],"wp:term":[{"taxonomy":"category","embeddable":true,"href":"https:\/\/jorgezanoni.com.br\/2019\/wp-json\/wp\/v2\/categories?post=15946"},{"taxonomy":"post_tag","embeddable":true,"href":"https:\/\/jorgezanoni.com.br\/2019\/wp-json\/wp\/v2\/tags?post=15946"}],"curies":[{"name":"wp","href":"https:\/\/api.w.org\/{rel}","templated":true}]}}