{"id":15784,"date":"2020-01-07T22:37:50","date_gmt":"2020-01-07T22:37:50","guid":{"rendered":"https:\/\/jorgezanoni.com.br\/2019\/?p=15784"},"modified":"2020-01-07T22:37:50","modified_gmt":"2020-01-07T22:37:50","slug":"jovem-que-revitalizou-praca-da-igreja-perpetuo-socorro-esta-trabalhando-em-outra-praca-e-pede-colaboracao","status":"publish","type":"post","link":"https:\/\/jorgezanoni.com.br\/2019\/jovem-que-revitalizou-praca-da-igreja-perpetuo-socorro-esta-trabalhando-em-outra-praca-e-pede-colaboracao\/","title":{"rendered":"Jovem que revitalizou Pra\u00e7a da Igreja Perp\u00e9tuo socorro est\u00e1 trabalhando em outra Pra\u00e7a e pede colabora\u00e7\u00e3o"},"content":{"rendered":"<p style=\"text-align: justify;\">O jovem Andr\u00e9 Cardoso que h\u00e1 poucos dias revitalizou de forma volunt\u00e1ria a Pra\u00e7a da Igreja Perp\u00e9tuo Socorro, est\u00e1 agora executando o mesmo trabalho na Pra\u00e7a da Igreja Sagrado Cora\u00e7\u00e3o de Jesus.<\/p>\n<p style=\"text-align: justify;\">A Pra\u00e7a fica na esquina das ruas dos Oitis e S\u00e3o Carlos no Parque Dracena.<\/p>\n<p style=\"text-align: justify;\">Cardoso est\u00e1 precisando de Tinta para concluir os trabalhos nessa segunda Pra\u00e7a. Interessados em colaborar, favor entrar em contato com o cel.\u00a099686-3446.<\/p>\n<p><img loading=\"lazy\" decoding=\"async\" class=\"alignnone size-full wp-image-15785\" src=\"https:\/\/jorgezanoni.com.br\/2019\/wp-content\/uploads\/2020\/01\/pra\u00e7a.jpg\" alt=\"\" width=\"1280\" height=\"720\" srcset=\"https:\/\/jorgezanoni.com.br\/2019\/wp-content\/uploads\/2020\/01\/pra\u00e7a.jpg 1280w, https:\/\/jorgezanoni.com.br\/2019\/wp-content\/uploads\/2020\/01\/pra\u00e7a-300x169.jpg 300w, https:\/\/jorgezanoni.com.br\/2019\/wp-content\/uploads\/2020\/01\/pra\u00e7a-768x432.jpg 768w, https:\/\/jorgezanoni.com.br\/2019\/wp-content\/uploads\/2020\/01\/pra\u00e7a-1024x576.jpg 1024w, https:\/\/jorgezanoni.com.br\/2019\/wp-content\/uploads\/2020\/01\/pra\u00e7a-696x392.jpg 696w, https:\/\/jorgezanoni.com.br\/2019\/wp-content\/uploads\/2020\/01\/pra\u00e7a-1068x601.jpg 1068w, https:\/\/jorgezanoni.com.br\/2019\/wp-content\/uploads\/2020\/01\/pra\u00e7a-747x420.jpg 747w\" sizes=\"auto, (max-width: 1280px) 100vw, 1280px\" \/> <img loading=\"lazy\" decoding=\"async\" class=\"alignnone size-full wp-image-15787\" src=\"https:\/\/jorgezanoni.com.br\/2019\/wp-content\/uploads\/2020\/01\/pra\u00e7a2.jpg\" alt=\"\" width=\"1280\" height=\"720\" srcset=\"https:\/\/jorgezanoni.com.br\/2019\/wp-content\/uploads\/2020\/01\/pra\u00e7a2.jpg 1280w, https:\/\/jorgezanoni.com.br\/2019\/wp-content\/uploads\/2020\/01\/pra\u00e7a2-300x169.jpg 300w, https:\/\/jorgezanoni.com.br\/2019\/wp-content\/uploads\/2020\/01\/pra\u00e7a2-768x432.jpg 768w, https:\/\/jorgezanoni.com.br\/2019\/wp-content\/uploads\/2020\/01\/pra\u00e7a2-1024x576.jpg 1024w, https:\/\/jorgezanoni.com.br\/2019\/wp-content\/uploads\/2020\/01\/pra\u00e7a2-696x392.jpg 696w, https:\/\/jorgezanoni.com.br\/2019\/wp-content\/uploads\/2020\/01\/pra\u00e7a2-1068x601.jpg 1068w, https:\/\/jorgezanoni.com.br\/2019\/wp-content\/uploads\/2020\/01\/pra\u00e7a2-747x420.jpg 747w\" sizes=\"auto, (max-width: 1280px) 100vw, 1280px\" \/><\/p>\n<p>Jorge Zanoni<\/p>\n","protected":false},"excerpt":{"rendered":"<p>O jovem Andr\u00e9 Cardoso que h\u00e1 poucos dias revitalizou de forma volunt\u00e1ria a Pra\u00e7a da Igreja Perp\u00e9tuo Socorro, est\u00e1 agora executando o mesmo trabalho na Pra\u00e7a da Igreja Sagrado Cora\u00e7\u00e3o de Jesus. A Pra\u00e7a fica na esquina das ruas dos Oitis e S\u00e3o Carlos no Parque Dracena. Cardoso est\u00e1 precisando de Tinta para concluir os [&hellip;]<\/p>\n","protected":false},"author":1,"featured_media":15786,"comment_status":"closed","ping_status":"open","sticky":false,"template":"","format":"standard","meta":{"footnotes":""},"categories":[179,184,110],"tags":[],"class_list":["post-15784","post","type-post","status-publish","format-standard","has-post-thumbnail","hentry","category-cidadeseregiao","category-dracena","category-noticiasdestaque"],"_links":{"self":[{"href":"https:\/\/jorgezanoni.com.br\/2019\/wp-json\/wp\/v2\/posts\/15784","targetHints":{"allow":["GET"]}}],"collection":[{"href":"https:\/\/jorgezanoni.com.br\/2019\/wp-json\/wp\/v2\/posts"}],"about":[{"href":"https:\/\/jorgezanoni.com.br\/2019\/wp-json\/wp\/v2\/types\/post"}],"author":[{"embeddable":true,"href":"https:\/\/jorgezanoni.com.br\/2019\/wp-json\/wp\/v2\/users\/1"}],"replies":[{"embeddable":true,"href":"https:\/\/jorgezanoni.com.br\/2019\/wp-json\/wp\/v2\/comments?post=15784"}],"version-history":[{"count":0,"href":"https:\/\/jorgezanoni.com.br\/2019\/wp-json\/wp\/v2\/posts\/15784\/revisions"}],"wp:featuredmedia":[{"embeddable":true,"href":"https:\/\/jorgezanoni.com.br\/2019\/wp-json\/wp\/v2\/media\/15786"}],"wp:attachment":[{"href":"https:\/\/jorgezanoni.com.br\/2019\/wp-json\/wp\/v2\/media?parent=15784"}],"wp:term":[{"taxonomy":"category","embeddable":true,"href":"https:\/\/jorgezanoni.com.br\/2019\/wp-json\/wp\/v2\/categories?post=15784"},{"taxonomy":"post_tag","embeddable":true,"href":"https:\/\/jorgezanoni.com.br\/2019\/wp-json\/wp\/v2\/tags?post=15784"}],"curies":[{"name":"wp","href":"https:\/\/api.w.org\/{rel}","templated":true}]}}