{"id":15778,"date":"2020-01-07T21:42:07","date_gmt":"2020-01-07T21:42:07","guid":{"rendered":"https:\/\/jorgezanoni.com.br\/2019\/?p=15778"},"modified":"2020-01-07T21:42:07","modified_gmt":"2020-01-07T21:42:07","slug":"matriculas-abertas-para-programa-parkinson","status":"publish","type":"post","link":"https:\/\/jorgezanoni.com.br\/2019\/matriculas-abertas-para-programa-parkinson\/","title":{"rendered":"Matr\u00edculas abertas para Programa Parkinson"},"content":{"rendered":"<p style=\"text-align: justify;\">Com o objetivo de melhorar a qualidade de vida de pessoas com doen\u00e7a de Parkinson, a Unifadra\/Fundec e a Prefeitura de Dracena possuem o Programa Parkinson. O programa \u00e9 gratuito e atende a comunidade com a oferta de exerc\u00edcios f\u00edsicos espec\u00edficos para portadores da doen\u00e7a. Os interessados podem se inscrever na Fundec para participar do programa.<\/p>\n<p style=\"text-align: justify;\">O trabalho \u00e9 coordenado pela Profa. Dra. Denise Bueno, docente do curso de Educa\u00e7\u00e3o F\u00edsica da Unifadra. As atividades com os pacientes ser\u00e3o realizadas juntamente com os alunos dos cursos de Educa\u00e7\u00e3o F\u00edsica, Enfermagem e Medicina da Unifadra, \u00e0s segundas e quartas-feiras, nas depend\u00eancias da Fundec, em duas turmas: uma \u00e0s 9h e outra \u00e0s 10h.<\/p>\n<p style=\"text-align: justify;\"><strong>SERVI\u00c7O:<\/strong>\u00a0Para participar, bastar telefonar ou comparecer \u00e0 Fundec e deixar o nome e telefone no Centro de Informa\u00e7\u00f5es (18) 3821-9004. A coordena\u00e7\u00e3o agendar\u00e1 uma avalia\u00e7\u00e3o dos pacientes para o in\u00edcio das aulas no dia 10 de fevereiro.<\/p>\n<p style=\"text-align: justify;\">Cerca de 200 mil brasileiros sofrem da doen\u00e7a de Parkinson. Essa enfermidade \u00e9 progressiva, neurodegenerativa e afeta v\u00e1rias partes do corpo, mas atinge com mais intensidade as \u00e1reas do c\u00e9rebro que controlam os movimentos volunt\u00e1rios, gerando dificuldades na execu\u00e7\u00e3o das atividades rotineiras, como caminhar e segurar objetos.<\/p>\n<p style=\"text-align: justify;\">Carolina Colnago<\/p>\n<p style=\"text-align: justify;\">Assessora de Comunica\u00e7\u00e3o da Fundec &#8211; Jornalista<\/p>\n","protected":false},"excerpt":{"rendered":"<p>Com o objetivo de melhorar a qualidade de vida de pessoas com doen\u00e7a de Parkinson, a Unifadra\/Fundec e a Prefeitura de Dracena possuem o Programa Parkinson. O programa \u00e9 gratuito e atende a comunidade com a oferta de exerc\u00edcios f\u00edsicos espec\u00edficos para portadores da doen\u00e7a. Os interessados podem se inscrever na Fundec para participar do [&hellip;]<\/p>\n","protected":false},"author":1,"featured_media":15779,"comment_status":"closed","ping_status":"open","sticky":false,"template":"","format":"standard","meta":{"footnotes":""},"categories":[122],"tags":[],"class_list":["post-15778","post","type-post","status-publish","format-standard","has-post-thumbnail","hentry","category-saudeeducacaoeconcurso"],"_links":{"self":[{"href":"https:\/\/jorgezanoni.com.br\/2019\/wp-json\/wp\/v2\/posts\/15778","targetHints":{"allow":["GET"]}}],"collection":[{"href":"https:\/\/jorgezanoni.com.br\/2019\/wp-json\/wp\/v2\/posts"}],"about":[{"href":"https:\/\/jorgezanoni.com.br\/2019\/wp-json\/wp\/v2\/types\/post"}],"author":[{"embeddable":true,"href":"https:\/\/jorgezanoni.com.br\/2019\/wp-json\/wp\/v2\/users\/1"}],"replies":[{"embeddable":true,"href":"https:\/\/jorgezanoni.com.br\/2019\/wp-json\/wp\/v2\/comments?post=15778"}],"version-history":[{"count":0,"href":"https:\/\/jorgezanoni.com.br\/2019\/wp-json\/wp\/v2\/posts\/15778\/revisions"}],"wp:featuredmedia":[{"embeddable":true,"href":"https:\/\/jorgezanoni.com.br\/2019\/wp-json\/wp\/v2\/media\/15779"}],"wp:attachment":[{"href":"https:\/\/jorgezanoni.com.br\/2019\/wp-json\/wp\/v2\/media?parent=15778"}],"wp:term":[{"taxonomy":"category","embeddable":true,"href":"https:\/\/jorgezanoni.com.br\/2019\/wp-json\/wp\/v2\/categories?post=15778"},{"taxonomy":"post_tag","embeddable":true,"href":"https:\/\/jorgezanoni.com.br\/2019\/wp-json\/wp\/v2\/tags?post=15778"}],"curies":[{"name":"wp","href":"https:\/\/api.w.org\/{rel}","templated":true}]}}