{"id":15775,"date":"2020-01-07T17:25:10","date_gmt":"2020-01-07T17:25:10","guid":{"rendered":"https:\/\/jorgezanoni.com.br\/2019\/?p=15775"},"modified":"2020-01-07T17:25:10","modified_gmt":"2020-01-07T17:25:10","slug":"identificada-pela-policia-civil-jovem-de-26-anos-diz-ter-sofrido-aborto-espontaneo","status":"publish","type":"post","link":"https:\/\/jorgezanoni.com.br\/2019\/identificada-pela-policia-civil-jovem-de-26-anos-diz-ter-sofrido-aborto-espontaneo\/","title":{"rendered":"Identificada pela Pol\u00edcia Civil, jovem de 26 anos diz ter sofrido &#8216;aborto espont\u00e2neo&#8217;"},"content":{"rendered":"<h2 class=\"content-head__subtitle\" style=\"text-align: justify;\"><strong>Feto foi localizado na rede de esgoto em Monte Castelo nesta segunda-feira (6). Caso segue sob investiga\u00e7\u00e3o.<\/strong><\/h2>\n<div class=\"mc-column content-text active-extra-styles active-capital-letter\" data-block-type=\"unstyled\" data-block-weight=\"32\" data-block-id=\"1\">\n<p class=\"content-text__container theme-color-primary-first-letter\" style=\"text-align: justify;\" data-track-category=\"Link no Texto\" data-track-links=\"\">A Pol\u00edcia Civil identificou a mulher envolvida no caso do\u00a0<a href=\"https:\/\/g1.globo.com\/sp\/presidente-prudente-regiao\/noticia\/2020\/01\/06\/feto-humano-e-localizado-na-rede-de-esgoto-em-monte-castelo.ghtml\">feto encontrado na rede de esgoto<\/a>, em\u00a0<a href=\"http:\/\/g1.globo.com\/sp\/presidente-prudente-regiao\/cidade\/monte-castelo-sp.html\">Monte Castelo<\/a>. Ela prestou depoimento nesta ter\u00e7a-feira (7) e confessou o envolvimento. As investiga\u00e7\u00f5es continuam.<\/p>\n<\/div>\n<div class=\"wall protected-content\">\n<div class=\"mc-column content-text active-extra-styles \" style=\"text-align: justify;\" data-block-type=\"unstyled\" data-block-weight=\"32\" data-block-id=\"2\">\n<p class=\"content-text__container \" data-track-category=\"Link no Texto\" data-track-links=\"\">De acordo com o delegado Eliandro Renato Santos, ap\u00f3s dilig\u00eancias e trabalho de intelig\u00eancia policial, os agentes chegaram a um nome e foram at\u00e9 a mulher, que tem 26 anos de idade.<\/p>\n<\/div>\n<div class=\"mc-column content-text active-extra-styles \" style=\"text-align: justify;\" data-block-type=\"unstyled\" data-block-weight=\"40\" data-block-id=\"3\">\n<p class=\"content-text__container \" data-track-category=\"Link no Texto\" data-track-links=\"\">Em depoimento, ela confessou ser a respons\u00e1vel pelo fato e contou que teve \u201ccontra\u00e7\u00f5es s\u00fabitas\u201d e sofreu o \u201caborto espontaneamente\u201d no banheiro de sua casa, onde deu descarga, motivo pelo qual o feto teria parado na rede de esgoto.<\/p>\n<\/div>\n<div class=\"mc-column content-text active-extra-styles \" style=\"text-align: justify;\" data-block-type=\"unstyled\" data-block-weight=\"26\" data-block-id=\"4\">\n<p class=\"content-text__container \" data-track-category=\"Link no Texto\" data-track-links=\"\">A pol\u00edcia n\u00e3o acredita nesta vers\u00e3o, conforme o delegado, pois \u00e9 uma mulher aparentemente saud\u00e1vel e as contra\u00e7\u00f5es podem caracterizar o uso de algum medicamento abortivo.<\/p>\n<\/div>\n<div class=\"mc-column content-text active-extra-styles\" style=\"text-align: justify;\" data-block-type=\"raw\" data-block-weight=\"11\" data-block-id=\"5\">\n<ul class=\"content-unordered-list\">\n<li><a href=\"https:\/\/g1.globo.com\/sp\/presidente-prudente-regiao\/noticia\/2020\/01\/06\/feto-humano-e-localizado-na-rede-de-esgoto-em-monte-castelo.ghtml\">Feto humano \u00e9 localizado na rede de esgoto em Monte Castelo<\/a><\/li>\n<\/ul>\n<\/div>\n<div class=\"mc-column content-text active-extra-styles \" style=\"text-align: justify;\" data-block-type=\"unstyled\" data-block-weight=\"16\" data-block-id=\"6\">\n<p class=\"content-text__container \" data-track-category=\"Link no Texto\" data-track-links=\"\">A jovem foi conduzida ao Instituto M\u00e9dico Legal (IML) para que fossem recolhidos materiais para exames.<\/p>\n<\/div>\n<div class=\"mc-column content-text active-extra-styles \" style=\"text-align: justify;\" data-block-type=\"unstyled\" data-block-weight=\"31\" data-block-id=\"7\">\n<p class=\"content-text__container \" data-track-category=\"Link no Texto\" data-track-links=\"\">A mulher \u00e9 solteira, mora com o av\u00f4, tem uma filha pequena, de pouco mais de 1 ano de idade, e relatou que ainda n\u00e3o havia revelado a gravidez \u00e0 fam\u00edlia.<\/p>\n<\/div>\n<div class=\"mc-column content-text active-extra-styles \" style=\"text-align: justify;\" data-block-type=\"unstyled\" data-block-weight=\"32\" data-block-id=\"8\">\n<p class=\"content-text__container \" data-track-category=\"Link no Texto\" data-track-links=\"\">O caso segue em investiga\u00e7\u00e3o com a natureza de morte suspeita, que pode ser alterada no decorrer do inqu\u00e9rito policial, se laudos constatarem algum tra\u00e7o de medicamento abortivo no organismo da jovem.<\/p>\n<\/div>\n<div class=\"mc-column content-text active-extra-styles \" style=\"text-align: justify;\" data-block-type=\"unstyled\" data-block-weight=\"20\" data-block-id=\"9\">\n<p class=\"content-text__container \" data-track-category=\"Link no Texto\" data-track-links=\"\">O feto foi localizado nesta segunda-feira (6) por trabalhadores que faziam a limpeza do local que fica na zona rural.<\/p>\n<\/div>\n<div class=\"mc-column content-text active-extra-styles \" style=\"text-align: justify;\" data-block-type=\"unstyled\" data-block-weight=\"38\" data-block-id=\"10\">\n<p class=\"content-text__container \" data-track-category=\"Link no Texto\" data-track-links=\"\">O delegado disse que o feto n\u00e3o estava em estado de decomposi\u00e7\u00e3o e que, conforme informa\u00e7\u00f5es de um m\u00e9dico que acompanhou os trabalhos da pol\u00edcia nesta segunda-feira (6), a gesta\u00e7\u00e3o tinha em torno de 15 a 20 semanas.<\/p>\n<\/div>\n<div class=\"mc-column content-text active-extra-styles \" data-block-type=\"unstyled\" data-block-weight=\"10\" data-block-id=\"11\">\n<p class=\"content-text__container \" style=\"text-align: justify;\" data-track-category=\"Link no Texto\" data-track-links=\"\">O beb\u00ea era do tamanho de uma palma da m\u00e3o.<\/p>\n<p style=\"text-align: justify;\" data-track-category=\"Link no Texto\" data-track-links=\"\">Fonte: G1<\/p>\n<\/div>\n<\/div>\n","protected":false},"excerpt":{"rendered":"<p>Feto foi localizado na rede de esgoto em Monte Castelo nesta segunda-feira (6). Caso segue sob investiga\u00e7\u00e3o. A Pol\u00edcia Civil identificou a mulher envolvida no caso do\u00a0feto encontrado na rede de esgoto, em\u00a0Monte Castelo. Ela prestou depoimento nesta ter\u00e7a-feira (7) e confessou o envolvimento. As investiga\u00e7\u00f5es continuam. De acordo com o delegado Eliandro Renato Santos, [&hellip;]<\/p>\n","protected":false},"author":1,"featured_media":15776,"comment_status":"closed","ping_status":"open","sticky":false,"template":"","format":"standard","meta":{"footnotes":""},"categories":[110,2],"tags":[],"class_list":["post-15775","post","type-post","status-publish","format-standard","has-post-thumbnail","hentry","category-noticiasdestaque","category-policial"],"_links":{"self":[{"href":"https:\/\/jorgezanoni.com.br\/2019\/wp-json\/wp\/v2\/posts\/15775","targetHints":{"allow":["GET"]}}],"collection":[{"href":"https:\/\/jorgezanoni.com.br\/2019\/wp-json\/wp\/v2\/posts"}],"about":[{"href":"https:\/\/jorgezanoni.com.br\/2019\/wp-json\/wp\/v2\/types\/post"}],"author":[{"embeddable":true,"href":"https:\/\/jorgezanoni.com.br\/2019\/wp-json\/wp\/v2\/users\/1"}],"replies":[{"embeddable":true,"href":"https:\/\/jorgezanoni.com.br\/2019\/wp-json\/wp\/v2\/comments?post=15775"}],"version-history":[{"count":0,"href":"https:\/\/jorgezanoni.com.br\/2019\/wp-json\/wp\/v2\/posts\/15775\/revisions"}],"wp:featuredmedia":[{"embeddable":true,"href":"https:\/\/jorgezanoni.com.br\/2019\/wp-json\/wp\/v2\/media\/15776"}],"wp:attachment":[{"href":"https:\/\/jorgezanoni.com.br\/2019\/wp-json\/wp\/v2\/media?parent=15775"}],"wp:term":[{"taxonomy":"category","embeddable":true,"href":"https:\/\/jorgezanoni.com.br\/2019\/wp-json\/wp\/v2\/categories?post=15775"},{"taxonomy":"post_tag","embeddable":true,"href":"https:\/\/jorgezanoni.com.br\/2019\/wp-json\/wp\/v2\/tags?post=15775"}],"curies":[{"name":"wp","href":"https:\/\/api.w.org\/{rel}","templated":true}]}}