{"id":15771,"date":"2020-01-07T16:46:39","date_gmt":"2020-01-07T16:46:39","guid":{"rendered":"https:\/\/jorgezanoni.com.br\/2019\/?p=15771"},"modified":"2020-01-07T16:46:39","modified_gmt":"2020-01-07T16:46:39","slug":"carro-danifica-placa-de-transito-e-lixeira-na-magid-zacarias-em-dracena","status":"publish","type":"post","link":"https:\/\/jorgezanoni.com.br\/2019\/carro-danifica-placa-de-transito-e-lixeira-na-magid-zacarias-em-dracena\/","title":{"rendered":"Carro danifica placa de tr\u00e2nsito e lixeira na Magid Zacarias em Dracena"},"content":{"rendered":"<p style=\"text-align: justify;\">Ontem, 6, por volta de 13h05, um carro desgovernado subiu na cal\u00e7ada da Rua Magid Zacarias, em frente o n\u00ba 515, ap\u00f3s o sem\u00e1foro e atingiu e danificou uma placa uma placa de tr\u00e2nsito e uma lixeira.<\/p>\n<p style=\"text-align: justify;\"><img loading=\"lazy\" decoding=\"async\" class=\"alignnone size-full wp-image-15772\" src=\"https:\/\/jorgezanoni.com.br\/2019\/wp-content\/uploads\/2020\/01\/lixo.jpg\" alt=\"\" width=\"750\" height=\"375\" srcset=\"https:\/\/jorgezanoni.com.br\/2019\/wp-content\/uploads\/2020\/01\/lixo.jpg 750w, https:\/\/jorgezanoni.com.br\/2019\/wp-content\/uploads\/2020\/01\/lixo-300x150.jpg 300w, https:\/\/jorgezanoni.com.br\/2019\/wp-content\/uploads\/2020\/01\/lixo-696x348.jpg 696w\" sizes=\"auto, (max-width: 750px) 100vw, 750px\" \/><\/p>\n<div class=\"jeg_ad jeg_ad_article jnews_content_inline_ads  \" style=\"text-align: justify;\">\n<div class=\"ads-wrapper align-right \">\n<div class=\"ads_google_ads\"><\/div>\n<\/div>\n<\/div>\n<p style=\"text-align: justify;\">A Pol\u00edcia Militar esteve no local e constatou a placa e a lixeira ca\u00edda no ch\u00e3o. Al\u00e9m disso, o para-choque e a placa do ve\u00edculo causador dos danos.<\/p>\n<p style=\"text-align: justify;\">Uma \u00e1rvore existente no local do acidente ficou com a marca da batida do carro.<\/p>\n<p style=\"text-align: justify;\">Segundo a pol\u00edcia, o ve\u00edculo seria um Del Rey Guia, cuja placa que caiu no local foi apreendida.<\/p>\n<p style=\"text-align: justify;\">O Boletim de Ocorr\u00eancia foi registrado e o caso ser\u00e1 investigado para esclarecer que \u00e9 o condutor do Del Rey.<\/p>\n<p>Fonte: Portal Regional<\/p>\n","protected":false},"excerpt":{"rendered":"<p>Ontem, 6, por volta de 13h05, um carro desgovernado subiu na cal\u00e7ada da Rua Magid Zacarias, em frente o n\u00ba 515, ap\u00f3s o sem\u00e1foro e atingiu e danificou uma placa uma placa de tr\u00e2nsito e uma lixeira. A Pol\u00edcia Militar esteve no local e constatou a placa e a lixeira ca\u00edda no ch\u00e3o. Al\u00e9m disso, [&hellip;]<\/p>\n","protected":false},"author":1,"featured_media":15773,"comment_status":"closed","ping_status":"open","sticky":false,"template":"","format":"standard","meta":{"footnotes":""},"categories":[170],"tags":[],"class_list":["post-15771","post","type-post","status-publish","format-standard","has-post-thumbnail","hentry","category-acidentes"],"_links":{"self":[{"href":"https:\/\/jorgezanoni.com.br\/2019\/wp-json\/wp\/v2\/posts\/15771","targetHints":{"allow":["GET"]}}],"collection":[{"href":"https:\/\/jorgezanoni.com.br\/2019\/wp-json\/wp\/v2\/posts"}],"about":[{"href":"https:\/\/jorgezanoni.com.br\/2019\/wp-json\/wp\/v2\/types\/post"}],"author":[{"embeddable":true,"href":"https:\/\/jorgezanoni.com.br\/2019\/wp-json\/wp\/v2\/users\/1"}],"replies":[{"embeddable":true,"href":"https:\/\/jorgezanoni.com.br\/2019\/wp-json\/wp\/v2\/comments?post=15771"}],"version-history":[{"count":0,"href":"https:\/\/jorgezanoni.com.br\/2019\/wp-json\/wp\/v2\/posts\/15771\/revisions"}],"wp:featuredmedia":[{"embeddable":true,"href":"https:\/\/jorgezanoni.com.br\/2019\/wp-json\/wp\/v2\/media\/15773"}],"wp:attachment":[{"href":"https:\/\/jorgezanoni.com.br\/2019\/wp-json\/wp\/v2\/media?parent=15771"}],"wp:term":[{"taxonomy":"category","embeddable":true,"href":"https:\/\/jorgezanoni.com.br\/2019\/wp-json\/wp\/v2\/categories?post=15771"},{"taxonomy":"post_tag","embeddable":true,"href":"https:\/\/jorgezanoni.com.br\/2019\/wp-json\/wp\/v2\/tags?post=15771"}],"curies":[{"name":"wp","href":"https:\/\/api.w.org\/{rel}","templated":true}]}}