{"id":15762,"date":"2020-01-07T16:12:08","date_gmt":"2020-01-07T16:12:08","guid":{"rendered":"https:\/\/jorgezanoni.com.br\/2019\/?p=15762"},"modified":"2020-01-07T16:12:08","modified_gmt":"2020-01-07T16:12:08","slug":"festa-do-milho-em-prol-da-pousada-bom-samaritano-tem-data-definida-para-inicio","status":"publish","type":"post","link":"https:\/\/jorgezanoni.com.br\/2019\/festa-do-milho-em-prol-da-pousada-bom-samaritano-tem-data-definida-para-inicio\/","title":{"rendered":"Festa do Milho em prol da Pousada Bom Samaritano tem data definida para in\u00edcio"},"content":{"rendered":"<h2 class=\"jeg_post_subtitle\" style=\"text-align: justify;\"><strong>Tradicional festa dracenense vai come\u00e7ar dia 14 de janeiro, ser\u00e3o 24 dias de evento na laje da Igreja Matriz.<\/strong><\/h2>\n<p><img loading=\"lazy\" decoding=\"async\" class=\"alignnone size-full wp-image-15763\" src=\"https:\/\/jorgezanoni.com.br\/2019\/wp-content\/uploads\/2020\/01\/milho3.jpg\" alt=\"\" width=\"750\" height=\"500\" srcset=\"https:\/\/jorgezanoni.com.br\/2019\/wp-content\/uploads\/2020\/01\/milho3.jpg 750w, https:\/\/jorgezanoni.com.br\/2019\/wp-content\/uploads\/2020\/01\/milho3-300x200.jpg 300w, https:\/\/jorgezanoni.com.br\/2019\/wp-content\/uploads\/2020\/01\/milho3-696x464.jpg 696w, https:\/\/jorgezanoni.com.br\/2019\/wp-content\/uploads\/2020\/01\/milho3-630x420.jpg 630w\" sizes=\"auto, (max-width: 750px) 100vw, 750px\" \/><\/p>\n<p style=\"text-align: justify;\">Vai come\u00e7ar no pr\u00f3ximo dia 14, a 25\u00aa edi\u00e7\u00e3o da Festa do Milho Verde em Dracena. A tradicional festa ser\u00e1 realizada na laje da Igreja Matriz da cidade. Toda a renda ser\u00e1 revertida para a Pousada Bom Samaritano.<\/p>\n<p style=\"text-align: justify;\">A festa, que ter\u00e1 dura\u00e7\u00e3o de 24 dias, serve principalmente para sustentar o trabalho da Pousada Bom Samaritano. Institui\u00e7\u00e3o que abriga hoje 31 dependentes qu\u00edmicos faz todo o processo de recupera\u00e7\u00e3o dos mesmos de forma gratuita.<\/p>\n<p><img loading=\"lazy\" decoding=\"async\" class=\"alignnone size-full wp-image-15764\" src=\"https:\/\/jorgezanoni.com.br\/2019\/wp-content\/uploads\/2020\/01\/milho2.jpg\" alt=\"\" width=\"750\" height=\"500\" srcset=\"https:\/\/jorgezanoni.com.br\/2019\/wp-content\/uploads\/2020\/01\/milho2.jpg 750w, https:\/\/jorgezanoni.com.br\/2019\/wp-content\/uploads\/2020\/01\/milho2-300x200.jpg 300w, https:\/\/jorgezanoni.com.br\/2019\/wp-content\/uploads\/2020\/01\/milho2-696x464.jpg 696w, https:\/\/jorgezanoni.com.br\/2019\/wp-content\/uploads\/2020\/01\/milho2-630x420.jpg 630w\" sizes=\"auto, (max-width: 750px) 100vw, 750px\" \/><\/p>\n<p style=\"text-align: justify;\">Antonio Botasso, 83 anos, \u00e9 quem est\u00e1 \u00e0 frente da Pousada e \u00e9 um dos organizadores da festa. \u201c\u00c9 a 25\u00aa festa que estou presente. Estamos com a expectativa muito boa para esse ano. Queremos melhorar os rendimentos dos anos anteriores\u201d, disse Botasso.<\/p>\n<p style=\"text-align: justify;\">A festa, que ocorrer\u00e1 de segunda \u00e0 sexta, vai manter os pre\u00e7os dos produtos do ano passado. Segundo Botasso, ser\u00e3o necess\u00e1rios por volta de 30 volunt\u00e1rios. \u201cQuem puder nos ajudar, ser\u00e3o muito bem vindos\u201d.<\/p>\n<p><img loading=\"lazy\" decoding=\"async\" class=\"alignnone size-full wp-image-15765\" src=\"https:\/\/jorgezanoni.com.br\/2019\/wp-content\/uploads\/2020\/01\/milho1.jpg\" alt=\"\" width=\"750\" height=\"500\" srcset=\"https:\/\/jorgezanoni.com.br\/2019\/wp-content\/uploads\/2020\/01\/milho1.jpg 750w, https:\/\/jorgezanoni.com.br\/2019\/wp-content\/uploads\/2020\/01\/milho1-300x200.jpg 300w, https:\/\/jorgezanoni.com.br\/2019\/wp-content\/uploads\/2020\/01\/milho1-696x464.jpg 696w, https:\/\/jorgezanoni.com.br\/2019\/wp-content\/uploads\/2020\/01\/milho1-630x420.jpg 630w\" sizes=\"auto, (max-width: 750px) 100vw, 750px\" \/><\/p>\n<p style=\"text-align: justify;\">Para o encerramento da festa, ser\u00e1 promovido no dia 9 de fevereiro um almo\u00e7o. O ingresso custar\u00e1 R$ 25,00 com a renda tamb\u00e9m revertida para a Pousada.<\/p>\n<p style=\"text-align: justify;\"><strong>Milho pronto<\/strong><\/p>\n<p style=\"text-align: justify;\">Botasso segue todo orgulhoso a planta\u00e7\u00e3o de milho da Pousada Bom Samaritano. \u201cJ\u00e1 temos muitos p\u00e9s maduros, prontos para passar pelo processo de brilhar na festa. Cuidamos muito bem disso. Plantamos o milho em semanas diferente para tudo estar muito bom durante as semanas do evento\u201d, finalizou o vigoroso senhor.<\/p>\n<p style=\"text-align: justify;\">Al\u00e9m do milho, ele pede ajuda para doa\u00e7\u00e3o de outros ingredientes importantes. \u201cEstamos aceitando doa\u00e7\u00f5es para a festa. Ingredientes importantes para fazer a pamonha, como o a\u00e7\u00facar, por exemplo\u201d, finaliza Botasso.<\/p>\n<p style=\"text-align: justify;\">Fonte: Portal Regional<\/p>\n","protected":false},"excerpt":{"rendered":"<p>Tradicional festa dracenense vai come\u00e7ar dia 14 de janeiro, ser\u00e3o 24 dias de evento na laje da Igreja Matriz. Vai come\u00e7ar no pr\u00f3ximo dia 14, a 25\u00aa edi\u00e7\u00e3o da Festa do Milho Verde em Dracena. A tradicional festa ser\u00e1 realizada na laje da Igreja Matriz da cidade. Toda a renda ser\u00e1 revertida para a Pousada [&hellip;]<\/p>\n","protected":false},"author":1,"featured_media":15766,"comment_status":"closed","ping_status":"open","sticky":false,"template":"","format":"standard","meta":{"footnotes":""},"categories":[110,118],"tags":[],"class_list":["post-15762","post","type-post","status-publish","format-standard","has-post-thumbnail","hentry","category-noticiasdestaque","category-religiaoesolidariedade"],"_links":{"self":[{"href":"https:\/\/jorgezanoni.com.br\/2019\/wp-json\/wp\/v2\/posts\/15762","targetHints":{"allow":["GET"]}}],"collection":[{"href":"https:\/\/jorgezanoni.com.br\/2019\/wp-json\/wp\/v2\/posts"}],"about":[{"href":"https:\/\/jorgezanoni.com.br\/2019\/wp-json\/wp\/v2\/types\/post"}],"author":[{"embeddable":true,"href":"https:\/\/jorgezanoni.com.br\/2019\/wp-json\/wp\/v2\/users\/1"}],"replies":[{"embeddable":true,"href":"https:\/\/jorgezanoni.com.br\/2019\/wp-json\/wp\/v2\/comments?post=15762"}],"version-history":[{"count":0,"href":"https:\/\/jorgezanoni.com.br\/2019\/wp-json\/wp\/v2\/posts\/15762\/revisions"}],"wp:featuredmedia":[{"embeddable":true,"href":"https:\/\/jorgezanoni.com.br\/2019\/wp-json\/wp\/v2\/media\/15766"}],"wp:attachment":[{"href":"https:\/\/jorgezanoni.com.br\/2019\/wp-json\/wp\/v2\/media?parent=15762"}],"wp:term":[{"taxonomy":"category","embeddable":true,"href":"https:\/\/jorgezanoni.com.br\/2019\/wp-json\/wp\/v2\/categories?post=15762"},{"taxonomy":"post_tag","embeddable":true,"href":"https:\/\/jorgezanoni.com.br\/2019\/wp-json\/wp\/v2\/tags?post=15762"}],"curies":[{"name":"wp","href":"https:\/\/api.w.org\/{rel}","templated":true}]}}