{"id":15759,"date":"2020-01-07T15:55:42","date_gmt":"2020-01-07T15:55:42","guid":{"rendered":"https:\/\/jorgezanoni.com.br\/2019\/?p=15759"},"modified":"2020-01-07T15:55:42","modified_gmt":"2020-01-07T15:55:42","slug":"artesp-anuncia-abertura-do-processo-de-privatizacao-da-rodovia-comandante-joao-ribeiro-de-barros-sp-294","status":"publish","type":"post","link":"https:\/\/jorgezanoni.com.br\/2019\/artesp-anuncia-abertura-do-processo-de-privatizacao-da-rodovia-comandante-joao-ribeiro-de-barros-sp-294\/","title":{"rendered":"Artesp anuncia abertura do processo de privatiza\u00e7\u00e3o da Rodovia Comandante Jo\u00e3o Ribeiro de Barros (SP-294)"},"content":{"rendered":"<h2 class=\"jeg_post_subtitle\" style=\"text-align: justify;\"><strong>A previs\u00e3o \u00e9 que os investimentos atinjam R$ 14 bilh\u00f5es em obras.<\/strong><\/h2>\n<p style=\"text-align: justify;\">A Ag\u00eancia Reguladora de Servi\u00e7os P\u00fablicos Delegados de Transporte do Estado de S\u00e3o Paulo \u2013 Artesp tornou p\u00fablico abertura da Licita\u00e7\u00e3o Internacional n\u00ba 01\/2019 para a concess\u00e3o da presta\u00e7\u00e3o dos servi\u00e7os p\u00fablicos de amplia\u00e7\u00e3o, opera\u00e7\u00e3o, manuten\u00e7\u00e3o e realiza\u00e7\u00e3o dos investimentos necess\u00e1rios para a explora\u00e7\u00e3o do sistema rodovi\u00e1rio denominado Lote Piracicaba-Panorama. \u200b<\/p>\n<p style=\"text-align: justify;\">Esse edital de concess\u00e3o afeta diretamente a vida dos moradores da Nova Alta Paulista. Isso porque a Rodovia Comandante Jo\u00e3o Ribeiro de Barros (SP-294) faz parte das rodovias que estar\u00e3o em processo de privatiza\u00e7\u00e3o.<\/p>\n<p style=\"text-align: justify;\">O edital de concorr\u00eancia internacional para concess\u00e3o do Lote Piracicaba \u2013 Panorama, a primeira concess\u00e3o rodovi\u00e1ria do Governador Jo\u00e3o Doria, foi lan\u00e7ado na quarta-feira, 24, de julho, com previs\u00e3o de investimentos de R$ 14 bilh\u00f5es em obras a serem realizadas ao longo de 30 anos de contrato. No total s\u00e3o 1.273 quil\u00f4metros de rodovias que ser\u00e3o modernizadas e ampliadas entre a cidade de Piracicaba, na regi\u00e3o de Campinas, e o munic\u00edpio de Panorama, no extremo Oeste do Estado, divisa com o Mato Grosso do Sul.<\/p>\n<p style=\"text-align: justify;\">Os investimentos foram priorizados na modelagem e grande parte das contribui\u00e7\u00f5es das seis audi\u00eancias p\u00fablicas e do processo de consulta p\u00fablica foi acolhida. Dos R$ 14 bilh\u00f5es previstos, cerca de R$ 1,5 bilh\u00e3o ser\u00e3o investidos nos dois primeiros anos de contrato.<\/p>\n<p style=\"text-align: justify;\">O lote Piracicaba-Panorama \u00e9 composto pela malha de 218 quil\u00f4metros, atualmente operada pela concession\u00e1ria Centrovias, do Grupo Arteris, cujo contrato vence no in\u00edcio do ano que vem, al\u00e9m de 1.055 quil\u00f4metros operados pelo DER-SP, que passar\u00e3o a receber todas as moderniza\u00e7\u00f5es do Programa de Concess\u00f5es Rodovi\u00e1rias do Governo do Estado de S\u00e3o Paulo. Receber\u00e3o investimentos trechos das rodovias SP-304, SP-308, SP-191, SP-197, SP-310, SP-225, SP-261, SP-293, SP-331, SP-294, SP-284 e SP-425, beneficiando diretamente 62 munic\u00edpios cortados por essa malha.<\/p>\n<p style=\"text-align: justify;\">Entre as interven\u00e7\u00f5es previstas est\u00e3o 600 quil\u00f4metros de duplica\u00e7\u00f5es e novas pistas (os contornos urbanos). Tamb\u00e9m haver\u00e1 faixas adicionais e vias marginais, entre outras, obras que melhoram a fluidez, o escoamento da produ\u00e7\u00e3o regional e a seguran\u00e7a vi\u00e1ria. Ser\u00e3o implantados, ainda, acostamentos, novos acessos e retornos, recupera\u00e7\u00e3o de pavimento, passarelas e ciclovias.<\/p>\n<p style=\"text-align: justify;\">O projeto prev\u00ea, ainda, que a cada quatro anos sejam realizadas revis\u00f5es que possam adequar novos investimentos nas pistas. Assim, poder\u00e3o ser antecipados ou feitos novos investimentos, como duplica\u00e7\u00f5es e faixas adicionais de acordo com a avalia\u00e7\u00e3o de novas demandas.<\/p>\n<p style=\"text-align: justify;\"><em>Fonte: Artesp<\/em><\/p>\n","protected":false},"excerpt":{"rendered":"<p>A previs\u00e3o \u00e9 que os investimentos atinjam R$ 14 bilh\u00f5es em obras. A Ag\u00eancia Reguladora de Servi\u00e7os P\u00fablicos Delegados de Transporte do Estado de S\u00e3o Paulo \u2013 Artesp tornou p\u00fablico abertura da Licita\u00e7\u00e3o Internacional n\u00ba 01\/2019 para a concess\u00e3o da presta\u00e7\u00e3o dos servi\u00e7os p\u00fablicos de amplia\u00e7\u00e3o, opera\u00e7\u00e3o, manuten\u00e7\u00e3o e realiza\u00e7\u00e3o dos investimentos necess\u00e1rios para a [&hellip;]<\/p>\n","protected":false},"author":1,"featured_media":15760,"comment_status":"closed","ping_status":"open","sticky":false,"template":"","format":"standard","meta":{"footnotes":""},"categories":[180,110],"tags":[],"class_list":["post-15759","post","type-post","status-publish","format-standard","has-post-thumbnail","hentry","category-estradastransitoveiculos","category-noticiasdestaque"],"_links":{"self":[{"href":"https:\/\/jorgezanoni.com.br\/2019\/wp-json\/wp\/v2\/posts\/15759","targetHints":{"allow":["GET"]}}],"collection":[{"href":"https:\/\/jorgezanoni.com.br\/2019\/wp-json\/wp\/v2\/posts"}],"about":[{"href":"https:\/\/jorgezanoni.com.br\/2019\/wp-json\/wp\/v2\/types\/post"}],"author":[{"embeddable":true,"href":"https:\/\/jorgezanoni.com.br\/2019\/wp-json\/wp\/v2\/users\/1"}],"replies":[{"embeddable":true,"href":"https:\/\/jorgezanoni.com.br\/2019\/wp-json\/wp\/v2\/comments?post=15759"}],"version-history":[{"count":0,"href":"https:\/\/jorgezanoni.com.br\/2019\/wp-json\/wp\/v2\/posts\/15759\/revisions"}],"wp:featuredmedia":[{"embeddable":true,"href":"https:\/\/jorgezanoni.com.br\/2019\/wp-json\/wp\/v2\/media\/15760"}],"wp:attachment":[{"href":"https:\/\/jorgezanoni.com.br\/2019\/wp-json\/wp\/v2\/media?parent=15759"}],"wp:term":[{"taxonomy":"category","embeddable":true,"href":"https:\/\/jorgezanoni.com.br\/2019\/wp-json\/wp\/v2\/categories?post=15759"},{"taxonomy":"post_tag","embeddable":true,"href":"https:\/\/jorgezanoni.com.br\/2019\/wp-json\/wp\/v2\/tags?post=15759"}],"curies":[{"name":"wp","href":"https:\/\/api.w.org\/{rel}","templated":true}]}}