{"id":15755,"date":"2020-01-07T15:38:34","date_gmt":"2020-01-07T15:38:34","guid":{"rendered":"https:\/\/jorgezanoni.com.br\/2019\/?p=15755"},"modified":"2020-01-07T15:38:34","modified_gmt":"2020-01-07T15:38:34","slug":"dracenense-e-a-nova-dirigente-da-diretoria-de-ensino-da-regiao-de-adamantina","status":"publish","type":"post","link":"https:\/\/jorgezanoni.com.br\/2019\/dracenense-e-a-nova-dirigente-da-diretoria-de-ensino-da-regiao-de-adamantina\/","title":{"rendered":"Dracenense \u00e9 a nova Dirigente da Diretoria de Ensino da Regi\u00e3o de Adamantina"},"content":{"rendered":"<p style=\"text-align: justify;\">A dracenense, professora Irmes Mary Moreno Roque Mattara que j\u00e1 foi Secret\u00e1ria de Educa\u00e7\u00e3o do Munic\u00edpio, foi nomeada atrav\u00e9s de publica\u00e7\u00e3o na data de ontem (6), como a nova Dirigente da Diretoria de Ensino da Regi\u00e3o de Adamantina.<\/p>\n<p style=\"text-align: justify;\">A Diretoria compreende 22 munic\u00edpios entre Osvaldo Cruz \u00e0 Panorama.<\/p>\n<p><img loading=\"lazy\" decoding=\"async\" class=\"alignnone size-full wp-image-15756\" src=\"https:\/\/jorgezanoni.com.br\/2019\/wp-content\/uploads\/2020\/01\/nomea\u00e7\u00e3o.jpg\" alt=\"\" width=\"545\" height=\"1280\" srcset=\"https:\/\/jorgezanoni.com.br\/2019\/wp-content\/uploads\/2020\/01\/nomea\u00e7\u00e3o.jpg 545w, https:\/\/jorgezanoni.com.br\/2019\/wp-content\/uploads\/2020\/01\/nomea\u00e7\u00e3o-128x300.jpg 128w, https:\/\/jorgezanoni.com.br\/2019\/wp-content\/uploads\/2020\/01\/nomea\u00e7\u00e3o-436x1024.jpg 436w, https:\/\/jorgezanoni.com.br\/2019\/wp-content\/uploads\/2020\/01\/nomea\u00e7\u00e3o-179x420.jpg 179w\" sizes=\"auto, (max-width: 545px) 100vw, 545px\" \/><\/p>\n<p>Fonte: Assessoria de Imprensa<\/p>\n<p>Foto: rede social<\/p>\n<p>&nbsp;<\/p>\n<p>&nbsp;<\/p>\n","protected":false},"excerpt":{"rendered":"<p>A dracenense, professora Irmes Mary Moreno Roque Mattara que j\u00e1 foi Secret\u00e1ria de Educa\u00e7\u00e3o do Munic\u00edpio, foi nomeada atrav\u00e9s de publica\u00e7\u00e3o na data de ontem (6), como a nova Dirigente da Diretoria de Ensino da Regi\u00e3o de Adamantina. A Diretoria compreende 22 munic\u00edpios entre Osvaldo Cruz \u00e0 Panorama. Fonte: Assessoria de Imprensa Foto: rede social [&hellip;]<\/p>\n","protected":false},"author":1,"featured_media":15757,"comment_status":"closed","ping_status":"open","sticky":false,"template":"","format":"standard","meta":{"footnotes":""},"categories":[110,122],"tags":[],"class_list":["post-15755","post","type-post","status-publish","format-standard","has-post-thumbnail","hentry","category-noticiasdestaque","category-saudeeducacaoeconcurso"],"_links":{"self":[{"href":"https:\/\/jorgezanoni.com.br\/2019\/wp-json\/wp\/v2\/posts\/15755","targetHints":{"allow":["GET"]}}],"collection":[{"href":"https:\/\/jorgezanoni.com.br\/2019\/wp-json\/wp\/v2\/posts"}],"about":[{"href":"https:\/\/jorgezanoni.com.br\/2019\/wp-json\/wp\/v2\/types\/post"}],"author":[{"embeddable":true,"href":"https:\/\/jorgezanoni.com.br\/2019\/wp-json\/wp\/v2\/users\/1"}],"replies":[{"embeddable":true,"href":"https:\/\/jorgezanoni.com.br\/2019\/wp-json\/wp\/v2\/comments?post=15755"}],"version-history":[{"count":0,"href":"https:\/\/jorgezanoni.com.br\/2019\/wp-json\/wp\/v2\/posts\/15755\/revisions"}],"wp:featuredmedia":[{"embeddable":true,"href":"https:\/\/jorgezanoni.com.br\/2019\/wp-json\/wp\/v2\/media\/15757"}],"wp:attachment":[{"href":"https:\/\/jorgezanoni.com.br\/2019\/wp-json\/wp\/v2\/media?parent=15755"}],"wp:term":[{"taxonomy":"category","embeddable":true,"href":"https:\/\/jorgezanoni.com.br\/2019\/wp-json\/wp\/v2\/categories?post=15755"},{"taxonomy":"post_tag","embeddable":true,"href":"https:\/\/jorgezanoni.com.br\/2019\/wp-json\/wp\/v2\/tags?post=15755"}],"curies":[{"name":"wp","href":"https:\/\/api.w.org\/{rel}","templated":true}]}}