{"id":15725,"date":"2020-01-07T00:00:40","date_gmt":"2020-01-07T00:00:40","guid":{"rendered":"https:\/\/jorgezanoni.com.br\/2019\/?p=15725"},"modified":"2020-01-07T00:00:40","modified_gmt":"2020-01-07T00:00:40","slug":"capotamento-deixa-homem-ferido","status":"publish","type":"post","link":"https:\/\/jorgezanoni.com.br\/2019\/capotamento-deixa-homem-ferido\/","title":{"rendered":"Capotamento deixa homem ferido"},"content":{"rendered":"<p style=\"text-align: justify;\">Um motorista ficou levemente ferido ap\u00f3s capotar o ve\u00edculo que dirigia, um \u00d4mega, placas de Osvaldo Cruz, na noite deste s\u00e1bado (04).<\/p>\n<p style=\"text-align: justify;\">Segundo informa\u00e7\u00f5es levantadas no local do acidente, J. C. G., de 36 anos, seguia sentido Osvaldo Cruz ao trevo, quando no acesso \u00e0 Rodovia Comandante Jo\u00e3o Ribeiro de Barros, a SP-294, sentido In\u00fabia Paulista, por motivos a serem investigados, capotou o ve\u00edculo.<\/p>\n<p style=\"text-align: justify;\">O Corpo de Bombeiros de Osvaldo Cruz foi acionado e encaminhou a v\u00edtima com ferimentos leves para a Santa Casa local.<\/p>\n<p style=\"text-align: justify;\">Apoiaram a ocorr\u00eancia, a Pol\u00edcia Militar Rodovi\u00e1ria Base Operacional de Adamantina, Policiamento Ostensivo de \u00c1rea e uma equipe do DER (Departamento de Estradas de Rodagem).<\/p>\n<p style=\"text-align: justify;\">Fonte:Metr\u00f3pole FM com fotos de Cristiano Nascimento<\/p>\n","protected":false},"excerpt":{"rendered":"<p>Um motorista ficou levemente ferido ap\u00f3s capotar o ve\u00edculo que dirigia, um \u00d4mega, placas de Osvaldo Cruz, na noite deste s\u00e1bado (04). Segundo informa\u00e7\u00f5es levantadas no local do acidente, J. C. G., de 36 anos, seguia sentido Osvaldo Cruz ao trevo, quando no acesso \u00e0 Rodovia Comandante Jo\u00e3o Ribeiro de Barros, a SP-294, sentido In\u00fabia [&hellip;]<\/p>\n","protected":false},"author":1,"featured_media":15726,"comment_status":"closed","ping_status":"open","sticky":false,"template":"","format":"standard","meta":{"footnotes":""},"categories":[170,110],"tags":[],"class_list":["post-15725","post","type-post","status-publish","format-standard","has-post-thumbnail","hentry","category-acidentes","category-noticiasdestaque"],"_links":{"self":[{"href":"https:\/\/jorgezanoni.com.br\/2019\/wp-json\/wp\/v2\/posts\/15725","targetHints":{"allow":["GET"]}}],"collection":[{"href":"https:\/\/jorgezanoni.com.br\/2019\/wp-json\/wp\/v2\/posts"}],"about":[{"href":"https:\/\/jorgezanoni.com.br\/2019\/wp-json\/wp\/v2\/types\/post"}],"author":[{"embeddable":true,"href":"https:\/\/jorgezanoni.com.br\/2019\/wp-json\/wp\/v2\/users\/1"}],"replies":[{"embeddable":true,"href":"https:\/\/jorgezanoni.com.br\/2019\/wp-json\/wp\/v2\/comments?post=15725"}],"version-history":[{"count":0,"href":"https:\/\/jorgezanoni.com.br\/2019\/wp-json\/wp\/v2\/posts\/15725\/revisions"}],"wp:featuredmedia":[{"embeddable":true,"href":"https:\/\/jorgezanoni.com.br\/2019\/wp-json\/wp\/v2\/media\/15726"}],"wp:attachment":[{"href":"https:\/\/jorgezanoni.com.br\/2019\/wp-json\/wp\/v2\/media?parent=15725"}],"wp:term":[{"taxonomy":"category","embeddable":true,"href":"https:\/\/jorgezanoni.com.br\/2019\/wp-json\/wp\/v2\/categories?post=15725"},{"taxonomy":"post_tag","embeddable":true,"href":"https:\/\/jorgezanoni.com.br\/2019\/wp-json\/wp\/v2\/tags?post=15725"}],"curies":[{"name":"wp","href":"https:\/\/api.w.org\/{rel}","templated":true}]}}