{"id":15722,"date":"2020-01-06T23:42:54","date_gmt":"2020-01-06T23:42:54","guid":{"rendered":"https:\/\/jorgezanoni.com.br\/2019\/?p=15722"},"modified":"2020-01-06T23:42:54","modified_gmt":"2020-01-06T23:42:54","slug":"pessoas-com-hipertensao-e-diabetes-podem-participar-do-programa-viva-a-vida-da-prefeitura-de-dracena-e-unifadra-fundec","status":"publish","type":"post","link":"https:\/\/jorgezanoni.com.br\/2019\/pessoas-com-hipertensao-e-diabetes-podem-participar-do-programa-viva-a-vida-da-prefeitura-de-dracena-e-unifadra-fundec\/","title":{"rendered":"Pessoas com hipertens\u00e3o e diabetes podem participar do programa Viva a Vida da Prefeitura de Dracena e Unifadra\/Fundec"},"content":{"rendered":"<p style=\"font-weight: 400; text-align: justify;\">O programa gratuito Viva a Vida, destinado para auxiliar no controle das doen\u00e7as, melhorar sa\u00fade e qualidade de vida da comunidade por meio de atividade f\u00edsica, est\u00e1 com inscri\u00e7\u00f5es abertas na Unifadra. O programa \u00e9 realizado pelos alunos dos cursos de Educa\u00e7\u00e3o F\u00edsica e de Enfermagem da Unifadra\/Fundec e a Prefeitura de Dracena. Os exerc\u00edcios ser\u00e3o realizados\u00a0\u00e0s ter\u00e7as e quintas-feiras, no per\u00edodo da manh\u00e3, a partir do m\u00eas de fevereiro, nos espa\u00e7os cedidos pelo munic\u00edpio:\u00a0Jardim Brasil\u00e2ndia &#8211; quadra &#8220;Francisco de Assis&#8221;, Gin\u00e1sio Dovilho Moura, CSU e ESF do Jardim Jussara.<br \/>\nSegundo a profa.\u00a0Dra. Denise Bueno,\u00a0coordenadora do programa na Unifadra\/Fundec, para se inscrever, o interessado deve procurar os locais onde as atividades s\u00e3o realizadas e ent\u00e3o receber\u00e1 todas as orienta\u00e7\u00f5es. Posteriormente, deve ir at\u00e9 o Centro de Sa\u00fade para que o m\u00e9dico fa\u00e7a uma avalia\u00e7\u00e3o antes do in\u00edcio das atividades do programa. Ainda de acordo com a docente, todos os participantes s\u00e3o monitorados e passam por avalia\u00e7\u00e3o f\u00edsica, funcional e fisiol\u00f3gica. &#8220;Esses dados servem de par\u00e2metros para estrutura\u00e7\u00e3o das aulas e, ao final do ano, os estagi\u00e1rios, alunos de Educa\u00e7\u00e3o F\u00edsica e de Enfermagem, analisam os efeitos do exerc\u00edcio f\u00edsico na condi\u00e7\u00e3o geral de sa\u00fade do paciente e publicam os resultados no meio cient\u00edfico&#8221;, explicou.\u00a0Os professores Ma. Eunice Nelli e Esp. Anderson Lecca\u00a0tamb\u00e9m fazem parte da equipe que realiza as atividades do projeto na Unifadra. Ressaltam que programas que promovam a pr\u00e1tica de atividade f\u00edsica t\u00eam sido uma \u00f3tima op\u00e7\u00e3o de tratamento n\u00e3o farmacol\u00f3gico para doen\u00e7as cr\u00f4nicas, no sentido de minimizar as consequ\u00eancias naturais do envelhecimento e os riscos de doen\u00e7a associadas \u00e0 diabetes e \u00e0 hipertens\u00e3o, que atingem grande parcela da popula\u00e7\u00e3o.<\/p>\n<p style=\"font-weight: 400; text-align: justify;\">\n<strong>INSCRI\u00c7\u00d5ES GRATUITAS:<\/strong>\u00a0Unifadra (coordena\u00e7\u00e3o curso de Educa\u00e7\u00e3o F\u00edsica) \u2013 Rua Bahia, 266 \u2013 Bairro Metr\u00f3pole \u2013 Dracena\/SP. Mais informa\u00e7\u00f5es: (18) 3821-9004.<\/p>\n<p style=\"font-weight: 400; text-align: justify;\">Carolina Colnago<\/p>\n<p style=\"font-weight: 400; text-align: justify;\">Assessora de Comunica\u00e7\u00e3o da Fundec &#8211; Jornalista<\/p>\n","protected":false},"excerpt":{"rendered":"<p>O programa gratuito Viva a Vida, destinado para auxiliar no controle das doen\u00e7as, melhorar sa\u00fade e qualidade de vida da comunidade por meio de atividade f\u00edsica, est\u00e1 com inscri\u00e7\u00f5es abertas na Unifadra. O programa \u00e9 realizado pelos alunos dos cursos de Educa\u00e7\u00e3o F\u00edsica e de Enfermagem da Unifadra\/Fundec e a Prefeitura de Dracena. Os exerc\u00edcios [&hellip;]<\/p>\n","protected":false},"author":1,"featured_media":15723,"comment_status":"closed","ping_status":"open","sticky":false,"template":"","format":"standard","meta":{"footnotes":""},"categories":[122],"tags":[],"class_list":["post-15722","post","type-post","status-publish","format-standard","has-post-thumbnail","hentry","category-saudeeducacaoeconcurso"],"_links":{"self":[{"href":"https:\/\/jorgezanoni.com.br\/2019\/wp-json\/wp\/v2\/posts\/15722","targetHints":{"allow":["GET"]}}],"collection":[{"href":"https:\/\/jorgezanoni.com.br\/2019\/wp-json\/wp\/v2\/posts"}],"about":[{"href":"https:\/\/jorgezanoni.com.br\/2019\/wp-json\/wp\/v2\/types\/post"}],"author":[{"embeddable":true,"href":"https:\/\/jorgezanoni.com.br\/2019\/wp-json\/wp\/v2\/users\/1"}],"replies":[{"embeddable":true,"href":"https:\/\/jorgezanoni.com.br\/2019\/wp-json\/wp\/v2\/comments?post=15722"}],"version-history":[{"count":0,"href":"https:\/\/jorgezanoni.com.br\/2019\/wp-json\/wp\/v2\/posts\/15722\/revisions"}],"wp:featuredmedia":[{"embeddable":true,"href":"https:\/\/jorgezanoni.com.br\/2019\/wp-json\/wp\/v2\/media\/15723"}],"wp:attachment":[{"href":"https:\/\/jorgezanoni.com.br\/2019\/wp-json\/wp\/v2\/media?parent=15722"}],"wp:term":[{"taxonomy":"category","embeddable":true,"href":"https:\/\/jorgezanoni.com.br\/2019\/wp-json\/wp\/v2\/categories?post=15722"},{"taxonomy":"post_tag","embeddable":true,"href":"https:\/\/jorgezanoni.com.br\/2019\/wp-json\/wp\/v2\/tags?post=15722"}],"curies":[{"name":"wp","href":"https:\/\/api.w.org\/{rel}","templated":true}]}}