{"id":15711,"date":"2020-01-06T12:59:49","date_gmt":"2020-01-06T12:59:49","guid":{"rendered":"https:\/\/jorgezanoni.com.br\/2019\/?p=15711"},"modified":"2020-01-06T12:59:49","modified_gmt":"2020-01-06T12:59:49","slug":"nunca-e-tarde-para-quem-sonha","status":"publish","type":"post","link":"https:\/\/jorgezanoni.com.br\/2019\/nunca-e-tarde-para-quem-sonha\/","title":{"rendered":"Nunca \u00e9 tarde para quem sonha"},"content":{"rendered":"<p style=\"text-align: justify;\">NUNCA \u00c9 TARDE PARA QUEM SONHA<\/p>\n<p style=\"text-align: justify;\">Na data de ontem (05) os Policiais Militares na cidade de Flora Rica (2\u00aa Companhia do 25\u00ba BPM\/I), Cb Dantas e Cb Sartori realizaram o sonho de um f\u00e3 da Pol\u00edcia Militar, o pequeno Davi Luz.<br \/>\nO pequeno grande guerreiro queria um carro policial como o desejo de Natal, e a m\u00e3e escreveu uma carta pois n\u00e3o tinha condi\u00e7\u00f5es de comprar.<br \/>\nMas a carta chegou tarde nas m\u00e3os dos policiais militares&#8230;Tarde? Nunca \u00e9 tarde para um sonho, e nesse domingo os her\u00f3is de viatura policial foram at\u00e9 a casa do Davi Luz e entregaram o seu presente.<br \/>\nFoi tanta emo\u00e7\u00e3o e festa, pois ele j\u00e1 havia perdido a esperan\u00e7a de seu presente. Os olhinhos brilharam e para esses policiais brilharam a esperan\u00e7a de que nunca algu\u00e9m desista de seu sonho.<br \/>\nParab\u00e9ns Cb Viana e Sartori<\/p>\n<p><img loading=\"lazy\" decoding=\"async\" class=\"alignnone size-full wp-image-15712\" src=\"https:\/\/jorgezanoni.com.br\/2019\/wp-content\/uploads\/2020\/01\/Flora.jpg\" alt=\"\" width=\"864\" height=\"1152\" srcset=\"https:\/\/jorgezanoni.com.br\/2019\/wp-content\/uploads\/2020\/01\/Flora.jpg 864w, https:\/\/jorgezanoni.com.br\/2019\/wp-content\/uploads\/2020\/01\/Flora-225x300.jpg 225w, https:\/\/jorgezanoni.com.br\/2019\/wp-content\/uploads\/2020\/01\/Flora-768x1024.jpg 768w, https:\/\/jorgezanoni.com.br\/2019\/wp-content\/uploads\/2020\/01\/Flora-696x928.jpg 696w, https:\/\/jorgezanoni.com.br\/2019\/wp-content\/uploads\/2020\/01\/Flora-315x420.jpg 315w\" sizes=\"auto, (max-width: 864px) 100vw, 864px\" \/><\/p>\n<p style=\"text-align: justify;\">#25BPMI<br \/>\n#POLICIAMILITARSP<br \/>\n#AFOR\u00c7AP\u00daBLICADES\u00c3OPAULO<br \/>\nFonte: COMUNICA\u00c7\u00c3O SOCIAL DO 25\u00ba BPMI e regi\u00e3o.<\/p>\n","protected":false},"excerpt":{"rendered":"<p>NUNCA \u00c9 TARDE PARA QUEM SONHA Na data de ontem (05) os Policiais Militares na cidade de Flora Rica (2\u00aa Companhia do 25\u00ba BPM\/I), Cb Dantas e Cb Sartori realizaram o sonho de um f\u00e3 da Pol\u00edcia Militar, o pequeno Davi Luz. O pequeno grande guerreiro queria um carro policial como o desejo de Natal, [&hellip;]<\/p>\n","protected":false},"author":1,"featured_media":15713,"comment_status":"closed","ping_status":"open","sticky":false,"template":"","format":"standard","meta":{"footnotes":""},"categories":[110,2],"tags":[],"class_list":["post-15711","post","type-post","status-publish","format-standard","has-post-thumbnail","hentry","category-noticiasdestaque","category-policial"],"_links":{"self":[{"href":"https:\/\/jorgezanoni.com.br\/2019\/wp-json\/wp\/v2\/posts\/15711","targetHints":{"allow":["GET"]}}],"collection":[{"href":"https:\/\/jorgezanoni.com.br\/2019\/wp-json\/wp\/v2\/posts"}],"about":[{"href":"https:\/\/jorgezanoni.com.br\/2019\/wp-json\/wp\/v2\/types\/post"}],"author":[{"embeddable":true,"href":"https:\/\/jorgezanoni.com.br\/2019\/wp-json\/wp\/v2\/users\/1"}],"replies":[{"embeddable":true,"href":"https:\/\/jorgezanoni.com.br\/2019\/wp-json\/wp\/v2\/comments?post=15711"}],"version-history":[{"count":0,"href":"https:\/\/jorgezanoni.com.br\/2019\/wp-json\/wp\/v2\/posts\/15711\/revisions"}],"wp:featuredmedia":[{"embeddable":true,"href":"https:\/\/jorgezanoni.com.br\/2019\/wp-json\/wp\/v2\/media\/15713"}],"wp:attachment":[{"href":"https:\/\/jorgezanoni.com.br\/2019\/wp-json\/wp\/v2\/media?parent=15711"}],"wp:term":[{"taxonomy":"category","embeddable":true,"href":"https:\/\/jorgezanoni.com.br\/2019\/wp-json\/wp\/v2\/categories?post=15711"},{"taxonomy":"post_tag","embeddable":true,"href":"https:\/\/jorgezanoni.com.br\/2019\/wp-json\/wp\/v2\/tags?post=15711"}],"curies":[{"name":"wp","href":"https:\/\/api.w.org\/{rel}","templated":true}]}}