{"id":15649,"date":"2020-01-05T12:40:15","date_gmt":"2020-01-05T12:40:15","guid":{"rendered":"https:\/\/jorgezanoni.com.br\/2019\/?p=15649"},"modified":"2020-01-05T12:40:15","modified_gmt":"2020-01-05T12:40:15","slug":"acidente-grave-deixa-seis-pessoas-feridas-na-vicinal-que-liga-osvaldo-cruz-a-sagres","status":"publish","type":"post","link":"https:\/\/jorgezanoni.com.br\/2019\/acidente-grave-deixa-seis-pessoas-feridas-na-vicinal-que-liga-osvaldo-cruz-a-sagres\/","title":{"rendered":"Acidente grave deixa seis pessoas feridas na vicinal que liga Osvaldo Cruz a Sagres"},"content":{"rendered":"<p><strong>Entre as v\u00edtimas, est\u00e3o duas crian\u00e7as.<\/strong><\/p>\n<p style=\"text-align: justify;\">No inicio da noite deste s\u00e1bado (04), o Corpo de Bombeiros de Osvaldo Cruz atendeu um ocorr\u00eancia de acidente de tr\u00e2nsito na vicinal que liga os munic\u00edpios de Osvaldo Cruz e Sagres.<\/p>\n<p style=\"text-align: justify;\">Segundo informa\u00e7\u00f5es colhidas no local pela reportagem do Portal Metr\u00f3pole de Not\u00edcias, um ve\u00edculo Ford Focus, com placas de Pen\u00e1polis, seguia sentido Sagres a Osvaldo Cruz quando no KM 2 + 600, por motivos a serem investigados, perdeu o controle da dire\u00e7\u00e3o, invadiu a via contr\u00e1ria e colidiu contra uma \u00e1rvore.<\/p>\n<p style=\"text-align: justify;\">Com o impacto, os seis ocupantes do carro, entre elas duas crian\u00e7as de 8 e 6 anos, ficaram levemente feridos. As v\u00edtimas foram socorridas pela a Unidade de Resgate do Corpo de Bombeiros e servi\u00e7o de Ambul\u00e2ncia do munic\u00edpio de Osvaldo Cruz.<\/p>\n<p style=\"text-align: justify;\">A Pol\u00edcia Militar Rodovi\u00e1ria Base Operacional de Adamantina, Policiamento de \u00c1rea da 3\u00aa CIA e equipe do DER (Departamento de Estradas de Rodagem) trabalharam na ocorr\u00eancia.<\/p>\n<p style=\"text-align: justify;\">Fonte: fmmetropole.com.br<\/p>\n","protected":false},"excerpt":{"rendered":"<p>Entre as v\u00edtimas, est\u00e3o duas crian\u00e7as. No inicio da noite deste s\u00e1bado (04), o Corpo de Bombeiros de Osvaldo Cruz atendeu um ocorr\u00eancia de acidente de tr\u00e2nsito na vicinal que liga os munic\u00edpios de Osvaldo Cruz e Sagres. Segundo informa\u00e7\u00f5es colhidas no local pela reportagem do Portal Metr\u00f3pole de Not\u00edcias, um ve\u00edculo Ford Focus, com [&hellip;]<\/p>\n","protected":false},"author":1,"featured_media":15650,"comment_status":"closed","ping_status":"open","sticky":false,"template":"","format":"standard","meta":{"footnotes":""},"categories":[170,110],"tags":[],"class_list":["post-15649","post","type-post","status-publish","format-standard","has-post-thumbnail","hentry","category-acidentes","category-noticiasdestaque"],"_links":{"self":[{"href":"https:\/\/jorgezanoni.com.br\/2019\/wp-json\/wp\/v2\/posts\/15649","targetHints":{"allow":["GET"]}}],"collection":[{"href":"https:\/\/jorgezanoni.com.br\/2019\/wp-json\/wp\/v2\/posts"}],"about":[{"href":"https:\/\/jorgezanoni.com.br\/2019\/wp-json\/wp\/v2\/types\/post"}],"author":[{"embeddable":true,"href":"https:\/\/jorgezanoni.com.br\/2019\/wp-json\/wp\/v2\/users\/1"}],"replies":[{"embeddable":true,"href":"https:\/\/jorgezanoni.com.br\/2019\/wp-json\/wp\/v2\/comments?post=15649"}],"version-history":[{"count":0,"href":"https:\/\/jorgezanoni.com.br\/2019\/wp-json\/wp\/v2\/posts\/15649\/revisions"}],"wp:featuredmedia":[{"embeddable":true,"href":"https:\/\/jorgezanoni.com.br\/2019\/wp-json\/wp\/v2\/media\/15650"}],"wp:attachment":[{"href":"https:\/\/jorgezanoni.com.br\/2019\/wp-json\/wp\/v2\/media?parent=15649"}],"wp:term":[{"taxonomy":"category","embeddable":true,"href":"https:\/\/jorgezanoni.com.br\/2019\/wp-json\/wp\/v2\/categories?post=15649"},{"taxonomy":"post_tag","embeddable":true,"href":"https:\/\/jorgezanoni.com.br\/2019\/wp-json\/wp\/v2\/tags?post=15649"}],"curies":[{"name":"wp","href":"https:\/\/api.w.org\/{rel}","templated":true}]}}