{"id":15646,"date":"2020-01-05T12:29:22","date_gmt":"2020-01-05T12:29:22","guid":{"rendered":"https:\/\/jorgezanoni.com.br\/2019\/?p=15646"},"modified":"2020-01-05T12:29:22","modified_gmt":"2020-01-05T12:29:22","slug":"homem-e-encontrado-morto-em-residencia-na-vila-barros-em-dracena","status":"publish","type":"post","link":"https:\/\/jorgezanoni.com.br\/2019\/homem-e-encontrado-morto-em-residencia-na-vila-barros-em-dracena\/","title":{"rendered":"Homem \u00e9 encontrado morto em resid\u00eancia na Vila Barros em Dracena"},"content":{"rendered":"<p style=\"text-align: justify;\">Por volta de 17:50 Horas de s\u00e1bado (4), a Pol\u00edcia Militar deu atendimento a solicita\u00e7\u00e3o de um encontro de pessoa desfalecida na rua Brasil, Vila Barros em Dracena.<\/p>\n<p style=\"text-align: justify;\">Segundo informa\u00e7\u00f5es trata-se do Sr. Valdemar Soares dos Santos de 58 anos que foi encontrado por familiares. A causa da morte teria sido suic\u00eddio por enforcamento.<\/p>\n<p style=\"text-align: justify;\">A Pol\u00edcia T\u00e9cnica esteve no local e fez os levantamentos para apurar as reais causas do acontecimento.<\/p>\n<p style=\"text-align: justify;\">O Corpo do Sr. Valdemar est\u00e1 sendo velado no Vel\u00f3rio Municipal de Tupi Paulista, onde ocorre o Sepultamento hoje (5) \u00e0s 16:00 Horas.<\/p>\n<p style=\"text-align: justify;\">Jorge Zanoni<\/p>\n<p style=\"text-align: justify;\">Foto\/cedida Mutu\u00e1ria Dracenense<\/p>\n<p style=\"text-align: justify;\">\n<p>&nbsp;<\/p>\n","protected":false},"excerpt":{"rendered":"<p>Por volta de 17:50 Horas de s\u00e1bado (4), a Pol\u00edcia Militar deu atendimento a solicita\u00e7\u00e3o de um encontro de pessoa desfalecida na rua Brasil, Vila Barros em Dracena. Segundo informa\u00e7\u00f5es trata-se do Sr. Valdemar Soares dos Santos de 58 anos que foi encontrado por familiares. A causa da morte teria sido suic\u00eddio por enforcamento. A [&hellip;]<\/p>\n","protected":false},"author":1,"featured_media":15647,"comment_status":"closed","ping_status":"open","sticky":false,"template":"","format":"standard","meta":{"footnotes":""},"categories":[110,2],"tags":[],"class_list":["post-15646","post","type-post","status-publish","format-standard","has-post-thumbnail","hentry","category-noticiasdestaque","category-policial"],"_links":{"self":[{"href":"https:\/\/jorgezanoni.com.br\/2019\/wp-json\/wp\/v2\/posts\/15646","targetHints":{"allow":["GET"]}}],"collection":[{"href":"https:\/\/jorgezanoni.com.br\/2019\/wp-json\/wp\/v2\/posts"}],"about":[{"href":"https:\/\/jorgezanoni.com.br\/2019\/wp-json\/wp\/v2\/types\/post"}],"author":[{"embeddable":true,"href":"https:\/\/jorgezanoni.com.br\/2019\/wp-json\/wp\/v2\/users\/1"}],"replies":[{"embeddable":true,"href":"https:\/\/jorgezanoni.com.br\/2019\/wp-json\/wp\/v2\/comments?post=15646"}],"version-history":[{"count":0,"href":"https:\/\/jorgezanoni.com.br\/2019\/wp-json\/wp\/v2\/posts\/15646\/revisions"}],"wp:featuredmedia":[{"embeddable":true,"href":"https:\/\/jorgezanoni.com.br\/2019\/wp-json\/wp\/v2\/media\/15647"}],"wp:attachment":[{"href":"https:\/\/jorgezanoni.com.br\/2019\/wp-json\/wp\/v2\/media?parent=15646"}],"wp:term":[{"taxonomy":"category","embeddable":true,"href":"https:\/\/jorgezanoni.com.br\/2019\/wp-json\/wp\/v2\/categories?post=15646"},{"taxonomy":"post_tag","embeddable":true,"href":"https:\/\/jorgezanoni.com.br\/2019\/wp-json\/wp\/v2\/tags?post=15646"}],"curies":[{"name":"wp","href":"https:\/\/api.w.org\/{rel}","templated":true}]}}