{"id":15638,"date":"2020-01-04T23:15:08","date_gmt":"2020-01-04T23:15:08","guid":{"rendered":"https:\/\/jorgezanoni.com.br\/2019\/?p=15638"},"modified":"2020-01-04T23:15:08","modified_gmt":"2020-01-04T23:15:08","slug":"capotamento-de-carro-deixa-motorista-preso-nas-ferragens-na-sp-284-em-martinopolis","status":"publish","type":"post","link":"https:\/\/jorgezanoni.com.br\/2019\/capotamento-de-carro-deixa-motorista-preso-nas-ferragens-na-sp-284-em-martinopolis\/","title":{"rendered":"Capotamento de carro deixa motorista preso nas ferragens na SP-284, em Martin\u00f3polis"},"content":{"rendered":"<div class=\"row content-head non-featured \">\n<div class=\"medium-centered subtitle\">\n<h2 class=\"content-head__subtitle\" style=\"text-align: justify;\"><strong>Acidente ocorreu na tarde deste s\u00e1bado (4). V\u00edtima foi socorrida pelo Corpo de Bombeiros e hospitalizada.<\/strong><\/h2>\n<div class=\"mc-column content-text active-extra-styles \" data-block-type=\"unstyled\" data-block-weight=\"31\" data-block-id=\"2\">\n<p class=\"content-text__container \" style=\"text-align: justify;\" data-track-category=\"Link no Texto\" data-track-links=\"\">Um homem, de 43 anos, v\u00edtima de acidente de tr\u00e2nsito na tarde deste s\u00e1bado (4), foi socorrido pelo Corpo de Bombeiros ap\u00f3s ficar preso nas ferragens do ve\u00edculo que conduzia.<\/p>\n<\/div>\n<div class=\"wall protected-content\">\n<div class=\"mc-column content-text active-extra-styles \" style=\"text-align: justify;\" data-block-type=\"unstyled\" data-block-weight=\"17\" data-block-id=\"3\">\n<p class=\"content-text__container \" data-track-category=\"Link no Texto\" data-track-links=\"\">O carro em que a v\u00edtima estava capotou na Rodovia Homero Severo Lins (SP-284), em\u00a0<a href=\"https:\/\/g1.globo.com\/sp\/presidente-prudente-regiao\/cidade\/martinopolis-sp\/\">Martin\u00f3polis<\/a>.<\/p>\n<\/div>\n<div class=\"mc-column content-text active-extra-styles \" style=\"text-align: justify;\" data-block-type=\"unstyled\" data-block-weight=\"20\" data-block-id=\"4\">\n<p class=\"content-text__container \" data-track-category=\"Link no Texto\" data-track-links=\"\">O motorista foi socorrido pelo Corpo de Bombeiros e levado \u00e0 Santa Casa de Martin\u00f3polis para receber atendimento m\u00e9dico.<\/p>\n<\/div>\n<div class=\"mc-column content-text active-extra-styles \" style=\"text-align: justify;\" data-block-type=\"unstyled\" data-block-weight=\"18\" data-block-id=\"5\">\n<p class=\"content-text__container \" data-track-category=\"Link no Texto\" data-track-links=\"\">Conforme informa\u00e7\u00f5es da corpora\u00e7\u00e3o, o estado de sa\u00fade do condutor \u00e9 est\u00e1vel. Ele estava sozinho no ve\u00edculo.<\/p>\n<\/div>\n<div class=\"mc-column content-text active-extra-styles \" data-block-type=\"unstyled\" data-block-weight=\"8\" data-block-id=\"6\">\n<p class=\"content-text__container \" style=\"text-align: justify;\" data-track-category=\"Link no Texto\" data-track-links=\"\">A causa do capotamento ainda n\u00e3o foi esclarecida.<\/p>\n<p data-track-category=\"Link no Texto\" data-track-links=\"\"><img loading=\"lazy\" decoding=\"async\" class=\"alignnone size-full wp-image-15640\" src=\"https:\/\/jorgezanoni.com.br\/2019\/wp-content\/uploads\/2020\/01\/Capote1.jpeg\" alt=\"\" width=\"640\" height=\"332\" srcset=\"https:\/\/jorgezanoni.com.br\/2019\/wp-content\/uploads\/2020\/01\/Capote1.jpeg 640w, https:\/\/jorgezanoni.com.br\/2019\/wp-content\/uploads\/2020\/01\/Capote1-300x156.jpeg 300w\" sizes=\"auto, (max-width: 640px) 100vw, 640px\" \/>Capotamento ocorreu na tarde deste s\u00e1bado (4), na SP-284 \u2014 Foto: Corpo de Bombeiros<\/p>\n<p data-track-category=\"Link no Texto\" data-track-links=\"\">Fonte: G1<\/p>\n<\/div>\n<\/div>\n<\/div>\n<\/div>\n<div class=\"content__signa-share\">\n<div class=\"content__signature\">\n<div class=\"content-publication-data\">\n<div class=\"content-publication-data__text\"><\/div>\n<\/div>\n<\/div>\n<\/div>\n","protected":false},"excerpt":{"rendered":"<p>Acidente ocorreu na tarde deste s\u00e1bado (4). V\u00edtima foi socorrida pelo Corpo de Bombeiros e hospitalizada. Um homem, de 43 anos, v\u00edtima de acidente de tr\u00e2nsito na tarde deste s\u00e1bado (4), foi socorrido pelo Corpo de Bombeiros ap\u00f3s ficar preso nas ferragens do ve\u00edculo que conduzia. O carro em que a v\u00edtima estava capotou na [&hellip;]<\/p>\n","protected":false},"author":1,"featured_media":15639,"comment_status":"closed","ping_status":"open","sticky":false,"template":"","format":"standard","meta":{"footnotes":""},"categories":[170,110],"tags":[],"class_list":["post-15638","post","type-post","status-publish","format-standard","has-post-thumbnail","hentry","category-acidentes","category-noticiasdestaque"],"_links":{"self":[{"href":"https:\/\/jorgezanoni.com.br\/2019\/wp-json\/wp\/v2\/posts\/15638","targetHints":{"allow":["GET"]}}],"collection":[{"href":"https:\/\/jorgezanoni.com.br\/2019\/wp-json\/wp\/v2\/posts"}],"about":[{"href":"https:\/\/jorgezanoni.com.br\/2019\/wp-json\/wp\/v2\/types\/post"}],"author":[{"embeddable":true,"href":"https:\/\/jorgezanoni.com.br\/2019\/wp-json\/wp\/v2\/users\/1"}],"replies":[{"embeddable":true,"href":"https:\/\/jorgezanoni.com.br\/2019\/wp-json\/wp\/v2\/comments?post=15638"}],"version-history":[{"count":0,"href":"https:\/\/jorgezanoni.com.br\/2019\/wp-json\/wp\/v2\/posts\/15638\/revisions"}],"wp:featuredmedia":[{"embeddable":true,"href":"https:\/\/jorgezanoni.com.br\/2019\/wp-json\/wp\/v2\/media\/15639"}],"wp:attachment":[{"href":"https:\/\/jorgezanoni.com.br\/2019\/wp-json\/wp\/v2\/media?parent=15638"}],"wp:term":[{"taxonomy":"category","embeddable":true,"href":"https:\/\/jorgezanoni.com.br\/2019\/wp-json\/wp\/v2\/categories?post=15638"},{"taxonomy":"post_tag","embeddable":true,"href":"https:\/\/jorgezanoni.com.br\/2019\/wp-json\/wp\/v2\/tags?post=15638"}],"curies":[{"name":"wp","href":"https:\/\/api.w.org\/{rel}","templated":true}]}}