{"id":15635,"date":"2020-01-04T22:57:55","date_gmt":"2020-01-04T22:57:55","guid":{"rendered":"https:\/\/jorgezanoni.com.br\/2019\/?p=15635"},"modified":"2020-01-04T22:57:55","modified_gmt":"2020-01-04T22:57:55","slug":"mariana-tavares-prado-e-o-primeiro-bebe-de-2020-nascido-em-dracena","status":"publish","type":"post","link":"https:\/\/jorgezanoni.com.br\/2019\/mariana-tavares-prado-e-o-primeiro-bebe-de-2020-nascido-em-dracena\/","title":{"rendered":"Mariana Tavares Prado \u00e9 o primeiro Beb\u00ea de 2020 nascido em Dracena"},"content":{"rendered":"<div class=\"post-header\">\n<div class=\"post-header-line-1\" style=\"text-align: justify;\">Mariana Tavares Prado \u00e9 o primeiro beb\u00ea de 2020, que nasceu na Santa Casa de Dracena, na quarta-feira. \u00c9 a segunda filha do casal Marcelo Lima Prado (Telo) e Caroline Tavares Prado, de Tupi Paulista, que possui Ana Laura, de tr\u00eas anos. Os m\u00e9dicos Fernando C\u00e9sar Marinho e Fl\u00e1via Batista Mussa realizaram a cesariana.<\/div>\n<\/div>\n<div><\/div>\n<div>Fonte: Bastidores da Noticia<\/div>\n<div>Foto: Nas redes sociais a foto do casal com a filha Mariana<\/div>\n","protected":false},"excerpt":{"rendered":"<p>Mariana Tavares Prado \u00e9 o primeiro beb\u00ea de 2020, que nasceu na Santa Casa de Dracena, na quarta-feira. \u00c9 a segunda filha do casal Marcelo Lima Prado (Telo) e Caroline Tavares Prado, de Tupi Paulista, que possui Ana Laura, de tr\u00eas anos. Os m\u00e9dicos Fernando C\u00e9sar Marinho e Fl\u00e1via Batista Mussa realizaram a cesariana. Fonte: [&hellip;]<\/p>\n","protected":false},"author":1,"featured_media":15636,"comment_status":"closed","ping_status":"open","sticky":false,"template":"","format":"standard","meta":{"footnotes":""},"categories":[179,184,110],"tags":[],"class_list":["post-15635","post","type-post","status-publish","format-standard","has-post-thumbnail","hentry","category-cidadeseregiao","category-dracena","category-noticiasdestaque"],"_links":{"self":[{"href":"https:\/\/jorgezanoni.com.br\/2019\/wp-json\/wp\/v2\/posts\/15635","targetHints":{"allow":["GET"]}}],"collection":[{"href":"https:\/\/jorgezanoni.com.br\/2019\/wp-json\/wp\/v2\/posts"}],"about":[{"href":"https:\/\/jorgezanoni.com.br\/2019\/wp-json\/wp\/v2\/types\/post"}],"author":[{"embeddable":true,"href":"https:\/\/jorgezanoni.com.br\/2019\/wp-json\/wp\/v2\/users\/1"}],"replies":[{"embeddable":true,"href":"https:\/\/jorgezanoni.com.br\/2019\/wp-json\/wp\/v2\/comments?post=15635"}],"version-history":[{"count":0,"href":"https:\/\/jorgezanoni.com.br\/2019\/wp-json\/wp\/v2\/posts\/15635\/revisions"}],"wp:featuredmedia":[{"embeddable":true,"href":"https:\/\/jorgezanoni.com.br\/2019\/wp-json\/wp\/v2\/media\/15636"}],"wp:attachment":[{"href":"https:\/\/jorgezanoni.com.br\/2019\/wp-json\/wp\/v2\/media?parent=15635"}],"wp:term":[{"taxonomy":"category","embeddable":true,"href":"https:\/\/jorgezanoni.com.br\/2019\/wp-json\/wp\/v2\/categories?post=15635"},{"taxonomy":"post_tag","embeddable":true,"href":"https:\/\/jorgezanoni.com.br\/2019\/wp-json\/wp\/v2\/tags?post=15635"}],"curies":[{"name":"wp","href":"https:\/\/api.w.org\/{rel}","templated":true}]}}