{"id":15629,"date":"2020-01-04T22:39:29","date_gmt":"2020-01-04T22:39:29","guid":{"rendered":"https:\/\/jorgezanoni.com.br\/2019\/?p=15629"},"modified":"2020-01-04T22:39:29","modified_gmt":"2020-01-04T22:39:29","slug":"juiz-considera-prefeito-culpado-e-condena-prefeitura-de-dracena-a-ressarcir-vitima-de-engavetamento-na-rodovia","status":"publish","type":"post","link":"https:\/\/jorgezanoni.com.br\/2019\/juiz-considera-prefeito-culpado-e-condena-prefeitura-de-dracena-a-ressarcir-vitima-de-engavetamento-na-rodovia\/","title":{"rendered":"Juiz considera prefeito culpado e condena Prefeitura de Dracena a ressarcir v\u00edtima de engavetamento na rodovia"},"content":{"rendered":"<p style=\"text-align: justify;\">O Juiz de Direito Paolo Pellegrini J\u00fanior do Foro de Tup\u00e3 julgou parcialmente procedente a a\u00e7\u00e3o movida por uma v\u00edtima de um engavetamento na Rodovia do Contorno em Marilia.<\/p>\n<p style=\"text-align: justify;\">Na ocasi\u00e3o, em 03 de junho do ano passado, o ve\u00edculo oficial da Prefeitura de Dracena, conduzido pelo Prefeito Juliano Bertolini trafegava pela rodovia quando veio a colidir na traseira de um ve\u00edculo, que por sua vez, veio a atingir o ve\u00edculo da frente.<\/p>\n<p style=\"text-align: justify;\">Em senten\u00e7a, o juiz declarou que o prefeito foi culpado, pois estava conduzindo o ve\u00edculo de forma imprudente.\u00a0 O fato da rodovia estar molhada e ser pr\u00f3ximo a uma al\u00e7a de acesso \u00e0 rodovia, exigia maior aten\u00e7\u00e3o e diminui\u00e7\u00e3o da velocidade por parte do motorista, al\u00e9m da chuva, condi\u00e7\u00e3o que exige cuidado redobrado dos condutores.<\/p>\n<p style=\"text-align: justify;\">O C\u00f3digo de Tr\u00e2nsito Brasileiro imp\u00f5e que o condutor deve manter dist\u00e2ncia segura do ve\u00edculo que segue \u00e0 frente. Para o magistrado, n\u00e3o se pode descuidar, ainda mais por causa do congestionamento que se formava no momento do acidente.\u00a0 Por fim, considerou que por se tratar de engavetamento, a culpa, de regra deve ser atribu\u00edda ao \u00faltimo motorista, neste caso, Juliano Bertolini.<\/p>\n<p style=\"text-align: justify;\">A v\u00edtima do engavetamento solicitou que lhe fosse ressarcida R$ 3.421,89 decorrentes do ressarcimento de aluguel de autom\u00f3vel, R$ 14.630,00 a t\u00edtulo de deprecia\u00e7\u00e3o de seu ve\u00edculo, al\u00e9m de danos morais. Por\u00e9m, a Justi\u00e7a descartou os \u00faltimos dois pedidos por n\u00e3o encontrar justificativa plaus\u00edvel.<\/p>\n<p style=\"text-align: justify;\">Dessa forma, a Prefeitura de Dracena ter\u00e1 que arcar com o pagamento de R$ 3.421,89 atualizados e acrescidos de juros \u00e0 v\u00edtima do engavetamento. Para a Justi\u00e7a, o prefeito n\u00e3o foi condenado a pagar os valores, pois ele estava atuando na condi\u00e7\u00e3o de agente p\u00fablico, cabendo exclusivamente ao \u00f3rg\u00e3o p\u00fablico cobrir os danos causados. Da senten\u00e7a coube recurso, no qual em tempo h\u00e1bil, foi apresentado.<\/p>\n<p style=\"text-align: justify;\">Resta saber se mantida a decis\u00e3o, se esse custo que teve como causa a imprud\u00eancia do chefe do Executivo ser\u00e1 arcado pelos cofres p\u00fablicos. Em acidentes de tr\u00e2nsito, onde o agente p\u00fablico \u00e9 considerado culpado, a \u00e9tica indica que o respons\u00e1vel pelos danos deve ressarcir os cofres p\u00fablicos e n\u00e3o deixar \u00e0 custa dos tributos que pagamos.<\/p>\n<p><img loading=\"lazy\" decoding=\"async\" class=\"alignnone size-full wp-image-15630\" src=\"https:\/\/jorgezanoni.com.br\/2019\/wp-content\/uploads\/2020\/01\/prefa1.jpeg\" alt=\"\" width=\"906\" height=\"1280\" srcset=\"https:\/\/jorgezanoni.com.br\/2019\/wp-content\/uploads\/2020\/01\/prefa1.jpeg 906w, https:\/\/jorgezanoni.com.br\/2019\/wp-content\/uploads\/2020\/01\/prefa1-212x300.jpeg 212w, https:\/\/jorgezanoni.com.br\/2019\/wp-content\/uploads\/2020\/01\/prefa1-768x1085.jpeg 768w, https:\/\/jorgezanoni.com.br\/2019\/wp-content\/uploads\/2020\/01\/prefa1-725x1024.jpeg 725w, https:\/\/jorgezanoni.com.br\/2019\/wp-content\/uploads\/2020\/01\/prefa1-696x983.jpeg 696w, https:\/\/jorgezanoni.com.br\/2019\/wp-content\/uploads\/2020\/01\/prefa1-297x420.jpeg 297w\" sizes=\"auto, (max-width: 906px) 100vw, 906px\" \/> <img loading=\"lazy\" decoding=\"async\" class=\"alignnone size-full wp-image-15631\" src=\"https:\/\/jorgezanoni.com.br\/2019\/wp-content\/uploads\/2020\/01\/prefa2.jpeg\" alt=\"\" width=\"906\" height=\"1280\" srcset=\"https:\/\/jorgezanoni.com.br\/2019\/wp-content\/uploads\/2020\/01\/prefa2.jpeg 906w, https:\/\/jorgezanoni.com.br\/2019\/wp-content\/uploads\/2020\/01\/prefa2-212x300.jpeg 212w, https:\/\/jorgezanoni.com.br\/2019\/wp-content\/uploads\/2020\/01\/prefa2-768x1085.jpeg 768w, https:\/\/jorgezanoni.com.br\/2019\/wp-content\/uploads\/2020\/01\/prefa2-725x1024.jpeg 725w, https:\/\/jorgezanoni.com.br\/2019\/wp-content\/uploads\/2020\/01\/prefa2-696x983.jpeg 696w, https:\/\/jorgezanoni.com.br\/2019\/wp-content\/uploads\/2020\/01\/prefa2-297x420.jpeg 297w\" sizes=\"auto, (max-width: 906px) 100vw, 906px\" \/> <img loading=\"lazy\" decoding=\"async\" class=\"alignnone size-full wp-image-15632\" src=\"https:\/\/jorgezanoni.com.br\/2019\/wp-content\/uploads\/2020\/01\/prefa3.jpeg\" alt=\"\" width=\"906\" height=\"1280\" srcset=\"https:\/\/jorgezanoni.com.br\/2019\/wp-content\/uploads\/2020\/01\/prefa3.jpeg 906w, https:\/\/jorgezanoni.com.br\/2019\/wp-content\/uploads\/2020\/01\/prefa3-212x300.jpeg 212w, https:\/\/jorgezanoni.com.br\/2019\/wp-content\/uploads\/2020\/01\/prefa3-768x1085.jpeg 768w, https:\/\/jorgezanoni.com.br\/2019\/wp-content\/uploads\/2020\/01\/prefa3-725x1024.jpeg 725w, https:\/\/jorgezanoni.com.br\/2019\/wp-content\/uploads\/2020\/01\/prefa3-696x983.jpeg 696w, https:\/\/jorgezanoni.com.br\/2019\/wp-content\/uploads\/2020\/01\/prefa3-297x420.jpeg 297w\" sizes=\"auto, (max-width: 906px) 100vw, 906px\" \/><\/p>\n<p style=\"text-align: justify;\">Por Bruno Brandino<\/p>\n<p style=\"text-align: justify;\">Fonte: https:\/\/jornalinterativo.net\/2016\/juiz-considera-prefeito-culpado-e-condena-prefeitura-de-dracena-a-ressarcir-vitima-de-engavetamento-na-rodovia\/<\/p>\n","protected":false},"excerpt":{"rendered":"<p>O Juiz de Direito Paolo Pellegrini J\u00fanior do Foro de Tup\u00e3 julgou parcialmente procedente a a\u00e7\u00e3o movida por uma v\u00edtima de um engavetamento na Rodovia do Contorno em Marilia. Na ocasi\u00e3o, em 03 de junho do ano passado, o ve\u00edculo oficial da Prefeitura de Dracena, conduzido pelo Prefeito Juliano Bertolini trafegava pela rodovia quando veio [&hellip;]<\/p>\n","protected":false},"author":1,"featured_media":15633,"comment_status":"closed","ping_status":"open","sticky":false,"template":"","format":"standard","meta":{"footnotes":""},"categories":[120,110],"tags":[],"class_list":["post-15629","post","type-post","status-publish","format-standard","has-post-thumbnail","hentry","category-justicahabitacaotecnologia","category-noticiasdestaque"],"_links":{"self":[{"href":"https:\/\/jorgezanoni.com.br\/2019\/wp-json\/wp\/v2\/posts\/15629","targetHints":{"allow":["GET"]}}],"collection":[{"href":"https:\/\/jorgezanoni.com.br\/2019\/wp-json\/wp\/v2\/posts"}],"about":[{"href":"https:\/\/jorgezanoni.com.br\/2019\/wp-json\/wp\/v2\/types\/post"}],"author":[{"embeddable":true,"href":"https:\/\/jorgezanoni.com.br\/2019\/wp-json\/wp\/v2\/users\/1"}],"replies":[{"embeddable":true,"href":"https:\/\/jorgezanoni.com.br\/2019\/wp-json\/wp\/v2\/comments?post=15629"}],"version-history":[{"count":0,"href":"https:\/\/jorgezanoni.com.br\/2019\/wp-json\/wp\/v2\/posts\/15629\/revisions"}],"wp:featuredmedia":[{"embeddable":true,"href":"https:\/\/jorgezanoni.com.br\/2019\/wp-json\/wp\/v2\/media\/15633"}],"wp:attachment":[{"href":"https:\/\/jorgezanoni.com.br\/2019\/wp-json\/wp\/v2\/media?parent=15629"}],"wp:term":[{"taxonomy":"category","embeddable":true,"href":"https:\/\/jorgezanoni.com.br\/2019\/wp-json\/wp\/v2\/categories?post=15629"},{"taxonomy":"post_tag","embeddable":true,"href":"https:\/\/jorgezanoni.com.br\/2019\/wp-json\/wp\/v2\/tags?post=15629"}],"curies":[{"name":"wp","href":"https:\/\/api.w.org\/{rel}","templated":true}]}}