{"id":15626,"date":"2020-01-04T21:47:24","date_gmt":"2020-01-04T21:47:24","guid":{"rendered":"https:\/\/jorgezanoni.com.br\/2019\/?p=15626"},"modified":"2020-01-04T21:48:43","modified_gmt":"2020-01-04T21:48:43","slug":"funcionarios-da-fundec-fazem-acao-solidaria-de-natal-na-casa-dos-velhos-de-dracena","status":"publish","type":"post","link":"https:\/\/jorgezanoni.com.br\/2019\/funcionarios-da-fundec-fazem-acao-solidaria-de-natal-na-casa-dos-velhos-de-dracena\/","title":{"rendered":"Funcion\u00e1rios da Fundec fazem a\u00e7\u00e3o solid\u00e1ria de Natal na Casa dos Velhos de Dracena"},"content":{"rendered":"<p style=\"font-weight: 400; text-align: justify;\">Como fechamento do ano e em clima de Natal, os funcion\u00e1rios da Fundec fizeram doa\u00e7\u00f5es de presentes para os assistidos da Casa dos Velhos de Dracena. A a\u00e7\u00e3o foi realizada no dia 20 de dezembro e contou com a presen\u00e7a dos colaboradores da institui\u00e7\u00e3o na entidade.<br \/>\nA Fundec agradece todos que estiveram envolvidos com a institui\u00e7\u00e3o neste ano: alunos, familiares, funcion\u00e1rios, diretores e comunidade.<br \/>\nAs atividades na Fundec e suas unidades mantidas j\u00e1 retomaram o funcionamento normal.<\/p>\n<p style=\"font-weight: 400; text-align: justify;\">Carolina Colnago<\/p>\n<p style=\"font-weight: 400; text-align: justify;\">Assessora de Comunica\u00e7\u00e3o da Fundec &#8211; Jornalista<\/p>\n","protected":false},"excerpt":{"rendered":"<p>Como fechamento do ano e em clima de Natal, os funcion\u00e1rios da Fundec fizeram doa\u00e7\u00f5es de presentes para os assistidos da Casa dos Velhos de Dracena. A a\u00e7\u00e3o foi realizada no dia 20 de dezembro e contou com a presen\u00e7a dos colaboradores da institui\u00e7\u00e3o na entidade. A Fundec agradece todos que estiveram envolvidos com a [&hellip;]<\/p>\n","protected":false},"author":1,"featured_media":15627,"comment_status":"closed","ping_status":"open","sticky":false,"template":"","format":"standard","meta":{"footnotes":""},"categories":[122],"tags":[],"class_list":["post-15626","post","type-post","status-publish","format-standard","has-post-thumbnail","hentry","category-saudeeducacaoeconcurso"],"_links":{"self":[{"href":"https:\/\/jorgezanoni.com.br\/2019\/wp-json\/wp\/v2\/posts\/15626","targetHints":{"allow":["GET"]}}],"collection":[{"href":"https:\/\/jorgezanoni.com.br\/2019\/wp-json\/wp\/v2\/posts"}],"about":[{"href":"https:\/\/jorgezanoni.com.br\/2019\/wp-json\/wp\/v2\/types\/post"}],"author":[{"embeddable":true,"href":"https:\/\/jorgezanoni.com.br\/2019\/wp-json\/wp\/v2\/users\/1"}],"replies":[{"embeddable":true,"href":"https:\/\/jorgezanoni.com.br\/2019\/wp-json\/wp\/v2\/comments?post=15626"}],"version-history":[{"count":0,"href":"https:\/\/jorgezanoni.com.br\/2019\/wp-json\/wp\/v2\/posts\/15626\/revisions"}],"wp:featuredmedia":[{"embeddable":true,"href":"https:\/\/jorgezanoni.com.br\/2019\/wp-json\/wp\/v2\/media\/15627"}],"wp:attachment":[{"href":"https:\/\/jorgezanoni.com.br\/2019\/wp-json\/wp\/v2\/media?parent=15626"}],"wp:term":[{"taxonomy":"category","embeddable":true,"href":"https:\/\/jorgezanoni.com.br\/2019\/wp-json\/wp\/v2\/categories?post=15626"},{"taxonomy":"post_tag","embeddable":true,"href":"https:\/\/jorgezanoni.com.br\/2019\/wp-json\/wp\/v2\/tags?post=15626"}],"curies":[{"name":"wp","href":"https:\/\/api.w.org\/{rel}","templated":true}]}}