{"id":15623,"date":"2020-01-04T21:36:03","date_gmt":"2020-01-04T21:36:03","guid":{"rendered":"https:\/\/jorgezanoni.com.br\/2019\/?p=15623"},"modified":"2020-01-04T21:36:03","modified_gmt":"2020-01-04T21:36:03","slug":"cursos-tecnicos-cep-ume-matriculas-abertas-2","status":"publish","type":"post","link":"https:\/\/jorgezanoni.com.br\/2019\/cursos-tecnicos-cep-ume-matriculas-abertas-2\/","title":{"rendered":"Cursos T\u00e9cnicos CEP\/UME: matr\u00edculas abertas"},"content":{"rendered":"<p style=\"font-weight: 400; text-align: justify;\">Cursos de curta dura\u00e7\u00e3o, alto \u00edndice de empregabilidade, infraestrutura moderna, corpo docente altamente qualificado e conte\u00fado focado na pr\u00e1tica fazem a diferen\u00e7a na forma\u00e7\u00e3o dos alunos do CEP\/UME em Dracena. As matr\u00edculas est\u00e3o abertas e o in\u00edcio das aulas est\u00e1 programado para fevereiro\/2020. S\u00e3o oferecidos os cursos t\u00e9cnicos em Est\u00e9tica, Edifica\u00e7\u00f5es, Seguran\u00e7a do Trabalho, Radiologia e Enfermagem. Segundo Julia Portari, diretora do CEP\/UME, houve um aumento do interesse da popula\u00e7\u00e3o por cursos de capacita\u00e7\u00e3o profissional nos \u00faltimos anos. &#8220;A popula\u00e7\u00e3o da regi\u00e3o v\u00ea a profissionaliza\u00e7\u00e3o como um importante instrumento para o ingresso ou perman\u00eancia no mercado de trabalho&#8221;, comentou. Ainda de acordo com a diretora, os cursos do CEP\/UME oferecem aos formandos registros nos conselhos profissionais e a possibilidade de atuar em todo o territ\u00f3rio nacional. As matr\u00edculas podem ser feitas na secretaria geral da Fundec, \u00e0 Rua Bahia, 332 &#8211; Bairro Metr\u00f3pole, em Dracena. Acesse:\u00a0<a href=\"http:\/\/www.fundec.edu.br\/tecnico\">www.fundec.edu.br\/tecnico<\/a><\/p>\n<p style=\"font-weight: 400; text-align: justify;\"><strong>Carolina Colnago<\/strong><\/p>\n<p style=\"font-weight: 400; text-align: justify;\">Assessora de Comunica\u00e7\u00e3o da Fundec &#8211; Jornalista<\/p>\n","protected":false},"excerpt":{"rendered":"<p>Cursos de curta dura\u00e7\u00e3o, alto \u00edndice de empregabilidade, infraestrutura moderna, corpo docente altamente qualificado e conte\u00fado focado na pr\u00e1tica fazem a diferen\u00e7a na forma\u00e7\u00e3o dos alunos do CEP\/UME em Dracena. As matr\u00edculas est\u00e3o abertas e o in\u00edcio das aulas est\u00e1 programado para fevereiro\/2020. S\u00e3o oferecidos os cursos t\u00e9cnicos em Est\u00e9tica, Edifica\u00e7\u00f5es, Seguran\u00e7a do Trabalho, Radiologia [&hellip;]<\/p>\n","protected":false},"author":1,"featured_media":15624,"comment_status":"closed","ping_status":"open","sticky":false,"template":"","format":"standard","meta":{"footnotes":""},"categories":[122],"tags":[],"class_list":["post-15623","post","type-post","status-publish","format-standard","has-post-thumbnail","hentry","category-saudeeducacaoeconcurso"],"_links":{"self":[{"href":"https:\/\/jorgezanoni.com.br\/2019\/wp-json\/wp\/v2\/posts\/15623","targetHints":{"allow":["GET"]}}],"collection":[{"href":"https:\/\/jorgezanoni.com.br\/2019\/wp-json\/wp\/v2\/posts"}],"about":[{"href":"https:\/\/jorgezanoni.com.br\/2019\/wp-json\/wp\/v2\/types\/post"}],"author":[{"embeddable":true,"href":"https:\/\/jorgezanoni.com.br\/2019\/wp-json\/wp\/v2\/users\/1"}],"replies":[{"embeddable":true,"href":"https:\/\/jorgezanoni.com.br\/2019\/wp-json\/wp\/v2\/comments?post=15623"}],"version-history":[{"count":0,"href":"https:\/\/jorgezanoni.com.br\/2019\/wp-json\/wp\/v2\/posts\/15623\/revisions"}],"wp:featuredmedia":[{"embeddable":true,"href":"https:\/\/jorgezanoni.com.br\/2019\/wp-json\/wp\/v2\/media\/15624"}],"wp:attachment":[{"href":"https:\/\/jorgezanoni.com.br\/2019\/wp-json\/wp\/v2\/media?parent=15623"}],"wp:term":[{"taxonomy":"category","embeddable":true,"href":"https:\/\/jorgezanoni.com.br\/2019\/wp-json\/wp\/v2\/categories?post=15623"},{"taxonomy":"post_tag","embeddable":true,"href":"https:\/\/jorgezanoni.com.br\/2019\/wp-json\/wp\/v2\/tags?post=15623"}],"curies":[{"name":"wp","href":"https:\/\/api.w.org\/{rel}","templated":true}]}}