{"id":15618,"date":"2020-01-04T12:53:07","date_gmt":"2020-01-04T12:53:07","guid":{"rendered":"https:\/\/jorgezanoni.com.br\/2019\/?p=15618"},"modified":"2020-01-04T12:53:07","modified_gmt":"2020-01-04T12:53:07","slug":"macaco-e-flagrado-escalando-predio-de-16-andares-e-mobiliza-bombeiros-no-interior-de-sp","status":"publish","type":"post","link":"https:\/\/jorgezanoni.com.br\/2019\/macaco-e-flagrado-escalando-predio-de-16-andares-e-mobiliza-bombeiros-no-interior-de-sp\/","title":{"rendered":"Macaco \u00e9 flagrado escalando pr\u00e9dio de 16 andares e mobiliza bombeiros no interior de SP"},"content":{"rendered":"<h2 class=\"content-head__subtitle\" style=\"text-align: justify;\"><strong>Animal foi visto em pr\u00e9dio de Ara\u00e7atuba nesta quinta-feira (3); animal foi resgatado pelo Corpo de Bombeiros e levado para Pol\u00edcia Ambiental.<\/strong><\/h2>\n<div class=\"mc-column content-text active-extra-styles \" data-block-type=\"unstyled\" data-block-weight=\"21\" data-block-id=\"2\">\n<p class=\"content-text__container \" style=\"text-align: justify;\" data-track-category=\"Link no Texto\" data-track-links=\"\">Um macaco foi flagrado escalando um pr\u00e9dio de 16 andares nesta quinta-feira (2), na rua Major Mendon\u00e7a, em Ara\u00e7atuba (SP).<\/p>\n<\/div>\n<div class=\"wall protected-content\">\n<div class=\"mc-column content-text active-extra-styles \" data-block-type=\"unstyled\" data-block-weight=\"25\" data-block-id=\"3\">\n<p class=\"content-text__container \" style=\"text-align: justify;\" data-track-category=\"Link no Texto\" data-track-links=\"\">Em um v\u00eddeo enviado para a\u00a0<strong>TV TEM<\/strong>\u00a0\u00e9 poss\u00edvel ver a a\u00e7\u00e3o do macaco, que chamou a aten\u00e7\u00e3o de moradores<\/p>\n<div class=\"mc-column content-text active-extra-styles \" style=\"text-align: justify;\" data-block-type=\"unstyled\" data-block-weight=\"19\" data-block-id=\"6\">\n<p class=\"content-text__container \" data-track-category=\"Link no Texto\" data-track-links=\"\">Segundo informa\u00e7\u00f5es do Corpo de Bombeiros, um porteiro que trabalha no local viu o animal e acionou a corpora\u00e7\u00e3o.<\/p>\n<\/div>\n<div class=\"mc-column content-text active-extra-styles \" style=\"text-align: justify;\" data-block-type=\"unstyled\" data-block-weight=\"18\" data-block-id=\"7\">\n<p class=\"content-text__container \" data-track-category=\"Link no Texto\" data-track-links=\"\">Quando os bombeiros chegaram no pr\u00e9dio, eles precisaram entrar em um dos apartamentos para capturar o animal.<\/p>\n<\/div>\n<div class=\"mc-column content-text active-extra-styles \" data-block-type=\"unstyled\" data-block-weight=\"18\" data-block-id=\"8\">\n<p class=\"content-text__container \" style=\"text-align: justify;\" data-track-category=\"Link no Texto\" data-track-links=\"\">Ainda segundo os bombeiros, o macaco foi resgatado e levado para Pol\u00edcia Ambiental para receber cuidados veterin\u00e1rios.<\/p>\n<p style=\"text-align: justify;\" data-track-category=\"Link no Texto\" data-track-links=\"\"><img loading=\"lazy\" decoding=\"async\" class=\"alignnone size-full wp-image-15621\" src=\"https:\/\/jorgezanoni.com.br\/2019\/wp-content\/uploads\/2020\/01\/Macaco1.jpg\" alt=\"\" width=\"640\" height=\"340\" srcset=\"https:\/\/jorgezanoni.com.br\/2019\/wp-content\/uploads\/2020\/01\/Macaco1.jpg 640w, https:\/\/jorgezanoni.com.br\/2019\/wp-content\/uploads\/2020\/01\/Macaco1-300x159.jpg 300w\" sizes=\"auto, (max-width: 640px) 100vw, 640px\" \/>Equipe do Corpo de Bombeiros fez o resgate do animal \u2014 Foto: Divulga\u00e7\u00e3o\/Corpo de Bombeiros<\/p>\n<p style=\"text-align: justify;\" data-track-category=\"Link no Texto\" data-track-links=\"\">Fonte: https:\/\/g1.globo.com\/sp\/sao-jose-do-rio-preto-aracatuba\/noticia\/2020\/01\/03\/macaco-e-flagrado-escalando-predio-de-16-andares-e-mobiliza-bombeiros-no-interior-de-sp-video.ghtml<\/p>\n<\/div>\n<\/div>\n<\/div>\n","protected":false},"excerpt":{"rendered":"<p>Animal foi visto em pr\u00e9dio de Ara\u00e7atuba nesta quinta-feira (3); animal foi resgatado pelo Corpo de Bombeiros e levado para Pol\u00edcia Ambiental. Um macaco foi flagrado escalando um pr\u00e9dio de 16 andares nesta quinta-feira (2), na rua Major Mendon\u00e7a, em Ara\u00e7atuba (SP). Em um v\u00eddeo enviado para a\u00a0TV TEM\u00a0\u00e9 poss\u00edvel ver a a\u00e7\u00e3o do macaco, [&hellip;]<\/p>\n","protected":false},"author":1,"featured_media":15620,"comment_status":"closed","ping_status":"open","sticky":false,"template":"","format":"standard","meta":{"footnotes":""},"categories":[176,110],"tags":[],"class_list":["post-15618","post","type-post","status-publish","format-standard","has-post-thumbnail","hentry","category-meioambienteeagricultura","category-noticiasdestaque"],"_links":{"self":[{"href":"https:\/\/jorgezanoni.com.br\/2019\/wp-json\/wp\/v2\/posts\/15618","targetHints":{"allow":["GET"]}}],"collection":[{"href":"https:\/\/jorgezanoni.com.br\/2019\/wp-json\/wp\/v2\/posts"}],"about":[{"href":"https:\/\/jorgezanoni.com.br\/2019\/wp-json\/wp\/v2\/types\/post"}],"author":[{"embeddable":true,"href":"https:\/\/jorgezanoni.com.br\/2019\/wp-json\/wp\/v2\/users\/1"}],"replies":[{"embeddable":true,"href":"https:\/\/jorgezanoni.com.br\/2019\/wp-json\/wp\/v2\/comments?post=15618"}],"version-history":[{"count":0,"href":"https:\/\/jorgezanoni.com.br\/2019\/wp-json\/wp\/v2\/posts\/15618\/revisions"}],"wp:featuredmedia":[{"embeddable":true,"href":"https:\/\/jorgezanoni.com.br\/2019\/wp-json\/wp\/v2\/media\/15620"}],"wp:attachment":[{"href":"https:\/\/jorgezanoni.com.br\/2019\/wp-json\/wp\/v2\/media?parent=15618"}],"wp:term":[{"taxonomy":"category","embeddable":true,"href":"https:\/\/jorgezanoni.com.br\/2019\/wp-json\/wp\/v2\/categories?post=15618"},{"taxonomy":"post_tag","embeddable":true,"href":"https:\/\/jorgezanoni.com.br\/2019\/wp-json\/wp\/v2\/tags?post=15618"}],"curies":[{"name":"wp","href":"https:\/\/api.w.org\/{rel}","templated":true}]}}