{"id":15613,"date":"2020-01-04T12:38:40","date_gmt":"2020-01-04T12:38:40","guid":{"rendered":"https:\/\/jorgezanoni.com.br\/2019\/?p=15613"},"modified":"2020-01-04T12:38:40","modified_gmt":"2020-01-04T12:38:40","slug":"casal-de-florida-paulista-fica-ferido-em-capotamento-no-trevo-da-lagoa-seca","status":"publish","type":"post","link":"https:\/\/jorgezanoni.com.br\/2019\/casal-de-florida-paulista-fica-ferido-em-capotamento-no-trevo-da-lagoa-seca\/","title":{"rendered":"Casal de Fl\u00f3rida Paulista fica ferido em capotamento no trevo da Lagoa Seca"},"content":{"rendered":"<p style=\"text-align: justify;\">Um casal morador de Fl\u00f3rida Paulista ficou ferido em decorr\u00eancia de um acidente de tr\u00e2nsito ocorrido na SP-294 em Adamantina.<\/p>\n<p style=\"text-align: justify;\">O capotamento ocorreu por volta das 14h desta sexta-feira (3) no trevo da Lagoa Seca localizado no km 596+600 da Rodovia Comandante Jo\u00e3o Ribeiro de Barros.<\/p>\n<p style=\"text-align: justify;\">As duas v\u00edtimas seguiam no ve\u00edculo Corsa Sedan no sentido Lagoa Seca \/ SP-294 com destino a Fl\u00f3rida Paulista quando por motivos desconhecidos o ve\u00edculo acabou atingindo dois canteiros e posteriormente capotou e foi parar no meio da rotat\u00f3ria.<\/p>\n<p style=\"text-align: justify;\">A passageira ficou presa nas ferragens e precisou ser removida pelos bombeiros. O motorista passou pelo teste do baf\u00f4metro que constatou que o mesmo n\u00e3o dirigia sob o efeito de bebidas alco\u00f3licas.<\/p>\n<p style=\"text-align: justify;\">Ambos foram encaminhados com ferimentos leves para o Pronto Socorro de Adamantina onde permanecem sob os cuidados m\u00e9dicos.<\/p>\n<p style=\"text-align: justify;\">Tamb\u00e9m atuaram nesta ocorr\u00eancia a Pol\u00edcia Rodovi\u00e1ria, Pol\u00edcia Militar, Pol\u00edcia Cient\u00edfica e profissionais da Unidade B\u00e1sica de Atendimento do Departamento de Estradas de Rodagem.<\/p>\n<p style=\"text-align: justify;\">Um laudo do Instituto de Criminal\u00edstica de Adamantina vai apontar as causas do acidente.<\/p>\n<p style=\"text-align: justify;\"><img loading=\"lazy\" decoding=\"async\" class=\"alignnone size-full wp-image-15614\" src=\"https:\/\/jorgezanoni.com.br\/2019\/wp-content\/uploads\/2020\/01\/lagoa.jpg\" alt=\"\" width=\"870\" height=\"522\" srcset=\"https:\/\/jorgezanoni.com.br\/2019\/wp-content\/uploads\/2020\/01\/lagoa.jpg 870w, https:\/\/jorgezanoni.com.br\/2019\/wp-content\/uploads\/2020\/01\/lagoa-300x180.jpg 300w, https:\/\/jorgezanoni.com.br\/2019\/wp-content\/uploads\/2020\/01\/lagoa-768x461.jpg 768w, https:\/\/jorgezanoni.com.br\/2019\/wp-content\/uploads\/2020\/01\/lagoa-696x418.jpg 696w, https:\/\/jorgezanoni.com.br\/2019\/wp-content\/uploads\/2020\/01\/lagoa-700x420.jpg 700w\" sizes=\"auto, (max-width: 870px) 100vw, 870px\" \/> <img loading=\"lazy\" decoding=\"async\" class=\"alignnone size-full wp-image-15616\" src=\"https:\/\/jorgezanoni.com.br\/2019\/wp-content\/uploads\/2020\/01\/lagoa2.jpg\" alt=\"\" width=\"870\" height=\"522\" srcset=\"https:\/\/jorgezanoni.com.br\/2019\/wp-content\/uploads\/2020\/01\/lagoa2.jpg 870w, https:\/\/jorgezanoni.com.br\/2019\/wp-content\/uploads\/2020\/01\/lagoa2-300x180.jpg 300w, https:\/\/jorgezanoni.com.br\/2019\/wp-content\/uploads\/2020\/01\/lagoa2-768x461.jpg 768w, https:\/\/jorgezanoni.com.br\/2019\/wp-content\/uploads\/2020\/01\/lagoa2-696x418.jpg 696w, https:\/\/jorgezanoni.com.br\/2019\/wp-content\/uploads\/2020\/01\/lagoa2-700x420.jpg 700w\" sizes=\"auto, (max-width: 870px) 100vw, 870px\" \/><br \/>\n<strong><br \/>\n<\/strong>Fotos: Diego Fernandes Silva \/ Folha Regional<\/p>\n","protected":false},"excerpt":{"rendered":"<p>Um casal morador de Fl\u00f3rida Paulista ficou ferido em decorr\u00eancia de um acidente de tr\u00e2nsito ocorrido na SP-294 em Adamantina. O capotamento ocorreu por volta das 14h desta sexta-feira (3) no trevo da Lagoa Seca localizado no km 596+600 da Rodovia Comandante Jo\u00e3o Ribeiro de Barros. As duas v\u00edtimas seguiam no ve\u00edculo Corsa Sedan no [&hellip;]<\/p>\n","protected":false},"author":1,"featured_media":15615,"comment_status":"closed","ping_status":"open","sticky":false,"template":"","format":"standard","meta":{"footnotes":""},"categories":[170,110],"tags":[],"class_list":["post-15613","post","type-post","status-publish","format-standard","has-post-thumbnail","hentry","category-acidentes","category-noticiasdestaque"],"_links":{"self":[{"href":"https:\/\/jorgezanoni.com.br\/2019\/wp-json\/wp\/v2\/posts\/15613","targetHints":{"allow":["GET"]}}],"collection":[{"href":"https:\/\/jorgezanoni.com.br\/2019\/wp-json\/wp\/v2\/posts"}],"about":[{"href":"https:\/\/jorgezanoni.com.br\/2019\/wp-json\/wp\/v2\/types\/post"}],"author":[{"embeddable":true,"href":"https:\/\/jorgezanoni.com.br\/2019\/wp-json\/wp\/v2\/users\/1"}],"replies":[{"embeddable":true,"href":"https:\/\/jorgezanoni.com.br\/2019\/wp-json\/wp\/v2\/comments?post=15613"}],"version-history":[{"count":0,"href":"https:\/\/jorgezanoni.com.br\/2019\/wp-json\/wp\/v2\/posts\/15613\/revisions"}],"wp:featuredmedia":[{"embeddable":true,"href":"https:\/\/jorgezanoni.com.br\/2019\/wp-json\/wp\/v2\/media\/15615"}],"wp:attachment":[{"href":"https:\/\/jorgezanoni.com.br\/2019\/wp-json\/wp\/v2\/media?parent=15613"}],"wp:term":[{"taxonomy":"category","embeddable":true,"href":"https:\/\/jorgezanoni.com.br\/2019\/wp-json\/wp\/v2\/categories?post=15613"},{"taxonomy":"post_tag","embeddable":true,"href":"https:\/\/jorgezanoni.com.br\/2019\/wp-json\/wp\/v2\/tags?post=15613"}],"curies":[{"name":"wp","href":"https:\/\/api.w.org\/{rel}","templated":true}]}}