{"id":15602,"date":"2020-01-03T14:46:50","date_gmt":"2020-01-03T14:46:50","guid":{"rendered":"https:\/\/jorgezanoni.com.br\/2019\/?p=15602"},"modified":"2020-01-03T15:01:18","modified_gmt":"2020-01-03T15:01:18","slug":"menina-de-13-anos-e-estuprada-pelo-namorado-da-mae-em-florida-paulista","status":"publish","type":"post","link":"https:\/\/jorgezanoni.com.br\/2019\/menina-de-13-anos-e-estuprada-pelo-namorado-da-mae-em-florida-paulista\/","title":{"rendered":"Menina de 13 anos \u00e9 estuprada pelo namorado da m\u00e3e em Fl\u00f3rida Paulista"},"content":{"rendered":"<div class=\"mc-column content-text active-extra-styles active-capital-letter\" data-block-type=\"unstyled\" data-block-weight=\"23\" data-block-id=\"1\">\n<p class=\"content-text__container theme-color-primary-first-letter\" style=\"text-align: justify;\" data-track-category=\"Link no Texto\" data-track-links=\"\">Uma crian\u00e7a de 13 anos foi v\u00edtima de estupro pelo namorado da m\u00e3e em\u00a0Fl\u00f3rida Paulista. Caso foi registrado nesta quinta-feira (2).<\/p>\n<\/div>\n<div class=\"wall protected-content\">\n<div class=\"mc-column content-text active-extra-styles \" style=\"text-align: justify;\" data-block-type=\"unstyled\" data-block-weight=\"37\" data-block-id=\"2\">\n<p class=\"content-text__container \" data-track-category=\"Link no Texto\" data-track-links=\"\">De acordo com informa\u00e7\u00f5es da Pol\u00edcia Civil, a m\u00e3e da v\u00edtima contou que mantinha um relacionamento com o suspeito h\u00e1 algum tempo e sempre teve o costume de ir na casa dele com os quatro filhos.<\/p>\n<\/div>\n<div class=\"mc-column content-text active-extra-styles \" data-block-type=\"unstyled\" data-block-weight=\"30\" data-block-id=\"3\">\n<p class=\"content-text__container \" style=\"text-align: justify;\" data-track-category=\"Link no Texto\" data-track-links=\"\">Em uma dessas idas a casa do namorado, conforme a pol\u00edcia, ela estava cozinhando, os filhos brincando na sala e a menina de 13 anos estava limpando a resid\u00eancia.<\/p>\n<div class=\"mc-column content-text active-extra-styles \" style=\"text-align: justify;\" data-block-type=\"unstyled\" data-block-weight=\"35\" data-block-id=\"4\">\n<p class=\"content-text__container \" data-track-category=\"Link no Texto\" data-track-links=\"\">Ao entrar no quarto do namorado da m\u00e3e para limpar o c\u00f4modo, de acordo com a pol\u00edcia, o suspeito entrou com ela e come\u00e7ou acariciar seu corpo, passando as m\u00e3os por suas partes \u00edntimas.<\/p>\n<\/div>\n<div class=\"mc-column content-text active-extra-styles \" style=\"text-align: justify;\" data-block-type=\"unstyled\" data-block-weight=\"25\" data-block-id=\"5\">\n<p class=\"content-text__container \" data-track-category=\"Link no Texto\" data-track-links=\"\">Ainda conforme a pol\u00edcia, a m\u00e3e n\u00e3o ouviu nada, pois estava na cozinha, mas percebeu que o comportamento da filha havia mudado desde ent\u00e3o.<\/p>\n<\/div>\n<div class=\"mc-column content-text active-extra-styles \" style=\"text-align: justify;\" data-block-type=\"unstyled\" data-block-weight=\"13\" data-block-id=\"6\">\n<p class=\"content-text__container \" data-track-category=\"Link no Texto\" data-track-links=\"\">A mulher questionou a filha, que acabou contando o que havia ocorrido.<\/p>\n<\/div>\n<div class=\"mc-column content-text active-extra-styles \" style=\"text-align: justify;\" data-block-type=\"unstyled\" data-block-weight=\"10\" data-block-id=\"7\">\n<p class=\"content-text__container \" data-track-category=\"Link no Texto\" data-track-links=\"\">A Pol\u00edcia Civil instaurou inqu\u00e9rito para investigar o caso.<\/p>\n<\/div>\n<div class=\"mc-column content-text active-extra-styles \" data-block-type=\"unstyled\" data-block-weight=\"15\" data-block-id=\"8\">\n<p class=\"content-text__container \" style=\"text-align: justify;\" data-track-category=\"Link no Texto\" data-track-links=\"\">A ocorr\u00eancia foi registrada na Delegacia de Pol\u00edcia de Fl\u00f3rida Paulista como estupro de vulner\u00e1vel.<\/p>\n<p class=\"content-text__container \" style=\"text-align: justify;\" data-track-category=\"Link no Texto\" data-track-links=\"\">Fonte: G1<\/p>\n<p style=\"text-align: justify;\" data-track-category=\"Link no Texto\" data-track-links=\"\">Imagem Ilustrativa<\/p>\n<\/div>\n<\/div>\n<\/div>\n","protected":false},"excerpt":{"rendered":"<p>Uma crian\u00e7a de 13 anos foi v\u00edtima de estupro pelo namorado da m\u00e3e em\u00a0Fl\u00f3rida Paulista. Caso foi registrado nesta quinta-feira (2). De acordo com informa\u00e7\u00f5es da Pol\u00edcia Civil, a m\u00e3e da v\u00edtima contou que mantinha um relacionamento com o suspeito h\u00e1 algum tempo e sempre teve o costume de ir na casa dele com os [&hellip;]<\/p>\n","protected":false},"author":1,"featured_media":15603,"comment_status":"closed","ping_status":"open","sticky":false,"template":"","format":"standard","meta":{"footnotes":""},"categories":[110,2],"tags":[],"class_list":["post-15602","post","type-post","status-publish","format-standard","has-post-thumbnail","hentry","category-noticiasdestaque","category-policial"],"_links":{"self":[{"href":"https:\/\/jorgezanoni.com.br\/2019\/wp-json\/wp\/v2\/posts\/15602","targetHints":{"allow":["GET"]}}],"collection":[{"href":"https:\/\/jorgezanoni.com.br\/2019\/wp-json\/wp\/v2\/posts"}],"about":[{"href":"https:\/\/jorgezanoni.com.br\/2019\/wp-json\/wp\/v2\/types\/post"}],"author":[{"embeddable":true,"href":"https:\/\/jorgezanoni.com.br\/2019\/wp-json\/wp\/v2\/users\/1"}],"replies":[{"embeddable":true,"href":"https:\/\/jorgezanoni.com.br\/2019\/wp-json\/wp\/v2\/comments?post=15602"}],"version-history":[{"count":0,"href":"https:\/\/jorgezanoni.com.br\/2019\/wp-json\/wp\/v2\/posts\/15602\/revisions"}],"wp:featuredmedia":[{"embeddable":true,"href":"https:\/\/jorgezanoni.com.br\/2019\/wp-json\/wp\/v2\/media\/15603"}],"wp:attachment":[{"href":"https:\/\/jorgezanoni.com.br\/2019\/wp-json\/wp\/v2\/media?parent=15602"}],"wp:term":[{"taxonomy":"category","embeddable":true,"href":"https:\/\/jorgezanoni.com.br\/2019\/wp-json\/wp\/v2\/categories?post=15602"},{"taxonomy":"post_tag","embeddable":true,"href":"https:\/\/jorgezanoni.com.br\/2019\/wp-json\/wp\/v2\/tags?post=15602"}],"curies":[{"name":"wp","href":"https:\/\/api.w.org\/{rel}","templated":true}]}}