{"id":15578,"date":"2020-01-03T13:32:21","date_gmt":"2020-01-03T13:32:21","guid":{"rendered":"https:\/\/jorgezanoni.com.br\/2019\/?p=15578"},"modified":"2020-01-03T13:32:21","modified_gmt":"2020-01-03T13:32:21","slug":"decada-perdida","status":"publish","type":"post","link":"https:\/\/jorgezanoni.com.br\/2019\/decada-perdida\/","title":{"rendered":"D\u00e9cada Perdida&#8230;"},"content":{"rendered":"<p style=\"text-align: justify;\"><strong>D\u00c9CADA PERDIDA&#8230;<\/strong><\/p>\n<p style=\"text-align: justify;\"><strong>*CLAUDIVAL CLEMENTE<\/strong><\/p>\n<p style=\"text-align: justify;\"><strong>*CLAUDIVAL MOURA CLEMENTE<\/strong><\/p>\n<p style=\"text-align: justify;\">Mais um ano terminou e com ele a d\u00e9cada que se iniciou em 2010. Foi um per\u00edodo bastante conturbado econ\u00f4mica e politicamente para o Brasil.<\/p>\n<p style=\"text-align: justify;\">A economia brasileira foi fortemente abalada com a implanta\u00e7\u00e3o da chamada nova matriz econ\u00f4mica, implantada em 2011, um conjunto de medidas com base em pol\u00edticas de forte interven\u00e7\u00e3o governamental, redu\u00e7\u00e3o da taxa de juros e pol\u00edtica fiscal com dirigismo no investimento, eleva\u00e7\u00e3o de gastos, concess\u00f5es de subs\u00eddios e interven\u00e7\u00e3o em pre\u00e7os.<\/p>\n<p style=\"text-align: justify;\">Esta tal nova matriz econ\u00f4mica, al\u00e9m de conter medidas antigas que nunca produziram efeitos, causou um efeito danoso \u00e0 economia, provocando quedas nos graus de investimentos tanto do governo quanto das empresas p\u00fablicas.<\/p>\n<p style=\"text-align: justify;\">Na sequ\u00eancia, se descobriu uma enorme rede de corrup\u00e7\u00e3o envolvendo v\u00e1rios pol\u00edticos, autoridades governamentais, empres\u00e1rios e partidos pol\u00edticos, culminando com a pris\u00e3o de v\u00e1rias personalidades famosas.<\/p>\n<p style=\"text-align: justify;\">O Brasil chegou ao fundo do po\u00e7o, mas o povo brasileiro n\u00e3o desistiu da luta e revidou com manifesta\u00e7\u00f5es populares, exigindo mudan\u00e7as que se implementaram com as elei\u00e7\u00f5es de 2018.<\/p>\n<p style=\"text-align: justify;\">Infelizmente o pa\u00eds ainda n\u00e3o atingiu a indispens\u00e1vel maturidade, mas a jovem democracia brasileira est\u00e1 em fase de formata\u00e7\u00e3o e sempre repelindo todas as manifesta\u00e7\u00f5es radicais, sejam da esquerda quanto da direita.<\/p>\n<p style=\"text-align: justify;\">Muito embora a economia esteja em recupera\u00e7\u00e3o, \u00e9 baixa a probabilidade para investimentos internos ou do exterior, pois inobstante algumas tentativas, ainda n\u00e3o foi poss\u00edvel engatar uma segunda marcha, o que inibe os poss\u00edveis investidores.<\/p>\n<p style=\"text-align: justify;\">Contudo, considerando que este ano \u00e9 chamado de \u201cano pol\u00edtico\u201d, com a realiza\u00e7\u00e3o de elei\u00e7\u00f5es para prefeitos e vereadores, \u00e9 poss\u00edvel que sejam implantadas algumas medidas microecon\u00f4micas, suficientes para produzir alguns impactos na economia, de modo a propiciar aumento nos investimentos e abertura de novos postos de trabalho.<\/p>\n<p style=\"text-align: justify;\">Pelo menos esta \u00e9 a esperan\u00e7a do povo brasileiro, para compensar a d\u00e9cada perdida que chegou finalmente ao seu final.<\/p>\n<p style=\"text-align: justify;\">Envie d\u00favidas, coment\u00e1rios ou sugest\u00f5es para <a href=\"mailto:bcrcconsultoria@gmail.com\">bcrcconsultoria@gmail.com<\/a>. At\u00e9 a pr\u00f3xima.<\/p>\n<p style=\"text-align: justify;\">*Formado em Direito pela Universidade Estadual de Direito do Norte Pioneiro em Jacarezinho e em Administra\u00e7\u00e3o de Empresas pela Faculdades Integradas de Ourinhos. S\u00f3cio s\u00eanior da BCRC Consultoria.<\/p>\n<p style=\"text-align: justify;\">** Revis\u00e3o e colabora\u00e7\u00e3o\u00a0 &#8211; Acad\u00eamico de Administra\u00e7\u00e3o de Empresas na UNICID.<\/p>\n","protected":false},"excerpt":{"rendered":"<p>D\u00c9CADA PERDIDA&#8230; *CLAUDIVAL CLEMENTE *CLAUDIVAL MOURA CLEMENTE Mais um ano terminou e com ele a d\u00e9cada que se iniciou em 2010. Foi um per\u00edodo bastante conturbado econ\u00f4mica e politicamente para o Brasil. A economia brasileira foi fortemente abalada com a implanta\u00e7\u00e3o da chamada nova matriz econ\u00f4mica, implantada em 2011, um conjunto de medidas com base [&hellip;]<\/p>\n","protected":false},"author":1,"featured_media":15579,"comment_status":"closed","ping_status":"open","sticky":false,"template":"","format":"standard","meta":{"footnotes":""},"categories":[175],"tags":[],"class_list":["post-15578","post","type-post","status-publish","format-standard","has-post-thumbnail","hentry","category-artigos"],"_links":{"self":[{"href":"https:\/\/jorgezanoni.com.br\/2019\/wp-json\/wp\/v2\/posts\/15578","targetHints":{"allow":["GET"]}}],"collection":[{"href":"https:\/\/jorgezanoni.com.br\/2019\/wp-json\/wp\/v2\/posts"}],"about":[{"href":"https:\/\/jorgezanoni.com.br\/2019\/wp-json\/wp\/v2\/types\/post"}],"author":[{"embeddable":true,"href":"https:\/\/jorgezanoni.com.br\/2019\/wp-json\/wp\/v2\/users\/1"}],"replies":[{"embeddable":true,"href":"https:\/\/jorgezanoni.com.br\/2019\/wp-json\/wp\/v2\/comments?post=15578"}],"version-history":[{"count":0,"href":"https:\/\/jorgezanoni.com.br\/2019\/wp-json\/wp\/v2\/posts\/15578\/revisions"}],"wp:featuredmedia":[{"embeddable":true,"href":"https:\/\/jorgezanoni.com.br\/2019\/wp-json\/wp\/v2\/media\/15579"}],"wp:attachment":[{"href":"https:\/\/jorgezanoni.com.br\/2019\/wp-json\/wp\/v2\/media?parent=15578"}],"wp:term":[{"taxonomy":"category","embeddable":true,"href":"https:\/\/jorgezanoni.com.br\/2019\/wp-json\/wp\/v2\/categories?post=15578"},{"taxonomy":"post_tag","embeddable":true,"href":"https:\/\/jorgezanoni.com.br\/2019\/wp-json\/wp\/v2\/tags?post=15578"}],"curies":[{"name":"wp","href":"https:\/\/api.w.org\/{rel}","templated":true}]}}