{"id":15545,"date":"2020-01-03T00:38:29","date_gmt":"2020-01-03T00:38:29","guid":{"rendered":"https:\/\/jorgezanoni.com.br\/2019\/?p=15545"},"modified":"2020-01-03T00:38:29","modified_gmt":"2020-01-03T00:38:29","slug":"incendio-que-destruiu-estatua-da-loja-havan-de-sao-carlos-foi-criminoso-diz-policia-civil","status":"publish","type":"post","link":"https:\/\/jorgezanoni.com.br\/2019\/incendio-que-destruiu-estatua-da-loja-havan-de-sao-carlos-foi-criminoso-diz-policia-civil\/","title":{"rendered":"Inc\u00eandio que destruiu est\u00e1tua da loja Havan de S\u00e3o Carlos foi criminoso, diz Pol\u00edcia Civil"},"content":{"rendered":"<h2 class=\"content-head__subtitle\" style=\"text-align: justify;\"><strong>Carro que passou pelo local na madrugada do crime \u00e9 investigado. Ningu\u00e9m foi preso.<\/strong><\/h2>\n<p style=\"text-align: justify;\"><img loading=\"lazy\" decoding=\"async\" class=\"alignnone size-full wp-image-15546\" src=\"https:\/\/jorgezanoni.com.br\/2019\/wp-content\/uploads\/2020\/01\/havan.jpg\" alt=\"\" width=\"640\" height=\"358\" srcset=\"https:\/\/jorgezanoni.com.br\/2019\/wp-content\/uploads\/2020\/01\/havan.jpg 640w, https:\/\/jorgezanoni.com.br\/2019\/wp-content\/uploads\/2020\/01\/havan-300x168.jpg 300w\" sizes=\"auto, (max-width: 640px) 100vw, 640px\" \/>Est\u00e1tua da Havan em S\u00e3o Carlos fica totalmente destru\u00edda ap\u00f3s pegar fogo \u2014 Foto: Reprodu\u00e7\u00e3o EPTV<\/p>\n<div class=\"mc-column content-text active-extra-styles \" style=\"text-align: justify;\" data-block-type=\"unstyled\" data-block-weight=\"45\" data-block-id=\"2\">\n<p class=\"content-text__container \" data-track-category=\"Link no Texto\" data-track-links=\"\">A Pol\u00edcia Civil de\u00a0<a href=\"https:\/\/g1.globo.com\/sp\/sao-carlos-regiao\/cidade\/sao-carlos\/\">S\u00e3o Carlos<\/a>\u00a0(SP) confirmou que o\u00a0<a href=\"https:\/\/g1.globo.com\/sp\/sao-carlos-regiao\/noticia\/2019\/12\/31\/video-estatua-da-havan-fica-totalmente-destruida-apos-pegar-fogo-em-sao-carlos.ghtml\">inc\u00eandio que destruiu a est\u00e1tua da loja Havan<\/a>, ocorrido na ter\u00e7a-feira (31) foi criminoso. Um carro que parou na loja de departamentos durante a madrugada do crime \u00e9 investigado e ainda ningu\u00e9m foi preso.<\/p>\n<\/div>\n<div class=\"wall protected-content\">\n<div class=\"mc-column content-text active-extra-styles \" data-block-type=\"unstyled\" data-block-weight=\"38\" data-block-id=\"3\">\n<p class=\"content-text__container \" style=\"text-align: justify;\" data-track-category=\"Link no Texto\" data-track-links=\"\">De acordo com informa\u00e7\u00f5es passadas pelo 1\u00ba Distrito Policial nesta quinta-feira (2), o delegado respons\u00e1vel pelo caso analisa imagens das c\u00e2meras de seguran\u00e7a que mostram dois carros pr\u00f3ximos \u00e0 est\u00e1tua, \u00e0s margens da Rodovia Washington Lu\u00eds (SP-310).<\/p>\n<div class=\"mc-column content-text active-extra-styles \" style=\"text-align: justify;\" data-block-type=\"unstyled\" data-block-weight=\"43\" data-block-id=\"6\">\n<p class=\"content-text__container \" data-track-category=\"Link no Texto\" data-track-links=\"\">Um deles j\u00e1 foi checado e descartado por se tratar de um ve\u00edculo com problemas mec\u00e2nicos. O outro ainda \u00e9 alvo de investiga\u00e7\u00e3o e as informa\u00e7\u00f5es sobre ele n\u00e3o foram divulgadas. A pol\u00edcia tamb\u00e9m n\u00e3o deu detalhes do que causou as chamas.<\/p>\n<\/div>\n<div class=\"mc-column content-text active-extra-styles \" style=\"text-align: justify;\" data-block-type=\"unstyled\" data-block-weight=\"31\" data-block-id=\"7\">\n<p class=\"content-text__container \" data-track-category=\"Link no Texto\" data-track-links=\"\">O delegado ainda ir\u00e1 ouvir o vigilante da empresa de seguran\u00e7a que esteve no local durante a madrugada do crime. At\u00e9 a publica\u00e7\u00e3o desta reportagem, n\u00e3o foram divulgados nomes de suspeitos.<\/p>\n<\/div>\n<div class=\"mc-column content-text active-extra-styles\" data-block-type=\"raw\" data-block-weight=\"1\" data-block-id=\"8\">\n<div class=\"content-intertitle\">\n<h2 style=\"text-align: justify;\">Inc\u00eandio<\/h2>\n<div class=\"mc-column content-text active-extra-styles \" style=\"text-align: justify;\" data-block-type=\"unstyled\" data-block-weight=\"46\" data-block-id=\"10\">\n<p class=\"content-text__container \" data-track-category=\"Link no Texto\" data-track-links=\"\">A est\u00e1tua da Havan de S\u00e3o Carlos era feita de acr\u00edlico e ficou totalmente destru\u00edda ap\u00f3s pegar fogo\u00a0<strong>(veja v\u00eddeo acima)<\/strong>. Segundo o Corpo de Bombeiros, as chamas come\u00e7aram por volta das 5h e demoraram 20 minutos para serem controladas por duas equipes. Ningu\u00e9m ficou ferido.<\/p>\n<\/div>\n<div class=\"content-ads content-ads--reveal\" style=\"text-align: justify;\" data-block-type=\"ads\" data-block-id=\"11\"><\/div>\n<div class=\"mc-column content-text active-extra-styles \" style=\"text-align: justify;\" data-block-type=\"unstyled\" data-block-weight=\"17\" data-block-id=\"12\">\n<p class=\"content-text__container \" data-track-category=\"Link no Texto\" data-track-links=\"\">Em nota ao\u00a0<strong>G1<\/strong>, a assessoria de imprensa da Havan informou que a est\u00e1tua n\u00e3o possu\u00eda ilumina\u00e7\u00e3o.<\/p>\n<\/div>\n<div class=\"mc-column content-text active-extra-styles\" data-block-type=\"raw\" data-block-weight=\"1\" data-block-id=\"13\">\n<div class=\"content-intertitle\">\n<h2 style=\"text-align: justify;\">Ataque<\/h2>\n<p style=\"text-align: justify;\"><img loading=\"lazy\" decoding=\"async\" class=\"alignnone size-full wp-image-15547\" src=\"https:\/\/jorgezanoni.com.br\/2019\/wp-content\/uploads\/2020\/01\/havan2.jpg\" alt=\"\" width=\"640\" height=\"336\" srcset=\"https:\/\/jorgezanoni.com.br\/2019\/wp-content\/uploads\/2020\/01\/havan2.jpg 640w, https:\/\/jorgezanoni.com.br\/2019\/wp-content\/uploads\/2020\/01\/havan2-300x158.jpg 300w\" sizes=\"auto, (max-width: 640px) 100vw, 640px\" \/>Luciano Hang, dono da Havan \u2014 Foto: Reprodu\u00e7\u00e3o Facebook<\/p>\n<div class=\"mc-column content-text active-extra-styles \" style=\"text-align: justify;\" data-block-type=\"unstyled\" data-block-weight=\"28\" data-block-id=\"15\">\n<p class=\"content-text__container \" data-track-category=\"Link no Texto\" data-track-links=\"\">Na tarde do crime, o propriet\u00e1rio da Havan, Luciano Hang, fez uma transmiss\u00e3o ao vivo via Facebook, afirmando que o inc\u00eandio foi um \u201cataque terrorista\u201d e \u201cato pol\u00edtico\u201d.<\/p>\n<\/div>\n<div class=\"mc-column content-text active-extra-styles \" style=\"text-align: justify;\" data-block-type=\"unstyled\" data-block-weight=\"39\" data-block-id=\"16\">\n<p class=\"content-text__container \" data-track-category=\"Link no Texto\" data-track-links=\"\">Hang, que estava no escrit\u00f3rio de Brusque (SC), falou por mais de 30 minutos e mostrou fotos da est\u00e1tua de S\u00e3o Carlos destru\u00edda, de picha\u00e7\u00f5es na base da est\u00e1tua e de embalagens que ele diz ser de coquet\u00e9is molotov.<\/p>\n<\/div>\n<div class=\"mc-column content-text active-extra-styles \" data-block-type=\"unstyled\" data-block-weight=\"34\" data-block-id=\"17\">\n<p class=\"content-text__container \" style=\"text-align: justify;\" data-track-category=\"Link no Texto\" data-track-links=\"\">&#8220;N\u00f3s n\u00e3o podemos aceitar um ataque terrorista que n\u00e3o \u00e9 contra mim, mas contra toda a popula\u00e7\u00e3o brasileira. \u00c9 vandalismo, \u00e9 coisa de malandro. Esse pessoal n\u00e3o acredita na democracia, na liberdade de express\u00e3o.&#8221;<\/p>\n<p style=\"text-align: justify;\" data-track-category=\"Link no Texto\" data-track-links=\"\"><img loading=\"lazy\" decoding=\"async\" class=\"alignnone size-full wp-image-15548\" src=\"https:\/\/jorgezanoni.com.br\/2019\/wp-content\/uploads\/2020\/01\/havan3.jpg\" alt=\"\" width=\"640\" height=\"429\" srcset=\"https:\/\/jorgezanoni.com.br\/2019\/wp-content\/uploads\/2020\/01\/havan3.jpg 640w, https:\/\/jorgezanoni.com.br\/2019\/wp-content\/uploads\/2020\/01\/havan3-300x201.jpg 300w, https:\/\/jorgezanoni.com.br\/2019\/wp-content\/uploads\/2020\/01\/havan3-627x420.jpg 627w\" sizes=\"auto, (max-width: 640px) 100vw, 640px\" \/><\/p>\n<p style=\"text-align: justify;\" data-track-category=\"Link no Texto\" data-track-links=\"\">Loja da Havan em S\u00e3o Carlos \u2014 Foto: Divulga\u00e7\u00e3o<\/p>\n<div class=\"mc-column content-text active-extra-styles \" style=\"text-align: justify;\" data-block-type=\"unstyled\" data-block-weight=\"52\" data-block-id=\"20\">\n<p class=\"content-text__container \" data-track-category=\"Link no Texto\" data-track-links=\"\">Hang afirmou que espera que a pol\u00edcia elucide o caso e puna os respons\u00e1veis o mais rapidamente poss\u00edvel. Disse ainda que a est\u00e1tua ser\u00e1 reposta e defendeu o s\u00edmbolo da sua rede de lojas, dizendo que ela representa o que quer para o Brasil e que se trata de um \u00edcone mundial.<\/p>\n<\/div>\n<div class=\"mc-column content-text active-extra-styles \" data-block-type=\"unstyled\" data-block-weight=\"17\" data-block-id=\"21\">\n<p class=\"content-text__container \" style=\"text-align: justify;\" data-track-category=\"Link no Texto\" data-track-links=\"\">\u201cA est\u00e1tua da Liberdade \u00e9 nosso s\u00edmbolo, representa a transpar\u00eancia, logo estar\u00e1 de volta, mais bonita\u201d, afirmou.<\/p>\n<p style=\"text-align: justify;\" data-track-category=\"Link no Texto\" data-track-links=\"\">Fonte: G1<\/p>\n<\/div>\n<\/div>\n<\/div>\n<\/div>\n<\/div>\n<\/div>\n<\/div>\n<\/div>\n","protected":false},"excerpt":{"rendered":"<p>Carro que passou pelo local na madrugada do crime \u00e9 investigado. Ningu\u00e9m foi preso. Est\u00e1tua da Havan em S\u00e3o Carlos fica totalmente destru\u00edda ap\u00f3s pegar fogo \u2014 Foto: Reprodu\u00e7\u00e3o EPTV A Pol\u00edcia Civil de\u00a0S\u00e3o Carlos\u00a0(SP) confirmou que o\u00a0inc\u00eandio que destruiu a est\u00e1tua da loja Havan, ocorrido na ter\u00e7a-feira (31) foi criminoso. Um carro que parou [&hellip;]<\/p>\n","protected":false},"author":1,"featured_media":15549,"comment_status":"closed","ping_status":"open","sticky":false,"template":"","format":"standard","meta":{"footnotes":""},"categories":[110,2],"tags":[],"class_list":["post-15545","post","type-post","status-publish","format-standard","has-post-thumbnail","hentry","category-noticiasdestaque","category-policial"],"_links":{"self":[{"href":"https:\/\/jorgezanoni.com.br\/2019\/wp-json\/wp\/v2\/posts\/15545","targetHints":{"allow":["GET"]}}],"collection":[{"href":"https:\/\/jorgezanoni.com.br\/2019\/wp-json\/wp\/v2\/posts"}],"about":[{"href":"https:\/\/jorgezanoni.com.br\/2019\/wp-json\/wp\/v2\/types\/post"}],"author":[{"embeddable":true,"href":"https:\/\/jorgezanoni.com.br\/2019\/wp-json\/wp\/v2\/users\/1"}],"replies":[{"embeddable":true,"href":"https:\/\/jorgezanoni.com.br\/2019\/wp-json\/wp\/v2\/comments?post=15545"}],"version-history":[{"count":0,"href":"https:\/\/jorgezanoni.com.br\/2019\/wp-json\/wp\/v2\/posts\/15545\/revisions"}],"wp:featuredmedia":[{"embeddable":true,"href":"https:\/\/jorgezanoni.com.br\/2019\/wp-json\/wp\/v2\/media\/15549"}],"wp:attachment":[{"href":"https:\/\/jorgezanoni.com.br\/2019\/wp-json\/wp\/v2\/media?parent=15545"}],"wp:term":[{"taxonomy":"category","embeddable":true,"href":"https:\/\/jorgezanoni.com.br\/2019\/wp-json\/wp\/v2\/categories?post=15545"},{"taxonomy":"post_tag","embeddable":true,"href":"https:\/\/jorgezanoni.com.br\/2019\/wp-json\/wp\/v2\/tags?post=15545"}],"curies":[{"name":"wp","href":"https:\/\/api.w.org\/{rel}","templated":true}]}}