{"id":15540,"date":"2020-01-03T00:07:08","date_gmt":"2020-01-03T00:07:08","guid":{"rendered":"https:\/\/jorgezanoni.com.br\/2019\/?p=15540"},"modified":"2020-01-03T00:07:08","modified_gmt":"2020-01-03T00:07:08","slug":"apos-tres-dias-internado-morre-motorista-do-onibus-que-bateu-na-traseira-de-caminhao","status":"publish","type":"post","link":"https:\/\/jorgezanoni.com.br\/2019\/apos-tres-dias-internado-morre-motorista-do-onibus-que-bateu-na-traseira-de-caminhao\/","title":{"rendered":"Ap\u00f3s tr\u00eas dias internado, morre motorista do \u00f4nibus que bateu na traseira de caminh\u00e3o"},"content":{"rendered":"<h2 class=\"content-head__subtitle\" style=\"text-align: justify;\"><strong>Acidente aconteceu no \u00faltimo dia 30 de dezembro na Rodovia Engenheiro Jo\u00e3o Baptista Cabral Renn\u00f3. O homem de 61 anos ficou gravemente ferido e morreu no HC de Mar\u00edlia.<\/strong><\/h2>\n<div class=\"mc-column content-text active-extra-styles \" data-block-type=\"unstyled\" data-block-weight=\"45\" data-block-id=\"2\">\n<p class=\"content-text__container \" style=\"text-align: justify;\" data-track-category=\"Link no Texto\" data-track-links=\"\">O motorista do\u00a0<a href=\"https:\/\/g1.globo.com\/sp\/bauru-marilia\/noticia\/2019\/12\/30\/acidente-entre-onibus-e-caminhao-deixa-quatro-feridos-em-santa-cruz-do-rio-pardo.ghtml\">\u00f4nibus que se colidiu contra a traseira de um caminh\u00e3o<\/a>\u00a0na madrugada de segunda-feira (30), na Rodovia Engenheiro Jo\u00e3o Baptista Cabral Renn\u00f3 (SP-225), em Santa Cruz do Rio Pardo (SP), morreu nesta quinta-feira (2) ap\u00f3s ficar tr\u00eas dias internado em estado grave.<\/p>\n<\/div>\n<div class=\"wall protected-content\">\n<div class=\"mc-column content-text active-extra-styles \" style=\"text-align: justify;\" data-block-type=\"unstyled\" data-block-weight=\"21\" data-block-id=\"3\">\n<p class=\"content-text__container \" data-track-category=\"Link no Texto\" data-track-links=\"\">Entre os quatro feridos no acidente, Juarez Pinheiro Neves, de 61 anos, foi o que ficou em estado mais grave.<\/p>\n<\/div>\n<div class=\"mc-column content-text active-extra-styles \" style=\"text-align: justify;\" data-block-type=\"unstyled\" data-block-weight=\"37\" data-block-id=\"4\">\n<p class=\"content-text__container \" data-track-category=\"Link no Texto\" data-track-links=\"\">O motorista, que \u00e9 morador de Mirante do Paranapanema (SP), foi internado inicialmente na Santa Casa de Santa Cruz do Pardo, enquanto os outros tr\u00eas feridos passaram pelo Pronto-Atendimento da unidade e foram liberados no mesmo dia.<\/p>\n<\/div>\n<div class=\"content-ads content-ads--reveal\" style=\"text-align: justify;\" data-block-type=\"ads\" data-block-id=\"5\"><\/div>\n<div class=\"mc-column content-text active-extra-styles \" style=\"text-align: justify;\" data-block-type=\"unstyled\" data-block-weight=\"29\" data-block-id=\"6\">\n<p class=\"content-text__container \" data-track-category=\"Link no Texto\" data-track-links=\"\">Por conta de seu estado, o motorista foi transferido para o Hospital das Cl\u00ednicas (HC) de Mar\u00edlia, onde morreu nesta quinta-feira. O hospital n\u00e3o informou a causa da morte.<\/p>\n<\/div>\n<div class=\"mc-column content-text active-extra-styles \" style=\"text-align: justify;\" data-block-type=\"unstyled\" data-block-weight=\"28\" data-block-id=\"7\">\n<p class=\"content-text__container \" data-track-category=\"Link no Texto\" data-track-links=\"\">Segundo a Pol\u00edcia Rodovi\u00e1ria, o \u00f4nibus seguia de Presidente Epit\u00e1cio (SP) para S\u00e3o Paulo quando colidiu com a traseira de um caminh\u00e3o no quil\u00f4metro 298 da rodovia.<\/p>\n<\/div>\n<div class=\"mc-column content-text active-extra-styles \" style=\"text-align: justify;\" data-block-type=\"unstyled\" data-block-weight=\"41\" data-block-id=\"8\">\n<p class=\"content-text__container \" data-track-category=\"Link no Texto\" data-track-links=\"\">Segundo os bombeiros, a carga de metal que o caminh\u00e3o transportava caiu sobre a pista, que precisou ficar com uma faixa interditada durante a ocorr\u00eancia, sentido Santa Cruz do Rio Pardo a Bauru. A per\u00edcia vai investigar as causas do acidente.<\/p>\n<\/div>\n<div class=\"mc-column content-text active-extra-styles \" data-block-type=\"unstyled\" data-block-weight=\"54\" data-block-id=\"9\">\n<p class=\"content-text__container \" style=\"text-align: justify;\" data-track-category=\"Link no Texto\" data-track-links=\"\">Em nota, a Empresa de Transportes Andorinha S\/A informou que o \u00f4nibus envolvido no acidente passou por vistoria pelos \u00f3rg\u00e3os competentes e n\u00e3o tinha problemas mec\u00e2nicos. Disse, ainda, que os passageiros que n\u00e3o se feriram no acidente seguiram viagem em outro \u00f4nibus da empresa e que a Andorinha est\u00e1 prestando assist\u00eancia \u00e0s v\u00edtimas.<\/p>\n<p data-track-category=\"Link no Texto\" data-track-links=\"\">Fonte: G1<\/p>\n<\/div>\n<\/div>\n","protected":false},"excerpt":{"rendered":"<p>Acidente aconteceu no \u00faltimo dia 30 de dezembro na Rodovia Engenheiro Jo\u00e3o Baptista Cabral Renn\u00f3. O homem de 61 anos ficou gravemente ferido e morreu no HC de Mar\u00edlia. O motorista do\u00a0\u00f4nibus que se colidiu contra a traseira de um caminh\u00e3o\u00a0na madrugada de segunda-feira (30), na Rodovia Engenheiro Jo\u00e3o Baptista Cabral Renn\u00f3 (SP-225), em Santa [&hellip;]<\/p>\n","protected":false},"author":1,"featured_media":15541,"comment_status":"closed","ping_status":"open","sticky":false,"template":"","format":"standard","meta":{"footnotes":""},"categories":[170,110],"tags":[],"class_list":["post-15540","post","type-post","status-publish","format-standard","has-post-thumbnail","hentry","category-acidentes","category-noticiasdestaque"],"_links":{"self":[{"href":"https:\/\/jorgezanoni.com.br\/2019\/wp-json\/wp\/v2\/posts\/15540","targetHints":{"allow":["GET"]}}],"collection":[{"href":"https:\/\/jorgezanoni.com.br\/2019\/wp-json\/wp\/v2\/posts"}],"about":[{"href":"https:\/\/jorgezanoni.com.br\/2019\/wp-json\/wp\/v2\/types\/post"}],"author":[{"embeddable":true,"href":"https:\/\/jorgezanoni.com.br\/2019\/wp-json\/wp\/v2\/users\/1"}],"replies":[{"embeddable":true,"href":"https:\/\/jorgezanoni.com.br\/2019\/wp-json\/wp\/v2\/comments?post=15540"}],"version-history":[{"count":0,"href":"https:\/\/jorgezanoni.com.br\/2019\/wp-json\/wp\/v2\/posts\/15540\/revisions"}],"wp:featuredmedia":[{"embeddable":true,"href":"https:\/\/jorgezanoni.com.br\/2019\/wp-json\/wp\/v2\/media\/15541"}],"wp:attachment":[{"href":"https:\/\/jorgezanoni.com.br\/2019\/wp-json\/wp\/v2\/media?parent=15540"}],"wp:term":[{"taxonomy":"category","embeddable":true,"href":"https:\/\/jorgezanoni.com.br\/2019\/wp-json\/wp\/v2\/categories?post=15540"},{"taxonomy":"post_tag","embeddable":true,"href":"https:\/\/jorgezanoni.com.br\/2019\/wp-json\/wp\/v2\/tags?post=15540"}],"curies":[{"name":"wp","href":"https:\/\/api.w.org\/{rel}","templated":true}]}}