{"id":15535,"date":"2020-01-02T23:58:19","date_gmt":"2020-01-02T23:58:19","guid":{"rendered":"https:\/\/jorgezanoni.com.br\/2019\/?p=15535"},"modified":"2020-01-02T23:58:19","modified_gmt":"2020-01-02T23:58:19","slug":"cao-e-resgatado-por-bombeiros-apos-cair-em-penhasco-ao-se-assustar-com-fogos-de-artificio-no-interior-de-sp","status":"publish","type":"post","link":"https:\/\/jorgezanoni.com.br\/2019\/cao-e-resgatado-por-bombeiros-apos-cair-em-penhasco-ao-se-assustar-com-fogos-de-artificio-no-interior-de-sp\/","title":{"rendered":"C\u00e3o \u00e9 resgatado por bombeiros ap\u00f3s cair em penhasco ao se assustar com fogos de artif\u00edcio no interior de SP"},"content":{"rendered":"<h2 class=\"content-head__subtitle\" style=\"text-align: justify;\"><strong>Segundo dono, animal de 11 anos estava desaparecido desde o r\u00e9veillon e deve ter ca\u00eddo ap\u00f3s se assustar com os fogos em Mar\u00edlia (SP). Bombeiros usaram t\u00e9cnica de rapel para chegar ao fundo do buraco e pegar o c\u00e3o, que n\u00e3o se feriu.<\/strong><\/h2>\n<div class=\"mc-column content-text active-extra-styles \" data-block-type=\"unstyled\" data-block-weight=\"40\" data-block-id=\"2\">\n<p class=\"content-text__container \" style=\"text-align: justify;\" data-track-category=\"Link no Texto\" data-track-links=\"\">Um cachorro de pequeno porte e com 11 anos de idade foi resgatado na tarde desta quinta-feira (2) por uma equipe do Corpo de Bombeiros de Mar\u00edlia (SP) ap\u00f3s cair em um penhasco com profundidade de cerca de 50 metros.<\/p>\n<\/div>\n<div class=\"wall protected-content\">\n<div class=\"mc-column content-text active-extra-styles \" style=\"text-align: justify;\" data-block-type=\"unstyled\" data-block-weight=\"22\" data-block-id=\"3\">\n<p class=\"content-text__container \" data-track-category=\"Link no Texto\" data-track-links=\"\">O itamb\u00e9, como s\u00e3o chamados os penhascos existentes na cidade, fica no final do Jardim Bandeirantes, na zona oeste da cidade.<\/p>\n<\/div>\n<div class=\"mc-column content-text active-extra-styles \" style=\"text-align: justify;\" data-block-type=\"unstyled\" data-block-weight=\"34\" data-block-id=\"4\">\n<p class=\"content-text__container \" data-track-category=\"Link no Texto\" data-track-links=\"\">O local \u00e9 bem pr\u00f3ximo onde, no \u00faltimo dia 29,\u00a0<a href=\"https:\/\/g1.globo.com\/sp\/bauru-marilia\/noticia\/2019\/12\/29\/cachorro-que-caiu-em-penhasco-de-30-metros-e-resgatado-por-bombeiros-em-marilia.ghtml\">dois c\u00e3es tamb\u00e9m ca\u00edram em um penhasco e apenas um foi resgatado com vida<\/a>\u00a0\u2013 a m\u00e3e do animal sobrevivente morreu na queda.<\/p>\n<\/div>\n<div class=\"mc-column content-text active-extra-styles \" style=\"text-align: justify;\" data-block-type=\"unstyled\" data-block-weight=\"42\" data-block-id=\"5\">\n<p class=\"content-text__container \" data-track-category=\"Link no Texto\" data-track-links=\"\">O dono do c\u00e3o disse que sentiu a falta de seu animal de estima\u00e7\u00e3o logo ap\u00f3s o r\u00e9veillon. Ele acredita que o c\u00e3ozinho pode ter se assustado com a queima de fogos e, ao tentar fugir do barulho, caiu no itamb\u00e9.<\/p>\n<\/div>\n<div class=\"content-ads content-ads--reveal\" style=\"text-align: justify;\" data-block-type=\"ads\" data-block-id=\"6\"><\/div>\n<div class=\"mc-column content-text active-extra-styles \" data-block-type=\"unstyled\" data-block-weight=\"34\" data-block-id=\"7\">\n<p class=\"content-text__container \" style=\"text-align: justify;\" data-track-category=\"Link no Texto\" data-track-links=\"\">Os bombeiros precisaram usar a t\u00e9cnica de rapel (descida com cordas) e conseguiram salvar o cachorro ap\u00f3s cerca de duas horas e meia de buscas. O animal, resgatado sem ferimentos, foi devolvido ao dono.<\/p>\n<p style=\"text-align: justify;\" data-track-category=\"Link no Texto\" data-track-links=\"\"><img loading=\"lazy\" decoding=\"async\" class=\"alignnone size-full wp-image-15537\" src=\"https:\/\/jorgezanoni.com.br\/2019\/wp-content\/uploads\/2020\/01\/rapel1.jpg\" alt=\"\" width=\"640\" height=\"717\" srcset=\"https:\/\/jorgezanoni.com.br\/2019\/wp-content\/uploads\/2020\/01\/rapel1.jpg 640w, https:\/\/jorgezanoni.com.br\/2019\/wp-content\/uploads\/2020\/01\/rapel1-268x300.jpg 268w, https:\/\/jorgezanoni.com.br\/2019\/wp-content\/uploads\/2020\/01\/rapel1-375x420.jpg 375w\" sizes=\"auto, (max-width: 640px) 100vw, 640px\" \/>Segundo os bombeiros, foi necess\u00e1rio descer com cordas por cerca de 50 metros at\u00e9 chegar ao fundo do penhasco \u2014 Foto: Corpo de Bombeiros\/Divulga\u00e7\u00e3o<\/p>\n<p style=\"text-align: justify;\" data-track-category=\"Link no Texto\" data-track-links=\"\">Fonte: G1<\/p>\n<\/div>\n<\/div>\n","protected":false},"excerpt":{"rendered":"<p>Segundo dono, animal de 11 anos estava desaparecido desde o r\u00e9veillon e deve ter ca\u00eddo ap\u00f3s se assustar com os fogos em Mar\u00edlia (SP). Bombeiros usaram t\u00e9cnica de rapel para chegar ao fundo do buraco e pegar o c\u00e3o, que n\u00e3o se feriu. Um cachorro de pequeno porte e com 11 anos de idade foi [&hellip;]<\/p>\n","protected":false},"author":1,"featured_media":15538,"comment_status":"closed","ping_status":"open","sticky":false,"template":"","format":"standard","meta":{"footnotes":""},"categories":[110,2],"tags":[],"class_list":["post-15535","post","type-post","status-publish","format-standard","has-post-thumbnail","hentry","category-noticiasdestaque","category-policial"],"_links":{"self":[{"href":"https:\/\/jorgezanoni.com.br\/2019\/wp-json\/wp\/v2\/posts\/15535","targetHints":{"allow":["GET"]}}],"collection":[{"href":"https:\/\/jorgezanoni.com.br\/2019\/wp-json\/wp\/v2\/posts"}],"about":[{"href":"https:\/\/jorgezanoni.com.br\/2019\/wp-json\/wp\/v2\/types\/post"}],"author":[{"embeddable":true,"href":"https:\/\/jorgezanoni.com.br\/2019\/wp-json\/wp\/v2\/users\/1"}],"replies":[{"embeddable":true,"href":"https:\/\/jorgezanoni.com.br\/2019\/wp-json\/wp\/v2\/comments?post=15535"}],"version-history":[{"count":0,"href":"https:\/\/jorgezanoni.com.br\/2019\/wp-json\/wp\/v2\/posts\/15535\/revisions"}],"wp:featuredmedia":[{"embeddable":true,"href":"https:\/\/jorgezanoni.com.br\/2019\/wp-json\/wp\/v2\/media\/15538"}],"wp:attachment":[{"href":"https:\/\/jorgezanoni.com.br\/2019\/wp-json\/wp\/v2\/media?parent=15535"}],"wp:term":[{"taxonomy":"category","embeddable":true,"href":"https:\/\/jorgezanoni.com.br\/2019\/wp-json\/wp\/v2\/categories?post=15535"},{"taxonomy":"post_tag","embeddable":true,"href":"https:\/\/jorgezanoni.com.br\/2019\/wp-json\/wp\/v2\/tags?post=15535"}],"curies":[{"name":"wp","href":"https:\/\/api.w.org\/{rel}","templated":true}]}}