{"id":15532,"date":"2020-01-02T23:42:05","date_gmt":"2020-01-02T23:42:05","guid":{"rendered":"https:\/\/jorgezanoni.com.br\/2019\/?p=15532"},"modified":"2020-01-02T23:42:05","modified_gmt":"2020-01-02T23:42:05","slug":"tenente-coronel-renata-fassina-e-a-1a-mulher-a-comandar-batalhao-da-pm-com-sede-em-presidente-prudente","status":"publish","type":"post","link":"https:\/\/jorgezanoni.com.br\/2019\/tenente-coronel-renata-fassina-e-a-1a-mulher-a-comandar-batalhao-da-pm-com-sede-em-presidente-prudente\/","title":{"rendered":"Tenente-coronel Renata Fassina \u00e9 a 1\u00aa mulher a comandar batalh\u00e3o da PM com sede em Presidente Prudente"},"content":{"rendered":"<h2 class=\"content-head__subtitle\" style=\"text-align: justify;\"><strong>Unidade foi inaugurada h\u00e1 53 anos, conta atualmente com mais de 700 policiais militares e atua em 21 cidades do Oeste Paulista.<\/strong><\/h2>\n<div class=\"mc-column content-text active-extra-styles \" data-block-type=\"unstyled\" data-block-weight=\"38\" data-block-id=\"2\">\n<p class=\"content-text__container \" style=\"text-align: justify;\" data-track-category=\"Link no Texto\" data-track-links=\"\">A tenente-coronel Renata Fassina assumiu nesta quinta-feira (2) como primeira mulher a comandar o 18\u00ba Batalh\u00e3o de Pol\u00edcia Militar do Interior (BPM\/I), com sede em\u00a0<a href=\"https:\/\/g1.globo.com\/sp\/presidente-prudente-regiao\/cidade\/presidente-prudente\/\">Presidente Prudente (SP)<\/a>\u00a0e vinculado ao 8\u00ba Comando de Policiamento do Interior (CPI-8).<\/p>\n<\/div>\n<div class=\"wall protected-content\">\n<div class=\"mc-column content-text active-extra-styles \" style=\"text-align: justify;\" data-block-type=\"unstyled\" data-block-weight=\"51\" data-block-id=\"3\">\n<p class=\"content-text__container \" data-track-category=\"Link no Texto\" data-track-links=\"\">A unidade foi inaugurada h\u00e1 53 anos, conta atualmente com mais de 700 policiais militares \u2013 em torno de 8% s\u00e3o mulheres \u2013 e atua em 21 cidades do Oeste Paulista, o que abrange um territ\u00f3rio de 9.564 quil\u00f4metros quadrados e cerca de 430 mil habitantes, nas \u00e1reas urbana e rural.<\/p>\n<\/div>\n<div class=\"mc-column content-text active-extra-styles \" style=\"text-align: justify;\" data-block-type=\"unstyled\" data-block-weight=\"27\" data-block-id=\"4\">\n<p class=\"content-text__container \" data-track-category=\"Link no Texto\" data-track-links=\"\">Renata Fassina ingressou na Pol\u00edcia Militar do Estado de S\u00e3o Paulo em 1992, na Academia do Barro Branco, e se formou como aspirante a oficial em 1994.<\/p>\n<\/div>\n<div class=\"mc-column content-text active-extra-styles \" style=\"text-align: justify;\" data-block-type=\"unstyled\" data-block-weight=\"30\" data-block-id=\"6\">\n<p class=\"content-text__container \" data-track-category=\"Link no Texto\" data-track-links=\"\">Serviu no 5\u00ba Batalh\u00e3o de Policiamento Feminino (BPFem), no Comando de Policiamento Feminino (CPFem), na Corregedoria da PM, no CPI-4 e ainda nos 18\u00ba, 25\u00ba e 42\u00ba batalh\u00f5es do interior.<\/p>\n<\/div>\n<div class=\"mc-column content-text active-extra-styles\" style=\"text-align: justify;\" data-block-type=\"raw\" data-block-weight=\"12\" data-block-id=\"7\">\n<ul class=\"content-unordered-list\">\n<li><a href=\"http:\/\/g1.globo.com\/sp\/presidente-prudente-regiao\/noticia\/2017\/03\/ha-51-anos-inauguracao-do-18-bpmi-marca-crescimento-do-oeste-paulista.html\">H\u00e1 51 anos, inaugura\u00e7\u00e3o do 18\u00ba BPM\/I marca crescimento do Oeste Paulista<\/a><\/li>\n<\/ul>\n<\/div>\n<div class=\"mc-column content-text active-extra-styles \" style=\"text-align: justify;\" data-block-type=\"unstyled\" data-block-weight=\"23\" data-block-id=\"8\">\n<p class=\"content-text__container \" data-track-category=\"Link no Texto\" data-track-links=\"\">Ela exerceu anteriormente na regi\u00e3o as fun\u00e7\u00f5es de comandante de companhia, chefe de Unidade Gestora Executiva (UGE), coordenadora operacional e subcomandante de batalh\u00e3o.<\/p>\n<\/div>\n<div class=\"mc-column content-text active-extra-styles \" style=\"text-align: justify;\" data-block-type=\"unstyled\" data-block-weight=\"36\" data-block-id=\"9\">\n<p class=\"content-text__container \" data-track-category=\"Link no Texto\" data-track-links=\"\">A tenente-coronel possui bacharelado em administra\u00e7\u00e3o e direito e \u00e9 mestre e doutora em Ci\u00eancias Policiais de Seguran\u00e7a e Ordem P\u00fablica pelo Centro de Altos Estudos de Seguran\u00e7a da Pol\u00edcia Militar do Estado de S\u00e3o Paulo.<\/p>\n<\/div>\n<div class=\"mc-column content-text active-extra-styles \" data-block-type=\"unstyled\" data-block-weight=\"13\" data-block-id=\"10\">\n<p class=\"content-text__container \" style=\"text-align: justify;\" data-track-category=\"Link no Texto\" data-track-links=\"\">Ela foi promovida ao posto de tenente-coronel em 15 de dezembro de 2019.<\/p>\n<p data-track-category=\"Link no Texto\" data-track-links=\"\">Fonte: G1<\/p>\n<\/div>\n<\/div>\n","protected":false},"excerpt":{"rendered":"<p>Unidade foi inaugurada h\u00e1 53 anos, conta atualmente com mais de 700 policiais militares e atua em 21 cidades do Oeste Paulista. A tenente-coronel Renata Fassina assumiu nesta quinta-feira (2) como primeira mulher a comandar o 18\u00ba Batalh\u00e3o de Pol\u00edcia Militar do Interior (BPM\/I), com sede em\u00a0Presidente Prudente (SP)\u00a0e vinculado ao 8\u00ba Comando de Policiamento [&hellip;]<\/p>\n","protected":false},"author":1,"featured_media":15533,"comment_status":"closed","ping_status":"open","sticky":false,"template":"","format":"standard","meta":{"footnotes":""},"categories":[110,2],"tags":[],"class_list":["post-15532","post","type-post","status-publish","format-standard","has-post-thumbnail","hentry","category-noticiasdestaque","category-policial"],"_links":{"self":[{"href":"https:\/\/jorgezanoni.com.br\/2019\/wp-json\/wp\/v2\/posts\/15532","targetHints":{"allow":["GET"]}}],"collection":[{"href":"https:\/\/jorgezanoni.com.br\/2019\/wp-json\/wp\/v2\/posts"}],"about":[{"href":"https:\/\/jorgezanoni.com.br\/2019\/wp-json\/wp\/v2\/types\/post"}],"author":[{"embeddable":true,"href":"https:\/\/jorgezanoni.com.br\/2019\/wp-json\/wp\/v2\/users\/1"}],"replies":[{"embeddable":true,"href":"https:\/\/jorgezanoni.com.br\/2019\/wp-json\/wp\/v2\/comments?post=15532"}],"version-history":[{"count":0,"href":"https:\/\/jorgezanoni.com.br\/2019\/wp-json\/wp\/v2\/posts\/15532\/revisions"}],"wp:featuredmedia":[{"embeddable":true,"href":"https:\/\/jorgezanoni.com.br\/2019\/wp-json\/wp\/v2\/media\/15533"}],"wp:attachment":[{"href":"https:\/\/jorgezanoni.com.br\/2019\/wp-json\/wp\/v2\/media?parent=15532"}],"wp:term":[{"taxonomy":"category","embeddable":true,"href":"https:\/\/jorgezanoni.com.br\/2019\/wp-json\/wp\/v2\/categories?post=15532"},{"taxonomy":"post_tag","embeddable":true,"href":"https:\/\/jorgezanoni.com.br\/2019\/wp-json\/wp\/v2\/tags?post=15532"}],"curies":[{"name":"wp","href":"https:\/\/api.w.org\/{rel}","templated":true}]}}