{"id":15509,"date":"2020-01-02T15:37:17","date_gmt":"2020-01-02T15:37:17","guid":{"rendered":"https:\/\/jorgezanoni.com.br\/2019\/?p=15509"},"modified":"2020-01-02T15:37:17","modified_gmt":"2020-01-02T15:37:17","slug":"copa-sao-paulo-comeca-nesta-quinta-com-127-clubes-conheca-os-candidatos-a-craque-do-torneio","status":"publish","type":"post","link":"https:\/\/jorgezanoni.com.br\/2019\/copa-sao-paulo-comeca-nesta-quinta-com-127-clubes-conheca-os-candidatos-a-craque-do-torneio\/","title":{"rendered":"Copa S\u00e3o Paulo come\u00e7a nesta quinta com 127 clubes; conhe\u00e7a os candidatos a craque do torneio"},"content":{"rendered":"<h2 class=\"content-head__subtitle\" style=\"text-align: justify;\"><strong>Sem a presen\u00e7a do Flamengo, principal torneio de base do pa\u00eds chega \u00e0 51\u00aa edi\u00e7\u00e3o e ter\u00e1 alguns jogadores que foram campe\u00f5es mundiais sub-17 com a sele\u00e7\u00e3o brasileira.<\/strong><\/h2>\n<div class=\"mc-column content-text active-extra-styles \" data-block-type=\"unstyled\" data-block-weight=\"47\" data-block-id=\"2\">\n<p class=\"content-text__container \" style=\"text-align: justify;\" data-track-category=\"Link no Texto\" data-track-links=\"\">A 51\u00aa edi\u00e7\u00e3o da\u00a0<a href=\"https:\/\/globoesporte.globo.com\/futebol\/copa-sp-de-futebol-junior\/\">Copa S\u00e3o Paulo de Futebol J\u00fanior<\/a>\u00a0come\u00e7a nesta ter\u00e7a-feira. Ap\u00f3s a\u00a0<a href=\"https:\/\/www.uol.com.br\/esporte\/futebol\/ultimas-noticias\/2019\/12\/30\/flamengo-desiste-de-disputar-a-copinha-apos-impasse-na-lista-de-inscritos.htm\" target=\"_blank\" rel=\"noopener noreferrer\">desist\u00eancia do Flamengo<\/a>\u00a0na \u00faltima segunda-feira, ser\u00e3o 127 times de todo o Brasil, jogando em 32 sedes distribu\u00eddas pelo estado. Neste ano, atletas nascidos entre 2000 e 2004 poder\u00e3o mostrar seu potencial.<\/p>\n<\/div>\n<div class=\"wall protected-content\">\n<div class=\"mc-column content-text active-extra-styles \" style=\"text-align: justify;\" data-block-type=\"unstyled\" data-block-weight=\"50\" data-block-id=\"3\">\n<p class=\"content-text__container \" data-track-category=\"Link no Texto\" data-track-links=\"\">O S\u00e3o Paulo \u00e9 o atual campe\u00e3o, enquanto o Corinthians segue como o time com mais t\u00edtulos. Na \u00faltima edi\u00e7\u00e3o, o Tricolor paulista bateu o Vasco nos p\u00eanaltis para ficar com sua quarta ta\u00e7a\u00a0<strong>(assista no v\u00eddeo abaixo)<\/strong>. Daquela equipe, o atacante Antony j\u00e1 se destaca no profissional.<\/p>\n<\/div>\n<div class=\"mc-column content-text active-extra-styles \" data-block-type=\"unstyled\" data-block-weight=\"11\" data-block-id=\"4\">\n<p class=\"content-text__container \" style=\"text-align: justify;\" data-track-category=\"Link no Texto\" data-track-links=\"\">+\u00a0<a href=\"https:\/\/globoesporte.globo.com\/futebol\/copa-sp-de-futebol-junior\/noticia\/lista-de-campeoes-da-copa-sao-paulo-ano-a-ano-corinthians-defende-hegemonia.ghtml\">Veja a lista de camp\u00f5es da Copinha ano a ano<\/a><\/p>\n<div class=\"mc-column content-text active-extra-styles \" style=\"text-align: justify;\" data-block-type=\"unstyled\" data-block-weight=\"56\" data-block-id=\"7\">\n<p class=\"content-text__container \" data-track-category=\"Link no Texto\" data-track-links=\"\">Pelos campos da Copinha v\u00e3o jogar alguns dos nomes que fizeram parte do elenco campe\u00e3o da Copa do Mundo Sub-17 com o Brasil em 2019. S\u00e3o os casos do goleiro\u00a0<a href=\"https:\/\/globoesporte.globo.com\/futebol\/times\/corinthians\/noticia\/jogadores-inscritos-corinthians-copinha-copa-sao-paulo-2020-quem-lista.ghtml\">Matheus Donelli, do Corinthians,<\/a>\u00a0do zagueiro Henri, do Palmeiras, dos meio-campistas\u00a0<a href=\"https:\/\/globoesporte.globo.com\/rs\/futebol\/times\/gremio\/noticia\/dupla-campea-mundial-encara-copinha-inspirada-em-outras-parcerias-de-sucesso-no-gremio.ghtml\">Diego Rosa e Pedro Lucas, do Gr\u00eamio<\/a>, al\u00e9m do meia Talles Costa, do S\u00e3o Paulo.<\/p>\n<\/div>\n<div class=\"mc-column content-text active-extra-styles \" style=\"text-align: justify;\" data-block-type=\"unstyled\" data-block-weight=\"28\" data-block-id=\"8\">\n<p class=\"content-text__container \" data-track-category=\"Link no Texto\" data-track-links=\"\">Gabriel Veron, craque do \u00faltimo Mundial, foi inscrito pelo Palmeiras na Copa S\u00e3o Paulo, mas est\u00e1 integrado ao elenco profissional e n\u00e3o atuar\u00e1 pela equipe de base.<\/p>\n<\/div>\n<div class=\"mc-column content-text active-extra-styles\" style=\"text-align: justify;\" data-block-type=\"raw\" data-block-weight=\"3\" data-block-id=\"9\">\n<div class=\"content-intertitle\">\n<h2>Jogos de hoje<\/h2>\n<\/div>\n<\/div>\n<div class=\"mc-column content-text active-extra-styles\" data-block-type=\"raw\" data-block-weight=\"51\" data-block-id=\"10\">\n<ul class=\"content-unordered-list\" style=\"text-align: justify;\">\n<li>Uni\u00e3o Mogi-SP x Juventus-SP (14h45)<\/li>\n<li>Ituano x Vilhenense-RO (17h)<\/li>\n<li>Gr\u00eamio x Real-DF (17h):\u00a0<strong>AO VIVO NO SPORTV E NO GLOBOESPORTE.COM<\/strong><\/li>\n<li>Sert\u00e3ozinho-SP x Penapolense-SP (18h)<\/li>\n<li>Fluminense x Socorro-SE (19h15):\u00a0<strong>AO VIVO NO SPORTV<\/strong><\/li>\n<li>Ferrovi\u00e1ria-SP x Petrolina-PE (19h15)<\/li>\n<li>Goi\u00e1s x Confian\u00e7a-SE (20h15)<\/li>\n<li>Palmeiras x Uni\u00e3o Rondon\u00f3polis-MT (21h30):\u00a0<strong>AO VIVO NO SPORTV<\/strong><\/li>\n<\/ul>\n<div class=\"mc-column content-text active-extra-styles \" style=\"text-align: justify;\" data-block-type=\"unstyled\" data-block-weight=\"9\" data-block-id=\"12\">\n<p class=\"content-text__container \" data-track-category=\"Link no Texto\" data-track-links=\"\">+\u00a0<a href=\"https:\/\/globoesporte.globo.com\/futebol\/copa-sp-de-futebol-junior\/\">Veja a tabela completa da Copa S\u00e3o Paulo<\/a><\/p>\n<\/div>\n<div class=\"mc-column content-text active-extra-styles\" style=\"text-align: justify;\" data-block-type=\"raw\" data-block-weight=\"1\" data-block-id=\"13\">\n<div class=\"content-intertitle\">\n<h2><strong>Regulamento<\/strong><\/h2>\n<\/div>\n<\/div>\n<div class=\"mc-column content-text active-extra-styles \" style=\"text-align: justify;\" data-block-type=\"unstyled\" data-block-weight=\"69\" data-block-id=\"14\">\n<p class=\"content-text__container \" data-track-category=\"Link no Texto\" data-track-links=\"\">O campeonato \u00e9 dividido em 32 grupos de quatro times (o Grupo 25 ficou com tr\u00eas equipes ap\u00f3s a desist\u00eancia do Flamengo), onde s\u00f3 os dois primeiros avan\u00e7am. Ap\u00f3s a fase de grupos, as equipes ainda passam por dois mata-matas at\u00e9 chegarem \u00e0s oitavas de final. A decis\u00e3o do campeonato est\u00e1 marcada para 25 de janeiro, no Pacaembu. A data marca o 466\u00ba anivers\u00e1rio da cidade de S\u00e3o Paulo.<\/p>\n<\/div>\n<div class=\"mc-column content-text active-extra-styles \" style=\"text-align: justify;\" data-block-type=\"unstyled\" data-block-weight=\"9\" data-block-id=\"15\">\n<p class=\"content-text__container \" data-track-category=\"Link no Texto\" data-track-links=\"\">+\u00a0<a href=\"https:\/\/globoesporte.globo.com\/futebol\/copa-sp-de-futebol-junior\/noticia\/globoesportecom-vai-transmitir-ao-vivo-nove-jogos-da-primeira-fase-da-copa-sao-paulo-veja-lista.ghtml\">GloboEsporte.com vai transmitir sete jogos; veja a lista<\/a><\/p>\n<\/div>\n<div class=\"mc-column content-text active-extra-styles\" style=\"text-align: justify;\" data-block-type=\"raw\" data-block-weight=\"3\" data-block-id=\"16\">\n<div class=\"content-intertitle\">\n<h2>Fique de olho<\/h2>\n<\/div>\n<\/div>\n<div class=\"mc-column content-text active-extra-styles \" style=\"text-align: justify;\" data-block-type=\"unstyled\" data-block-weight=\"64\" data-block-id=\"17\">\n<p class=\"content-text__container \" data-track-category=\"Link no Texto\" data-track-links=\"\">Al\u00e9m dos olheiros dos pr\u00f3prios clubes brasileiros, a Copa S\u00e3o Paulo atrai tamb\u00e9m os analistas de desempenhos de equipes do exterior. No ano passado, o atacante Gabriel Martinelli fez seis gols em quatro partidas com a camisa do Ituano e mais tarde foi negociado com o Arsenal, da Inglaterra. Outro exemplo \u00e9 o meia Lucas Santos, do Vasco, emprestado ao CSKA, da R\u00fassia.<\/p>\n<\/div>\n<div class=\"mc-column content-text active-extra-styles \" style=\"text-align: justify;\" data-block-type=\"unstyled\" data-block-weight=\"25\" data-block-id=\"18\">\n<p class=\"content-text__container \" data-track-category=\"Link no Texto\" data-track-links=\"\">Mais uma vez, candidatos a craque n\u00e3o faltam na competi\u00e7\u00e3o. Veja abaixo algumas das principais apostas dos clubes para a edi\u00e7\u00e3o de 2019 da Copinha:<\/p>\n<\/div>\n<div class=\"mc-column content-text active-extra-styles\" style=\"text-align: justify;\" data-block-type=\"raw\" data-block-weight=\"1\" data-block-id=\"19\">\n<div class=\"content-intertitle\">\n<h2>Atl\u00e9tico-MG<\/h2>\n<\/div>\n<\/div>\n<div class=\"mc-column content-text active-extra-styles \" data-block-type=\"unstyled\" data-block-weight=\"51\" data-block-id=\"20\">\n<p class=\"content-text__container \" style=\"text-align: justify;\" data-track-category=\"Link no Texto\" data-track-links=\"\">O atacante Guilherme, de 18 anos, \u00e9 uma das esperan\u00e7as do Galo no torneio. O jogador foi o artilheiro (nove gols) na campanha que levou o clube ao t\u00edtulo mineiro sub-20 em 2019. Outra aposta est\u00e1 no banco de reservas: o t\u00e9cnico Marcos Valadares, vice-campe\u00e3o da Copinha pelo Vasco em 2019.<\/p>\n<p style=\"text-align: justify;\" data-track-category=\"Link no Texto\" data-track-links=\"\"><img loading=\"lazy\" decoding=\"async\" class=\"alignnone size-full wp-image-15510\" src=\"https:\/\/jorgezanoni.com.br\/2019\/wp-content\/uploads\/2020\/01\/guilherme-atletico-mg.jpg\" alt=\"\" width=\"1600\" height=\"1202\" srcset=\"https:\/\/jorgezanoni.com.br\/2019\/wp-content\/uploads\/2020\/01\/guilherme-atletico-mg.jpg 1600w, https:\/\/jorgezanoni.com.br\/2019\/wp-content\/uploads\/2020\/01\/guilherme-atletico-mg-300x225.jpg 300w, https:\/\/jorgezanoni.com.br\/2019\/wp-content\/uploads\/2020\/01\/guilherme-atletico-mg-768x577.jpg 768w, https:\/\/jorgezanoni.com.br\/2019\/wp-content\/uploads\/2020\/01\/guilherme-atletico-mg-1024x769.jpg 1024w, https:\/\/jorgezanoni.com.br\/2019\/wp-content\/uploads\/2020\/01\/guilherme-atletico-mg-80x60.jpg 80w, https:\/\/jorgezanoni.com.br\/2019\/wp-content\/uploads\/2020\/01\/guilherme-atletico-mg-265x198.jpg 265w, https:\/\/jorgezanoni.com.br\/2019\/wp-content\/uploads\/2020\/01\/guilherme-atletico-mg-696x523.jpg 696w, https:\/\/jorgezanoni.com.br\/2019\/wp-content\/uploads\/2020\/01\/guilherme-atletico-mg-1068x802.jpg 1068w, https:\/\/jorgezanoni.com.br\/2019\/wp-content\/uploads\/2020\/01\/guilherme-atletico-mg-559x420.jpg 559w\" sizes=\"auto, (max-width: 1600px) 100vw, 1600px\" \/><\/p>\n<div class=\"row medium-uncollapsed content-media content-photo\" style=\"text-align: justify;\" data-block-type=\"backstage-photo\" data-block-id=\"22\">\n<div class=\"column medium-22 large-20 medium-centered content-media__container\">\n<p class=\"content-media__description \">Guilherme, atacante do Atl\u00e9tico-MG sub-20 \u2014 Foto: Atl\u00e9tico-MG \/ divulga\u00e7\u00e3o<\/p>\n<\/div>\n<\/div>\n<div class=\"mc-column content-text active-extra-styles\" style=\"text-align: justify;\" data-block-type=\"raw\" data-block-weight=\"1\" data-block-id=\"23\">\n<div class=\"content-intertitle\">\n<h2>Botafogo<\/h2>\n<\/div>\n<\/div>\n<div class=\"mc-column content-text active-extra-styles \" style=\"text-align: justify;\" data-block-type=\"unstyled\" data-block-weight=\"50\" data-block-id=\"24\">\n<p class=\"content-text__container \" data-track-category=\"Link no Texto\" data-track-links=\"\">O Botafogo vai para a Copinha com um time bastante renovado em rela\u00e7\u00e3o \u00e0quele que disputou a competi\u00e7\u00e3o em 2019. Mas um conhecido do torcedor alvinegro segue como esperan\u00e7a da equipe em 2020: o atacante \u00canio, de 18 anos. O jogador foi um dos destaques do time na \u00faltima edi\u00e7\u00e3o.<\/p>\n<p data-track-category=\"Link no Texto\" data-track-links=\"\"><img loading=\"lazy\" decoding=\"async\" class=\"alignnone size-full wp-image-15511\" src=\"https:\/\/jorgezanoni.com.br\/2019\/wp-content\/uploads\/2020\/01\/botgafogo.jpeg\" alt=\"\" width=\"1600\" height=\"1144\" srcset=\"https:\/\/jorgezanoni.com.br\/2019\/wp-content\/uploads\/2020\/01\/botgafogo.jpeg 1600w, https:\/\/jorgezanoni.com.br\/2019\/wp-content\/uploads\/2020\/01\/botgafogo-300x215.jpeg 300w, https:\/\/jorgezanoni.com.br\/2019\/wp-content\/uploads\/2020\/01\/botgafogo-768x549.jpeg 768w, https:\/\/jorgezanoni.com.br\/2019\/wp-content\/uploads\/2020\/01\/botgafogo-1024x732.jpeg 1024w, https:\/\/jorgezanoni.com.br\/2019\/wp-content\/uploads\/2020\/01\/botgafogo-696x498.jpeg 696w, https:\/\/jorgezanoni.com.br\/2019\/wp-content\/uploads\/2020\/01\/botgafogo-1068x764.jpeg 1068w, https:\/\/jorgezanoni.com.br\/2019\/wp-content\/uploads\/2020\/01\/botgafogo-587x420.jpeg 587w\" sizes=\"auto, (max-width: 1600px) 100vw, 1600px\" \/><\/p>\n<div class=\"row medium-uncollapsed content-media content-photo\" data-block-type=\"backstage-photo\" data-block-id=\"25\">\n<div class=\"column medium-22 large-20 medium-centered content-media__container\">\n<p class=\"content-media__description \">\u00canio (\u00e0 esquerda) vai defender o Botafogo na Copa S\u00e3o Paulo \u2014 Foto: F\u00e1bio de Paula\/Botafogo<\/p>\n<\/div>\n<\/div>\n<div class=\"content-ads content-ads--reveal\" data-block-type=\"ads\" data-block-id=\"26\">\n<div id=\"banner_materia__8b6bc805-5ee8-4138-bed7-2dec02f6a7bd\" class=\"tag-manager-publicidade-container mc-has-reveal mc-has-ad-lazyload tag-manager-publicidade-banner_materia__8b6bc805-5ee8-4138-bed7-2dec02f6a7bd tag-manager-publicidade-container--carregado tag-manager-publicidade-container--visivel\" data-id=\"banner_materia__8b6bc805-5ee8-4138-bed7-2dec02f6a7bd\" data-google-query-id=\"CPuoloub5eYCFSIG1AodkoQJCA\" data-cid=\"null\" data-lid=\"null\">\n<div class=\"mc-column content-text active-extra-styles\" data-block-type=\"raw\" data-block-weight=\"1\" data-block-id=\"27\">\n<div class=\"content-intertitle\">\n<h2>Corinthians<\/h2>\n<\/div>\n<\/div>\n<div class=\"mc-column content-text active-extra-styles \" data-block-type=\"unstyled\" data-block-weight=\"62\" data-block-id=\"28\">\n<p class=\"content-text__container \" data-track-category=\"Link no Texto\" data-track-links=\"\">O nome que mais chama a aten\u00e7\u00e3o no Corinthians \u00e9 o do lateral-esquerdo Lucas Piton, de 19 anos. Ele estreou no profissional no \u00faltimo Brasileir\u00e3o, dando at\u00e9 uma assist\u00eancia para Gustagol, e est\u00e1 cotado para integrar o elenco principal ap\u00f3s a Copinha. O Tim\u00e3o ser\u00e1 dirigido por Dyego Coelho, t\u00e9cnico interino da equipe de cima ap\u00f3s a demiss\u00e3o de F\u00e1bio Carille.<\/p>\n<p data-track-category=\"Link no Texto\" data-track-links=\"\"><img loading=\"lazy\" decoding=\"async\" class=\"alignnone size-full wp-image-15512\" src=\"https:\/\/jorgezanoni.com.br\/2019\/wp-content\/uploads\/2020\/01\/Tim\u00e3o.jpg\" alt=\"\" width=\"1600\" height=\"1066\" srcset=\"https:\/\/jorgezanoni.com.br\/2019\/wp-content\/uploads\/2020\/01\/Tim\u00e3o.jpg 1600w, https:\/\/jorgezanoni.com.br\/2019\/wp-content\/uploads\/2020\/01\/Tim\u00e3o-300x200.jpg 300w, https:\/\/jorgezanoni.com.br\/2019\/wp-content\/uploads\/2020\/01\/Tim\u00e3o-768x512.jpg 768w, https:\/\/jorgezanoni.com.br\/2019\/wp-content\/uploads\/2020\/01\/Tim\u00e3o-1024x682.jpg 1024w, https:\/\/jorgezanoni.com.br\/2019\/wp-content\/uploads\/2020\/01\/Tim\u00e3o-696x464.jpg 696w, https:\/\/jorgezanoni.com.br\/2019\/wp-content\/uploads\/2020\/01\/Tim\u00e3o-1068x712.jpg 1068w, https:\/\/jorgezanoni.com.br\/2019\/wp-content\/uploads\/2020\/01\/Tim\u00e3o-630x420.jpg 630w\" sizes=\"auto, (max-width: 1600px) 100vw, 1600px\" \/><\/p>\n<div class=\"row medium-uncollapsed content-media content-photo\" data-block-type=\"backstage-photo\" data-block-id=\"29\">\n<div class=\"column medium-22 large-20 medium-centered content-media__container\">\n<p class=\"content-media__description \">Lucas Piton em sua estreia pelo time principal do Corinthians contra o Fluminense \u2014 Foto: Daniel Augusto Jr\/Ag. Corinthians<\/p>\n<\/div>\n<\/div>\n<div class=\"mc-column content-text active-extra-styles\" data-block-type=\"raw\" data-block-weight=\"1\" data-block-id=\"30\">\n<div class=\"content-intertitle\">\n<h2>Cruzeiro<\/h2>\n<\/div>\n<\/div>\n<div class=\"mc-column content-text active-extra-styles \" data-block-type=\"unstyled\" data-block-weight=\"66\" data-block-id=\"31\">\n<p class=\"content-text__container \" data-track-category=\"Link no Texto\" data-track-links=\"\">O jogador cruzeirense de quem mais se espera \u00e9 o meia-atacante Caio Rosa, de 18 anos. Na Copinha do ano passado, ele foi o vice-artilheiro da equipe, marcando quatro gols. Logo depois da competi\u00e7\u00e3o, renovou o v\u00ednculo com a Raposa at\u00e9 2023 e, em meio ao processo de reestrutura\u00e7\u00e3o pelo qual passa o clube, \u00e9 visto como uma das principais apostas para o profissional em 2020.<\/p>\n<p data-track-category=\"Link no Texto\" data-track-links=\"\"><img loading=\"lazy\" decoding=\"async\" class=\"alignnone size-full wp-image-15513\" src=\"https:\/\/jorgezanoni.com.br\/2019\/wp-content\/uploads\/2020\/01\/cruzeiro.jpg\" alt=\"\" width=\"1600\" height=\"1066\" srcset=\"https:\/\/jorgezanoni.com.br\/2019\/wp-content\/uploads\/2020\/01\/cruzeiro.jpg 1600w, https:\/\/jorgezanoni.com.br\/2019\/wp-content\/uploads\/2020\/01\/cruzeiro-300x200.jpg 300w, https:\/\/jorgezanoni.com.br\/2019\/wp-content\/uploads\/2020\/01\/cruzeiro-768x512.jpg 768w, https:\/\/jorgezanoni.com.br\/2019\/wp-content\/uploads\/2020\/01\/cruzeiro-1024x682.jpg 1024w, https:\/\/jorgezanoni.com.br\/2019\/wp-content\/uploads\/2020\/01\/cruzeiro-696x464.jpg 696w, https:\/\/jorgezanoni.com.br\/2019\/wp-content\/uploads\/2020\/01\/cruzeiro-1068x712.jpg 1068w, https:\/\/jorgezanoni.com.br\/2019\/wp-content\/uploads\/2020\/01\/cruzeiro-630x420.jpg 630w\" sizes=\"auto, (max-width: 1600px) 100vw, 1600px\" \/><\/p>\n<div class=\"row medium-uncollapsed content-media content-photo\" data-block-type=\"backstage-photo\" data-block-id=\"33\">\n<div class=\"column medium-22 large-20 medium-centered content-media__container\">\n<p class=\"content-media__description \">Caio Rosa \u00e9 o principal nome do Cruzeiro na Copa S\u00e3o Paulo \u2014 Foto: Gustavo Aleixo\/ Cruzeiro<\/p>\n<\/div>\n<\/div>\n<div class=\"mc-column content-text active-extra-styles\" data-block-type=\"raw\" data-block-weight=\"1\" data-block-id=\"34\">\n<div class=\"content-intertitle\">\n<h2>Fluminense<\/h2>\n<\/div>\n<\/div>\n<div class=\"mc-column content-text active-extra-styles \" data-block-type=\"unstyled\" data-block-weight=\"90\" data-block-id=\"35\">\n<p class=\"content-text__container \" data-track-category=\"Link no Texto\" data-track-links=\"\">O volante Andr\u00e9, de 18 anos, ser\u00e1 o principal pilar do Fluminense no torneio. Capit\u00e3o do time e ex-atacante, o jogador se destaca pelo bom futebol e pela postura de lideran\u00e7a. Em Xer\u00e9m, \u00e9 um dos primeiros na fila de promo\u00e7\u00e3o ao elenco profissional. A base do time est\u00e1 formada por jogadores que estouraram a idade no sub-17. \u00c9 uma gera\u00e7\u00e3o vista como muito promissora em Laranjeiras e que j\u00e1 rendeu frutos no time de cima, como os atacantes Jo\u00e3o Pedro e Marcos Paulo e o meia Miguel.<\/p>\n<p data-track-category=\"Link no Texto\" data-track-links=\"\"><img loading=\"lazy\" decoding=\"async\" class=\"alignnone size-full wp-image-15514\" src=\"https:\/\/jorgezanoni.com.br\/2019\/wp-content\/uploads\/2020\/01\/flu.jpg\" alt=\"\" width=\"1600\" height=\"901\" srcset=\"https:\/\/jorgezanoni.com.br\/2019\/wp-content\/uploads\/2020\/01\/flu.jpg 1600w, https:\/\/jorgezanoni.com.br\/2019\/wp-content\/uploads\/2020\/01\/flu-300x169.jpg 300w, https:\/\/jorgezanoni.com.br\/2019\/wp-content\/uploads\/2020\/01\/flu-768x432.jpg 768w, https:\/\/jorgezanoni.com.br\/2019\/wp-content\/uploads\/2020\/01\/flu-1024x577.jpg 1024w, https:\/\/jorgezanoni.com.br\/2019\/wp-content\/uploads\/2020\/01\/flu-696x392.jpg 696w, https:\/\/jorgezanoni.com.br\/2019\/wp-content\/uploads\/2020\/01\/flu-1068x601.jpg 1068w, https:\/\/jorgezanoni.com.br\/2019\/wp-content\/uploads\/2020\/01\/flu-746x420.jpg 746w\" sizes=\"auto, (max-width: 1600px) 100vw, 1600px\" \/>Andr\u00e9 com a bra\u00e7adeira de capit\u00e3o no Sub-20 do Fluminense \u2014 Foto: Mailson Santana<\/p>\n<div class=\"mc-column content-text active-extra-styles\" data-block-type=\"raw\" data-block-weight=\"1\" data-block-id=\"38\">\n<div class=\"content-intertitle\">\n<h2>Gr\u00eamio<\/h2>\n<\/div>\n<\/div>\n<div class=\"mc-column content-text active-extra-styles \" data-block-type=\"unstyled\" data-block-weight=\"65\" data-block-id=\"39\">\n<p class=\"content-text__container \" data-track-category=\"Link no Texto\" data-track-links=\"\">Campe\u00f5es mundiais sub-17 com a sele\u00e7\u00e3o brasileira, os meio-campistas Diego Rosa e Pedro Lucas dividir\u00e3o as aten\u00e7\u00f5es. Mas \u00e9 em Pedrinho que o Gr\u00eamio confia suas fichas para o futuro. O meia substituiu o flamenguista Reinier na Copa do Mundo da categoria e n\u00e3o decepcionou. Ele foi indicado por Ronaldo Fen\u00f4meno para testes no Real Madrid e agora \u00e9 observado de perto tamb\u00e9m pelo Barcelona.<\/p>\n<p data-track-category=\"Link no Texto\" data-track-links=\"\"><img loading=\"lazy\" decoding=\"async\" class=\"alignnone size-full wp-image-15515\" src=\"https:\/\/jorgezanoni.com.br\/2019\/wp-content\/uploads\/2020\/01\/gremio.jpg\" alt=\"\" width=\"1600\" height=\"1067\" srcset=\"https:\/\/jorgezanoni.com.br\/2019\/wp-content\/uploads\/2020\/01\/gremio.jpg 1600w, https:\/\/jorgezanoni.com.br\/2019\/wp-content\/uploads\/2020\/01\/gremio-300x200.jpg 300w, https:\/\/jorgezanoni.com.br\/2019\/wp-content\/uploads\/2020\/01\/gremio-768x512.jpg 768w, https:\/\/jorgezanoni.com.br\/2019\/wp-content\/uploads\/2020\/01\/gremio-1024x683.jpg 1024w, https:\/\/jorgezanoni.com.br\/2019\/wp-content\/uploads\/2020\/01\/gremio-696x464.jpg 696w, https:\/\/jorgezanoni.com.br\/2019\/wp-content\/uploads\/2020\/01\/gremio-1068x712.jpg 1068w, https:\/\/jorgezanoni.com.br\/2019\/wp-content\/uploads\/2020\/01\/gremio-630x420.jpg 630w\" sizes=\"auto, (max-width: 1600px) 100vw, 1600px\" \/><\/p>\n<div class=\"row medium-uncollapsed content-media content-photo\" data-block-type=\"backstage-photo\" data-block-id=\"40\">\n<div class=\"column medium-22 large-20 medium-centered content-media__container\">\n<p class=\"content-media__description \">Pedro Lucas e Diego Rosa, campe\u00f5es mundiais sub-17 \u2014 Foto: Eduardo Moura<\/p>\n<\/div>\n<\/div>\n<div class=\"mc-column content-text active-extra-styles\" data-block-type=\"raw\" data-block-weight=\"1\" data-block-id=\"41\">\n<div class=\"content-intertitle\">\n<h2>Internacional<\/h2>\n<\/div>\n<\/div>\n<div class=\"mc-column content-text active-extra-styles \" data-block-type=\"unstyled\" data-block-weight=\"58\" data-block-id=\"42\">\n<p class=\"content-text__container \" data-track-category=\"Link no Texto\" data-track-links=\"\">O Internacional confia no meia Cesinha para edi\u00e7\u00e3o de 2020 da Copa S\u00e3o Paulo. O armador disputou o torneio no ano passado e hoje, com 19 anos, se v\u00ea mais maduro para liderar o Inter como capit\u00e3o. Ele esteve no grupo campe\u00e3o do Brasileir\u00e3o de Aspirantes sobre o Gr\u00eamio e tamb\u00e9m mostrou o potencial na Copa RS Sub-20.<\/p>\n<p data-track-category=\"Link no Texto\" data-track-links=\"\"><img loading=\"lazy\" decoding=\"async\" class=\"alignnone size-full wp-image-15516\" src=\"https:\/\/jorgezanoni.com.br\/2019\/wp-content\/uploads\/2020\/01\/inter.jpg\" alt=\"\" width=\"1600\" height=\"1485\" srcset=\"https:\/\/jorgezanoni.com.br\/2019\/wp-content\/uploads\/2020\/01\/inter.jpg 1600w, https:\/\/jorgezanoni.com.br\/2019\/wp-content\/uploads\/2020\/01\/inter-300x278.jpg 300w, https:\/\/jorgezanoni.com.br\/2019\/wp-content\/uploads\/2020\/01\/inter-768x713.jpg 768w, https:\/\/jorgezanoni.com.br\/2019\/wp-content\/uploads\/2020\/01\/inter-1024x950.jpg 1024w, https:\/\/jorgezanoni.com.br\/2019\/wp-content\/uploads\/2020\/01\/inter-696x646.jpg 696w, https:\/\/jorgezanoni.com.br\/2019\/wp-content\/uploads\/2020\/01\/inter-1068x991.jpg 1068w, https:\/\/jorgezanoni.com.br\/2019\/wp-content\/uploads\/2020\/01\/inter-453x420.jpg 453w\" sizes=\"auto, (max-width: 1600px) 100vw, 1600px\" \/><\/p>\n<div class=\"row medium-uncollapsed content-media content-photo\" data-block-type=\"backstage-photo\" data-block-id=\"44\">\n<div class=\"column medium-22 large-20 medium-centered content-media__container\">\n<p class=\"content-media__description \">Cesinha, meia do Internacional \u2014 Foto: Divulga\u00e7\u00e3o<\/p>\n<\/div>\n<\/div>\n<div class=\"mc-column content-text active-extra-styles\" data-block-type=\"raw\" data-block-weight=\"1\" data-block-id=\"45\">\n<div class=\"content-intertitle\">\n<h2>Palmeiras<\/h2>\n<\/div>\n<\/div>\n<div class=\"mc-column content-text active-extra-styles \" data-block-type=\"unstyled\" data-block-weight=\"70\" data-block-id=\"46\">\n<p class=\"content-text__container \" data-track-category=\"Link no Texto\" data-track-links=\"\">Embora tenha nos \u00faltimos anos uma categoria de base multicampe\u00e3, o Palmeiras nunca conquistou a Copa S\u00e3o Paulo. Para acabar com o jejum, o clube confia no talento do atacante Gabriel Silva, de 17 anos. O jogador fez gols em todas as sete finais que disputou em 2019, tanto pelo time sub-17 quanto pelo time sub-20, e surge como o pr\u00f3ximo grande talento a ser aproveitado pela equipe de cima.<\/p>\n<p data-track-category=\"Link no Texto\" data-track-links=\"\"><img loading=\"lazy\" decoding=\"async\" class=\"alignnone size-full wp-image-15517\" src=\"https:\/\/jorgezanoni.com.br\/2019\/wp-content\/uploads\/2020\/01\/proco.jpg\" alt=\"\" width=\"1000\" height=\"578\" srcset=\"https:\/\/jorgezanoni.com.br\/2019\/wp-content\/uploads\/2020\/01\/proco.jpg 1000w, https:\/\/jorgezanoni.com.br\/2019\/wp-content\/uploads\/2020\/01\/proco-300x173.jpg 300w, https:\/\/jorgezanoni.com.br\/2019\/wp-content\/uploads\/2020\/01\/proco-768x444.jpg 768w, https:\/\/jorgezanoni.com.br\/2019\/wp-content\/uploads\/2020\/01\/proco-696x402.jpg 696w, https:\/\/jorgezanoni.com.br\/2019\/wp-content\/uploads\/2020\/01\/proco-727x420.jpg 727w\" sizes=\"auto, (max-width: 1000px) 100vw, 1000px\" \/>Gabriel Silva brilhou na base do Palmeiras em 2019 \u2014 Foto: Ag. Palmeiras<\/p>\n<div class=\"mc-column content-text active-extra-styles\" data-block-type=\"raw\" data-block-weight=\"1\" data-block-id=\"49\">\n<div class=\"content-intertitle\">\n<h2>Santos<\/h2>\n<\/div>\n<\/div>\n<div class=\"mc-column content-text active-extra-styles \" data-block-type=\"unstyled\" data-block-weight=\"67\" data-block-id=\"50\">\n<p class=\"content-text__container \" data-track-category=\"Link no Texto\" data-track-links=\"\">Com apenas 16 anos, o atacante Marcos Leonardo \u00e9 visto como um &#8220;raio&#8221; em potencial. E n\u00e3o \u00e9 por acaso: o jogador j\u00e1 bateu n\u00fameros expressivos de Neymar, Gabigol e Rodrygo na base do Peixe. Em busca do tetra da Copinha, o clube tem uma lista com atletas que trabalharam ativamente com o t\u00e9cnico Jorge Sampaoli em 2019, casos do atacante Allanzinho e do meia Lucas Louren\u00e7o.<\/p>\n<p data-track-category=\"Link no Texto\" data-track-links=\"\"><img loading=\"lazy\" decoding=\"async\" class=\"alignnone size-full wp-image-15518\" src=\"https:\/\/jorgezanoni.com.br\/2019\/wp-content\/uploads\/2020\/01\/santos.jpg\" alt=\"\" width=\"1000\" height=\"666\" srcset=\"https:\/\/jorgezanoni.com.br\/2019\/wp-content\/uploads\/2020\/01\/santos.jpg 1000w, https:\/\/jorgezanoni.com.br\/2019\/wp-content\/uploads\/2020\/01\/santos-300x200.jpg 300w, https:\/\/jorgezanoni.com.br\/2019\/wp-content\/uploads\/2020\/01\/santos-768x511.jpg 768w, https:\/\/jorgezanoni.com.br\/2019\/wp-content\/uploads\/2020\/01\/santos-696x464.jpg 696w, https:\/\/jorgezanoni.com.br\/2019\/wp-content\/uploads\/2020\/01\/santos-631x420.jpg 631w\" sizes=\"auto, (max-width: 1000px) 100vw, 1000px\" \/><\/p>\n<div class=\"row medium-uncollapsed content-media content-photo\" data-block-type=\"backstage-photo\" data-block-id=\"51\">\n<div class=\"mc-column content-media__container\">\n<p class=\"content-media__description \">Marcos Leonardo em treino do Santos no CT Rei Pel\u00e9 \u2014 Foto: Pedro Azevedo\/Santos FC<\/p>\n<\/div>\n<\/div>\n<div class=\"mc-column content-text active-extra-styles\" data-block-type=\"raw\" data-block-weight=\"2\" data-block-id=\"52\">\n<div class=\"content-intertitle\">\n<h2>S\u00e3o Paulo<\/h2>\n<\/div>\n<\/div>\n<div class=\"mc-column content-text active-extra-styles \" data-block-type=\"unstyled\" data-block-weight=\"60\" data-block-id=\"53\">\n<p class=\"content-text__container \" data-track-category=\"Link no Texto\" data-track-links=\"\">Se Antony brilhou na conquista do ano passado e subiu para os profissionais, agora \u00e9 a vez de o S\u00e3o Paulo apostar no volante Rodrigo Nestor. O clube planeja integr\u00e1-lo ao grupo principal logo ap\u00f3s o torneio de base. Defendendo o t\u00edtulo da competi\u00e7\u00e3o, o Tricolor tem um elenco &#8220;experiente&#8221;. Dos 30 jogadores inscritos, nove foram campe\u00f5es em 2019.<\/p>\n<\/div>\n<div class=\"content-ads content-ads--reveal\" data-block-type=\"ads\" data-block-id=\"54\">\n<div id=\"banner_materia__1e69b985-a2e9-45fc-9935-0b25707f558c\" class=\"tag-manager-publicidade-container mc-has-reveal mc-has-ad-lazyload tag-manager-publicidade-banner_materia__1e69b985-a2e9-45fc-9935-0b25707f558c tag-manager-publicidade-container--carregado tag-manager-publicidade-container--visivel\" data-id=\"banner_materia__1e69b985-a2e9-45fc-9935-0b25707f558c\" data-google-query-id=\"CPXwgI-e5eYCFY8GuQYd4GcCUQ\" data-cid=\"null\" data-lid=\"null\"><img loading=\"lazy\" decoding=\"async\" class=\"alignnone size-full wp-image-15519\" src=\"https:\/\/jorgezanoni.com.br\/2019\/wp-content\/uploads\/2020\/01\/bambi.jpg\" alt=\"\" width=\"1600\" height=\"980\" srcset=\"https:\/\/jorgezanoni.com.br\/2019\/wp-content\/uploads\/2020\/01\/bambi.jpg 1600w, https:\/\/jorgezanoni.com.br\/2019\/wp-content\/uploads\/2020\/01\/bambi-300x184.jpg 300w, https:\/\/jorgezanoni.com.br\/2019\/wp-content\/uploads\/2020\/01\/bambi-768x470.jpg 768w, https:\/\/jorgezanoni.com.br\/2019\/wp-content\/uploads\/2020\/01\/bambi-1024x627.jpg 1024w, https:\/\/jorgezanoni.com.br\/2019\/wp-content\/uploads\/2020\/01\/bambi-696x426.jpg 696w, https:\/\/jorgezanoni.com.br\/2019\/wp-content\/uploads\/2020\/01\/bambi-1068x654.jpg 1068w, https:\/\/jorgezanoni.com.br\/2019\/wp-content\/uploads\/2020\/01\/bambi-686x420.jpg 686w\" sizes=\"auto, (max-width: 1600px) 100vw, 1600px\" \/><\/p>\n<div class=\"row medium-uncollapsed content-media content-photo\" data-block-type=\"backstage-photo\" data-block-id=\"55\">\n<div class=\"column medium-22 large-20 medium-centered content-media__container\">\n<p class=\"content-media__description \">Rodrigo Nestor vai jogar a Copa S\u00e3o Paulo em 2020 \u2014 Foto: Rubens Chiri\/saopaulofc.net<\/p>\n<\/div>\n<\/div>\n<div class=\"mc-column content-text active-extra-styles\" data-block-type=\"raw\" data-block-weight=\"1\" data-block-id=\"56\">\n<div class=\"content-intertitle\">\n<h2>Vasco<\/h2>\n<\/div>\n<\/div>\n<div class=\"mc-column content-text active-extra-styles \" data-block-type=\"unstyled\" data-block-weight=\"54\" data-block-id=\"57\">\n<p class=\"content-text__container \" data-track-category=\"Link no Texto\" data-track-links=\"\">Reserva no vice-campeonato de 2019, quando entrou e deu passe para gol na final contra o S\u00e3o Paulo, o lateral-esquerdo Riquelme, de 17 anos, receber\u00e1 a primeira oportunidade como titular nesta Copinha. Tem muita qualidade t\u00e9cnica e, caso evite os problemas f\u00edsicos que o atrapalharam no \u00faltimo ano, ser\u00e1 uma das refer\u00eancias do Vasco.<\/p>\n<p data-track-category=\"Link no Texto\" data-track-links=\"\"><img loading=\"lazy\" decoding=\"async\" class=\"alignnone size-full wp-image-15520\" src=\"https:\/\/jorgezanoni.com.br\/2019\/wp-content\/uploads\/2020\/01\/vasco.jpg\" alt=\"\" width=\"1600\" height=\"1075\" srcset=\"https:\/\/jorgezanoni.com.br\/2019\/wp-content\/uploads\/2020\/01\/vasco.jpg 1600w, https:\/\/jorgezanoni.com.br\/2019\/wp-content\/uploads\/2020\/01\/vasco-300x202.jpg 300w, https:\/\/jorgezanoni.com.br\/2019\/wp-content\/uploads\/2020\/01\/vasco-768x516.jpg 768w, https:\/\/jorgezanoni.com.br\/2019\/wp-content\/uploads\/2020\/01\/vasco-1024x688.jpg 1024w, https:\/\/jorgezanoni.com.br\/2019\/wp-content\/uploads\/2020\/01\/vasco-696x468.jpg 696w, https:\/\/jorgezanoni.com.br\/2019\/wp-content\/uploads\/2020\/01\/vasco-1068x718.jpg 1068w, https:\/\/jorgezanoni.com.br\/2019\/wp-content\/uploads\/2020\/01\/vasco-625x420.jpg 625w\" sizes=\"auto, (max-width: 1600px) 100vw, 1600px\" \/>Riquelme tem se destacado na base do Vasco \u2014 Foto: Rafael Ribeiro \/ Vasco<\/p>\n<p data-track-category=\"Link no Texto\" data-track-links=\"\">Fonte: https:\/\/globoesporte.globo.com\/futebol\/copa-sp-de-futebol-junior\/noticia\/copa-sao-paulo-comeca-nesta-quinta-com-127-clubes-conheca-os-candidatos-a-craque-do-torneio.ghtml<\/p>\n<\/div>\n<\/div>\n<\/div>\n<\/div>\n<\/div>\n<\/div>\n<\/div>\n<\/div>\n<\/div>\n<\/div>\n<\/div>\n<\/div>\n<p data-track-category=\"Link no Texto\" data-track-links=\"\">\n<\/div>\n<p style=\"text-align: justify;\" data-track-category=\"Link no Texto\" data-track-links=\"\">\n<\/div>\n<\/div>\n<\/div>\n<\/div>\n","protected":false},"excerpt":{"rendered":"<p>Sem a presen\u00e7a do Flamengo, principal torneio de base do pa\u00eds chega \u00e0 51\u00aa edi\u00e7\u00e3o e ter\u00e1 alguns jogadores que foram campe\u00f5es mundiais sub-17 com a sele\u00e7\u00e3o brasileira. A 51\u00aa edi\u00e7\u00e3o da\u00a0Copa S\u00e3o Paulo de Futebol J\u00fanior\u00a0come\u00e7a nesta ter\u00e7a-feira. Ap\u00f3s a\u00a0desist\u00eancia do Flamengo\u00a0na \u00faltima segunda-feira, ser\u00e3o 127 times de todo o Brasil, jogando em 32 [&hellip;]<\/p>\n","protected":false},"author":1,"featured_media":15521,"comment_status":"closed","ping_status":"open","sticky":false,"template":"","format":"standard","meta":{"footnotes":""},"categories":[111,110],"tags":[],"class_list":["post-15509","post","type-post","status-publish","format-standard","has-post-thumbnail","hentry","category-esporteecultura","category-noticiasdestaque"],"_links":{"self":[{"href":"https:\/\/jorgezanoni.com.br\/2019\/wp-json\/wp\/v2\/posts\/15509","targetHints":{"allow":["GET"]}}],"collection":[{"href":"https:\/\/jorgezanoni.com.br\/2019\/wp-json\/wp\/v2\/posts"}],"about":[{"href":"https:\/\/jorgezanoni.com.br\/2019\/wp-json\/wp\/v2\/types\/post"}],"author":[{"embeddable":true,"href":"https:\/\/jorgezanoni.com.br\/2019\/wp-json\/wp\/v2\/users\/1"}],"replies":[{"embeddable":true,"href":"https:\/\/jorgezanoni.com.br\/2019\/wp-json\/wp\/v2\/comments?post=15509"}],"version-history":[{"count":0,"href":"https:\/\/jorgezanoni.com.br\/2019\/wp-json\/wp\/v2\/posts\/15509\/revisions"}],"wp:featuredmedia":[{"embeddable":true,"href":"https:\/\/jorgezanoni.com.br\/2019\/wp-json\/wp\/v2\/media\/15521"}],"wp:attachment":[{"href":"https:\/\/jorgezanoni.com.br\/2019\/wp-json\/wp\/v2\/media?parent=15509"}],"wp:term":[{"taxonomy":"category","embeddable":true,"href":"https:\/\/jorgezanoni.com.br\/2019\/wp-json\/wp\/v2\/categories?post=15509"},{"taxonomy":"post_tag","embeddable":true,"href":"https:\/\/jorgezanoni.com.br\/2019\/wp-json\/wp\/v2\/tags?post=15509"}],"curies":[{"name":"wp","href":"https:\/\/api.w.org\/{rel}","templated":true}]}}