{"id":15487,"date":"2020-01-02T13:47:46","date_gmt":"2020-01-02T13:47:46","guid":{"rendered":"https:\/\/jorgezanoni.com.br\/2019\/?p=15487"},"modified":"2020-01-02T13:47:46","modified_gmt":"2020-01-02T13:47:46","slug":"temporal-causa-desabamento-de-barracao-e-quedas-de-arvores-e-telhados-no-oeste-paulista","status":"publish","type":"post","link":"https:\/\/jorgezanoni.com.br\/2019\/temporal-causa-desabamento-de-barracao-e-quedas-de-arvores-e-telhados-no-oeste-paulista\/","title":{"rendered":"Temporal causa desabamento de barrac\u00e3o e quedas de \u00e1rvores e telhados no Oeste Paulista"},"content":{"rendered":"<h2 class=\"content-head__subtitle\" style=\"text-align: justify;\"><strong>Estrutura caiu no Jardim Sat\u00e9lite, em Presidente Prudente. Ventos chegaram a 68 km\/h conforme dados do Instituto Nacional de Meteorologia (INMET).<\/strong><\/h2>\n<div class=\"mc-column content-text active-extra-styles \" data-block-type=\"unstyled\" data-block-weight=\"23\" data-block-id=\"2\">\n<p class=\"content-text__container \" style=\"text-align: justify;\" data-track-category=\"Link no Texto\" data-track-links=\"\">Uma forte chuva acompanhada de uma intensa ventania causou estragos e transtornos a v\u00e1rios moradores do Oeste Paulista na tarde desta quarta-feira (1\u00ba).<\/p>\n<\/div>\n<div class=\"wall protected-content\">\n<div class=\"mc-column content-text active-extra-styles \" style=\"text-align: justify;\" data-block-type=\"unstyled\" data-block-weight=\"23\" data-block-id=\"3\">\n<p class=\"content-text__container \" data-track-category=\"Link no Texto\" data-track-links=\"\">Em\u00a0<a href=\"https:\/\/g1.globo.com\/sp\/presidente-prudente-regiao\/cidade\/presidente-prudente\/\">Presidente Prudente<\/a>, a estrutura de um barrac\u00e3o de uma empresa desabou no Jardim Sat\u00e9lite. Segundo o Corpo de Bombeiros, n\u00e3o houve v\u00edtimas.<\/p>\n<\/div>\n<div class=\"mc-column content-text active-extra-styles \" style=\"text-align: justify;\" data-block-type=\"unstyled\" data-block-weight=\"42\" data-block-id=\"4\">\n<p class=\"content-text__container \" data-track-category=\"Link no Texto\" data-track-links=\"\">A empresa respons\u00e1vel pelo barrac\u00e3o informou \u00e0\u00a0<strong>TV Fronteira<\/strong>\u00a0que tem conhecimento do ocorrido e que j\u00e1 est\u00e1 tomando as atitudes cab\u00edveis. A empresa informou que a energia estava desligada e que ningu\u00e9m se machucou, j\u00e1 que nesta quarta-feira n\u00e3o houve expediente.<\/p>\n<\/div>\n<div class=\"mc-column content-text active-extra-styles \" data-block-type=\"unstyled\" data-block-weight=\"26\" data-block-id=\"5\">\n<p class=\"content-text__container \" style=\"text-align: justify;\" data-track-category=\"Link no Texto\" data-track-links=\"\">A empresa ainda informou que o preju\u00edzo foi material, principalmente no barrac\u00e3o, na parte de fora. O preju\u00edzo ser\u00e1 calculado e o seguro j\u00e1 foi acionado.<\/p>\n<p style=\"text-align: justify;\" data-track-category=\"Link no Texto\" data-track-links=\"\"><img loading=\"lazy\" decoding=\"async\" class=\"alignnone size-full wp-image-15488\" src=\"https:\/\/jorgezanoni.com.br\/2019\/wp-content\/uploads\/2020\/01\/barrac\u00e3o1.jpeg\" alt=\"\" width=\"640\" height=\"603\" srcset=\"https:\/\/jorgezanoni.com.br\/2019\/wp-content\/uploads\/2020\/01\/barrac\u00e3o1.jpeg 640w, https:\/\/jorgezanoni.com.br\/2019\/wp-content\/uploads\/2020\/01\/barrac\u00e3o1-300x283.jpeg 300w, https:\/\/jorgezanoni.com.br\/2019\/wp-content\/uploads\/2020\/01\/barrac\u00e3o1-446x420.jpeg 446w\" sizes=\"auto, (max-width: 640px) 100vw, 640px\" \/>Telhado de resid\u00eancia desabou em Presidente Prudente \u2014 Foto: Matilde Maria Cristina\/Cedida<\/p>\n<div class=\"mc-column content-text active-extra-styles \" style=\"text-align: justify;\" data-block-type=\"unstyled\" data-block-weight=\"22\" data-block-id=\"8\">\n<p class=\"content-text__container \" data-track-category=\"Link no Texto\" data-track-links=\"\">Moradora do Parque Alvorada, na zona leste de Presidente Prudente, a funcion\u00e1ria p\u00fablica Matilde Maria Cristina tomou um susto com o temporal.<\/p>\n<\/div>\n<div class=\"mc-column content-text active-extra-styles \" style=\"text-align: justify;\" data-block-type=\"unstyled\" data-block-weight=\"30\" data-block-id=\"9\">\n<p class=\"content-text__container \" data-track-category=\"Link no Texto\" data-track-links=\"\">&#8220;Caiu o telhado da casa do vizinho dentro da minha piscina. Foi mais vento do que chuva, mas foi bem r\u00e1pido. A sorte \u00e9 que n\u00e3o machucou ningu\u00e9m&#8221;, afirmou Cristina.<\/p>\n<\/div>\n<div class=\"mc-column content-text active-extra-styles \" style=\"text-align: justify;\" data-block-type=\"unstyled\" data-block-weight=\"19\" data-block-id=\"10\">\n<p class=\"content-text__container \" data-track-category=\"Link no Texto\" data-track-links=\"\">Conforme o Instituto Nacional de Meteorologia (INMET), choveu 3,6 mil\u00edmetros em Presidente Prudente e os ventos alcan\u00e7aram 68 km\/h.<\/p>\n<\/div>\n<div class=\"mc-column content-text active-extra-styles \" style=\"text-align: justify;\" data-block-type=\"unstyled\" data-block-weight=\"29\" data-block-id=\"11\">\n<p class=\"content-text__container \" data-track-category=\"Link no Texto\" data-track-links=\"\">J\u00e1 em\u00a0<a href=\"https:\/\/g1.globo.com\/sp\/presidente-prudente-regiao\/cidade\/narandiba\/\">Narandiba<\/a>, os moradores presenciaram a queda de v\u00e1rias \u00e1rvores, de postes, al\u00e9m de algumas casas que foram destelhadas. A chuva na cidade durou cerca de 15 minutos.<\/p>\n<\/div>\n<div class=\"content-ads content-ads--reveal\" style=\"text-align: justify;\" data-block-type=\"ads\" data-block-id=\"12\"><\/div>\n<div class=\"mc-column content-text active-extra-styles \" data-block-type=\"unstyled\" data-block-weight=\"21\" data-block-id=\"13\">\n<p class=\"content-text__container \" style=\"text-align: justify;\" data-track-category=\"Link no Texto\" data-track-links=\"\">Outras cidades da regi\u00e3o, como\u00a0<a href=\"https:\/\/g1.globo.com\/sp\/presidente-prudente-regiao\/cidade\/iepe\/\">Iep\u00ea<\/a>,\u00a0<a href=\"https:\/\/g1.globo.com\/sp\/presidente-prudente-regiao\/cidade\/indiana\/\">Indiana<\/a>,\u00a0<a href=\"https:\/\/g1.globo.com\/sp\/presidente-prudente-regiao\/cidade\/ouro-verde-sp\/\">Ouro Verde<\/a>,\u00a0<a href=\"https:\/\/g1.globo.com\/sp\/presidente-prudente-regiao\/cidade\/pirapozinho\/\">Pirapozinho<\/a>,\u00a0<a href=\"https:\/\/g1.globo.com\/sp\/presidente-prudente-regiao\/cidade\/presidente-bernardes-sp\/\">Presidente Bernardes<\/a>\u00a0e\u00a0<a href=\"https:\/\/g1.globo.com\/sp\/presidente-prudente-regiao\/cidade\/presidente-venceslau\/\">Presidente Venceslau<\/a>, tamb\u00e9m registraram chuva nesta quarta-feira (1\u00ba).<\/p>\n<p style=\"text-align: justify;\" data-track-category=\"Link no Texto\" data-track-links=\"\"><img loading=\"lazy\" decoding=\"async\" class=\"alignnone size-full wp-image-15489\" src=\"https:\/\/jorgezanoni.com.br\/2019\/wp-content\/uploads\/2020\/01\/barrac\u00e3o2.jpeg\" alt=\"\" width=\"640\" height=\"467\" srcset=\"https:\/\/jorgezanoni.com.br\/2019\/wp-content\/uploads\/2020\/01\/barrac\u00e3o2.jpeg 640w, https:\/\/jorgezanoni.com.br\/2019\/wp-content\/uploads\/2020\/01\/barrac\u00e3o2-300x219.jpeg 300w, https:\/\/jorgezanoni.com.br\/2019\/wp-content\/uploads\/2020\/01\/barrac\u00e3o2-324x235.jpeg 324w, https:\/\/jorgezanoni.com.br\/2019\/wp-content\/uploads\/2020\/01\/barrac\u00e3o2-576x420.jpeg 576w\" sizes=\"auto, (max-width: 640px) 100vw, 640px\" \/>Temporal causou estragos em Narandiba \u2014 Foto: Sidmar Santana\/Cedida<\/p>\n<p style=\"text-align: justify;\" data-track-category=\"Link no Texto\" data-track-links=\"\"><img loading=\"lazy\" decoding=\"async\" class=\"alignnone size-full wp-image-15490\" src=\"https:\/\/jorgezanoni.com.br\/2019\/wp-content\/uploads\/2020\/01\/barrac\u00e3o3.jpeg\" alt=\"\" width=\"640\" height=\"360\" srcset=\"https:\/\/jorgezanoni.com.br\/2019\/wp-content\/uploads\/2020\/01\/barrac\u00e3o3.jpeg 640w, https:\/\/jorgezanoni.com.br\/2019\/wp-content\/uploads\/2020\/01\/barrac\u00e3o3-300x169.jpeg 300w\" sizes=\"auto, (max-width: 640px) 100vw, 640px\" \/>Temporal causou estragos em Narandiba \u2014 Foto: Sidmar Santana\/Cedida<\/p>\n<p style=\"text-align: justify;\" data-track-category=\"Link no Texto\" data-track-links=\"\"><img loading=\"lazy\" decoding=\"async\" class=\"alignnone size-full wp-image-15491\" src=\"https:\/\/jorgezanoni.com.br\/2019\/wp-content\/uploads\/2020\/01\/barrac\u00e3o4.jpeg\" alt=\"\" width=\"640\" height=\"616\" srcset=\"https:\/\/jorgezanoni.com.br\/2019\/wp-content\/uploads\/2020\/01\/barrac\u00e3o4.jpeg 640w, https:\/\/jorgezanoni.com.br\/2019\/wp-content\/uploads\/2020\/01\/barrac\u00e3o4-300x289.jpeg 300w, https:\/\/jorgezanoni.com.br\/2019\/wp-content\/uploads\/2020\/01\/barrac\u00e3o4-436x420.jpeg 436w\" sizes=\"auto, (max-width: 640px) 100vw, 640px\" \/>Temporal causou estragos em Narandiba \u2014 Foto: Sidmar Santana\/Cedida<\/p>\n<p style=\"text-align: justify;\" data-track-category=\"Link no Texto\" data-track-links=\"\"><img loading=\"lazy\" decoding=\"async\" class=\"alignnone size-full wp-image-15492\" src=\"https:\/\/jorgezanoni.com.br\/2019\/wp-content\/uploads\/2020\/01\/naran.jpeg\" alt=\"\" width=\"640\" height=\"459\" srcset=\"https:\/\/jorgezanoni.com.br\/2019\/wp-content\/uploads\/2020\/01\/naran.jpeg 640w, https:\/\/jorgezanoni.com.br\/2019\/wp-content\/uploads\/2020\/01\/naran-300x215.jpeg 300w, https:\/\/jorgezanoni.com.br\/2019\/wp-content\/uploads\/2020\/01\/naran-586x420.jpeg 586w\" sizes=\"auto, (max-width: 640px) 100vw, 640px\" \/>Temporal causou estragos em Narandiba \u2014 Foto: Sidmar Santana\/Cedida<\/p>\n<p style=\"text-align: justify;\" data-track-category=\"Link no Texto\" data-track-links=\"\"><img loading=\"lazy\" decoding=\"async\" class=\"alignnone size-full wp-image-15493\" src=\"https:\/\/jorgezanoni.com.br\/2019\/wp-content\/uploads\/2020\/01\/naran1.jpeg\" alt=\"\" width=\"640\" height=\"480\" srcset=\"https:\/\/jorgezanoni.com.br\/2019\/wp-content\/uploads\/2020\/01\/naran1.jpeg 640w, https:\/\/jorgezanoni.com.br\/2019\/wp-content\/uploads\/2020\/01\/naran1-300x225.jpeg 300w, https:\/\/jorgezanoni.com.br\/2019\/wp-content\/uploads\/2020\/01\/naran1-80x60.jpeg 80w, https:\/\/jorgezanoni.com.br\/2019\/wp-content\/uploads\/2020\/01\/naran1-265x198.jpeg 265w, https:\/\/jorgezanoni.com.br\/2019\/wp-content\/uploads\/2020\/01\/naran1-560x420.jpeg 560w\" sizes=\"auto, (max-width: 640px) 100vw, 640px\" \/>Temporal causou estragos em Narandiba \u2014 Foto: Sidmar Santana\/Cedida<\/p>\n<p style=\"text-align: justify;\" data-track-category=\"Link no Texto\" data-track-links=\"\"><img loading=\"lazy\" decoding=\"async\" class=\"alignnone size-full wp-image-15494\" src=\"https:\/\/jorgezanoni.com.br\/2019\/wp-content\/uploads\/2020\/01\/Naran-2.jpeg\" alt=\"\" width=\"640\" height=\"771\" srcset=\"https:\/\/jorgezanoni.com.br\/2019\/wp-content\/uploads\/2020\/01\/Naran-2.jpeg 640w, https:\/\/jorgezanoni.com.br\/2019\/wp-content\/uploads\/2020\/01\/Naran-2-249x300.jpeg 249w, https:\/\/jorgezanoni.com.br\/2019\/wp-content\/uploads\/2020\/01\/Naran-2-349x420.jpeg 349w\" sizes=\"auto, (max-width: 640px) 100vw, 640px\" \/>Quedas de \u00e1rvores foram registradas em Narandiba \u2014 Foto: Lauro Barbosa\/Cedida<\/p>\n<p style=\"text-align: justify;\" data-track-category=\"Link no Texto\" data-track-links=\"\"><img loading=\"lazy\" decoding=\"async\" class=\"alignnone size-full wp-image-15495\" src=\"https:\/\/jorgezanoni.com.br\/2019\/wp-content\/uploads\/2020\/01\/naran3.jpeg\" alt=\"\" width=\"640\" height=\"694\" srcset=\"https:\/\/jorgezanoni.com.br\/2019\/wp-content\/uploads\/2020\/01\/naran3.jpeg 640w, https:\/\/jorgezanoni.com.br\/2019\/wp-content\/uploads\/2020\/01\/naran3-277x300.jpeg 277w, https:\/\/jorgezanoni.com.br\/2019\/wp-content\/uploads\/2020\/01\/naran3-387x420.jpeg 387w\" sizes=\"auto, (max-width: 640px) 100vw, 640px\" \/> <img loading=\"lazy\" decoding=\"async\" class=\"alignnone size-full wp-image-15496\" src=\"https:\/\/jorgezanoni.com.br\/2019\/wp-content\/uploads\/2020\/01\/naran4.jpeg\" alt=\"\" width=\"640\" height=\"810\" srcset=\"https:\/\/jorgezanoni.com.br\/2019\/wp-content\/uploads\/2020\/01\/naran4.jpeg 640w, https:\/\/jorgezanoni.com.br\/2019\/wp-content\/uploads\/2020\/01\/naran4-237x300.jpeg 237w, https:\/\/jorgezanoni.com.br\/2019\/wp-content\/uploads\/2020\/01\/naran4-332x420.jpeg 332w\" sizes=\"auto, (max-width: 640px) 100vw, 640px\" \/> <img loading=\"lazy\" decoding=\"async\" class=\"alignnone size-full wp-image-15497\" src=\"https:\/\/jorgezanoni.com.br\/2019\/wp-content\/uploads\/2020\/01\/naran5.jpeg\" alt=\"\" width=\"640\" height=\"640\" srcset=\"https:\/\/jorgezanoni.com.br\/2019\/wp-content\/uploads\/2020\/01\/naran5.jpeg 640w, https:\/\/jorgezanoni.com.br\/2019\/wp-content\/uploads\/2020\/01\/naran5-150x150.jpeg 150w, https:\/\/jorgezanoni.com.br\/2019\/wp-content\/uploads\/2020\/01\/naran5-300x300.jpeg 300w, https:\/\/jorgezanoni.com.br\/2019\/wp-content\/uploads\/2020\/01\/naran5-420x420.jpeg 420w\" sizes=\"auto, (max-width: 640px) 100vw, 640px\" \/> <img loading=\"lazy\" decoding=\"async\" class=\"alignnone size-full wp-image-15498\" src=\"https:\/\/jorgezanoni.com.br\/2019\/wp-content\/uploads\/2020\/01\/naran6.jpg\" alt=\"\" width=\"640\" height=\"360\" srcset=\"https:\/\/jorgezanoni.com.br\/2019\/wp-content\/uploads\/2020\/01\/naran6.jpg 640w, https:\/\/jorgezanoni.com.br\/2019\/wp-content\/uploads\/2020\/01\/naran6-300x169.jpg 300w\" sizes=\"auto, (max-width: 640px) 100vw, 640px\" \/> <img loading=\"lazy\" decoding=\"async\" class=\"alignnone size-full wp-image-15499\" src=\"https:\/\/jorgezanoni.com.br\/2019\/wp-content\/uploads\/2020\/01\/naran7.jpeg\" alt=\"\" width=\"640\" height=\"604\" srcset=\"https:\/\/jorgezanoni.com.br\/2019\/wp-content\/uploads\/2020\/01\/naran7.jpeg 640w, https:\/\/jorgezanoni.com.br\/2019\/wp-content\/uploads\/2020\/01\/naran7-300x283.jpeg 300w, https:\/\/jorgezanoni.com.br\/2019\/wp-content\/uploads\/2020\/01\/naran7-445x420.jpeg 445w\" sizes=\"auto, (max-width: 640px) 100vw, 640px\" \/>Quedas de \u00e1rvores foram registradas em Narandiba \u2014 Foto: Paulo C\u00e9sar Barbosa de Souza\/Cedida<\/p>\n<p style=\"text-align: justify;\" data-track-category=\"Link no Texto\" data-track-links=\"\">Fonte: G1<\/p>\n<\/div>\n<\/div>\n<\/div>\n","protected":false},"excerpt":{"rendered":"<p>Estrutura caiu no Jardim Sat\u00e9lite, em Presidente Prudente. Ventos chegaram a 68 km\/h conforme dados do Instituto Nacional de Meteorologia (INMET). Uma forte chuva acompanhada de uma intensa ventania causou estragos e transtornos a v\u00e1rios moradores do Oeste Paulista na tarde desta quarta-feira (1\u00ba). Em\u00a0Presidente Prudente, a estrutura de um barrac\u00e3o de uma empresa desabou [&hellip;]<\/p>\n","protected":false},"author":1,"featured_media":15500,"comment_status":"closed","ping_status":"open","sticky":false,"template":"","format":"standard","meta":{"footnotes":""},"categories":[114,110],"tags":[],"class_list":["post-15487","post","type-post","status-publish","format-standard","has-post-thumbnail","hentry","category-geralecomercio","category-noticiasdestaque"],"_links":{"self":[{"href":"https:\/\/jorgezanoni.com.br\/2019\/wp-json\/wp\/v2\/posts\/15487","targetHints":{"allow":["GET"]}}],"collection":[{"href":"https:\/\/jorgezanoni.com.br\/2019\/wp-json\/wp\/v2\/posts"}],"about":[{"href":"https:\/\/jorgezanoni.com.br\/2019\/wp-json\/wp\/v2\/types\/post"}],"author":[{"embeddable":true,"href":"https:\/\/jorgezanoni.com.br\/2019\/wp-json\/wp\/v2\/users\/1"}],"replies":[{"embeddable":true,"href":"https:\/\/jorgezanoni.com.br\/2019\/wp-json\/wp\/v2\/comments?post=15487"}],"version-history":[{"count":0,"href":"https:\/\/jorgezanoni.com.br\/2019\/wp-json\/wp\/v2\/posts\/15487\/revisions"}],"wp:featuredmedia":[{"embeddable":true,"href":"https:\/\/jorgezanoni.com.br\/2019\/wp-json\/wp\/v2\/media\/15500"}],"wp:attachment":[{"href":"https:\/\/jorgezanoni.com.br\/2019\/wp-json\/wp\/v2\/media?parent=15487"}],"wp:term":[{"taxonomy":"category","embeddable":true,"href":"https:\/\/jorgezanoni.com.br\/2019\/wp-json\/wp\/v2\/categories?post=15487"},{"taxonomy":"post_tag","embeddable":true,"href":"https:\/\/jorgezanoni.com.br\/2019\/wp-json\/wp\/v2\/tags?post=15487"}],"curies":[{"name":"wp","href":"https:\/\/api.w.org\/{rel}","templated":true}]}}