{"id":15457,"date":"2020-01-02T11:31:51","date_gmt":"2020-01-02T11:31:51","guid":{"rendered":"https:\/\/jorgezanoni.com.br\/2019\/?p=15457"},"modified":"2020-01-02T11:31:51","modified_gmt":"2020-01-02T11:31:51","slug":"acidente-na-rotatoria-da-antiga-fruteza-envolve-dois-veiculos","status":"publish","type":"post","link":"https:\/\/jorgezanoni.com.br\/2019\/acidente-na-rotatoria-da-antiga-fruteza-envolve-dois-veiculos\/","title":{"rendered":"Acidente na rotat\u00f3ria da antiga Fruteza envolve dois ve\u00edculos."},"content":{"rendered":"<p><strong>Duas pessoas ficaram feridas, aparentemente com ferimentos leves.<\/strong><\/p>\n<p><img loading=\"lazy\" decoding=\"async\" class=\"alignnone size-full wp-image-15458\" src=\"https:\/\/jorgezanoni.com.br\/2019\/wp-content\/uploads\/2020\/01\/rodo2.jpg\" alt=\"\" width=\"864\" height=\"1152\" srcset=\"https:\/\/jorgezanoni.com.br\/2019\/wp-content\/uploads\/2020\/01\/rodo2.jpg 864w, https:\/\/jorgezanoni.com.br\/2019\/wp-content\/uploads\/2020\/01\/rodo2-225x300.jpg 225w, https:\/\/jorgezanoni.com.br\/2019\/wp-content\/uploads\/2020\/01\/rodo2-768x1024.jpg 768w, https:\/\/jorgezanoni.com.br\/2019\/wp-content\/uploads\/2020\/01\/rodo2-696x928.jpg 696w, https:\/\/jorgezanoni.com.br\/2019\/wp-content\/uploads\/2020\/01\/rodo2-315x420.jpg 315w\" sizes=\"auto, (max-width: 864px) 100vw, 864px\" \/><\/p>\n<p style=\"text-align: justify;\">Por volta de 06:40 Horas desta quinta-feira (2), foi registrado um acidente com pelo menos duas v\u00edtimas leves, na rodovia Cmte. Jo\u00e3o Ribeiro de Barros, SP-294, rotat\u00f3ria da antiga Fruteza.<\/p>\n<p style=\"text-align: justify;\">Segundo informa\u00e7\u00f5es obtidas pela reportagem do Site JZ, dois ve\u00edculos seguiam no sentido Tupi Paulista \u00e0 Dracena e ao chegarem na rotat\u00f3ria passaram direto. O primeiro ve\u00edculo atingiu uma placa e o segundo teve o parabrisa quebrado. (continua depois da publicidade)<\/p>\n<p><img loading=\"lazy\" decoding=\"async\" class=\"alignnone size-full wp-image-15459\" src=\"https:\/\/jorgezanoni.com.br\/2019\/wp-content\/uploads\/2020\/01\/Suprema-Drone.gif\" alt=\"\" width=\"504\" height=\"122\" \/><\/p>\n<p style=\"text-align: justify;\">Uma idosa acompanhante do primeiro ve\u00edculo com escoria\u00e7\u00f5es e marcas no pesco\u00e7o por conta do cinto de seguran\u00e7a e a motorista do segundo ve\u00edculo tamb\u00e9m com escoria\u00e7\u00f5es e cortes por conta da quebra do parabrisas, foram socorridas pela Unidade de Resgate do Corpo de Bombeiros ao Pronto Atendimento de Dracena.<\/p>\n<p style=\"text-align: justify;\">O motivo preliminarmente apurado foi que os motoristas teriam se atrapalhado por conta do Sol quando aconteceu o acidente.<\/p>\n<p style=\"text-align: justify;\">A Pol\u00edcia Militar Rodovi\u00e1ria base operacional de Adamantina e Pol\u00edcia T\u00e9cnica compareceram no local.\u00a0Funcionas do D.E.R. colaboraram no contr\u00f4le do tr\u00e2nsito e sinaliza\u00e7\u00e3o do local.<\/p>\n<p><img loading=\"lazy\" decoding=\"async\" class=\"alignnone size-full wp-image-15462\" src=\"https:\/\/jorgezanoni.com.br\/2019\/wp-content\/uploads\/2020\/01\/rodo3.jpg\" alt=\"\" width=\"864\" height=\"1152\" srcset=\"https:\/\/jorgezanoni.com.br\/2019\/wp-content\/uploads\/2020\/01\/rodo3.jpg 864w, https:\/\/jorgezanoni.com.br\/2019\/wp-content\/uploads\/2020\/01\/rodo3-225x300.jpg 225w, https:\/\/jorgezanoni.com.br\/2019\/wp-content\/uploads\/2020\/01\/rodo3-768x1024.jpg 768w, https:\/\/jorgezanoni.com.br\/2019\/wp-content\/uploads\/2020\/01\/rodo3-696x928.jpg 696w, https:\/\/jorgezanoni.com.br\/2019\/wp-content\/uploads\/2020\/01\/rodo3-315x420.jpg 315w\" sizes=\"auto, (max-width: 864px) 100vw, 864px\" \/><img loading=\"lazy\" decoding=\"async\" class=\"alignnone size-full wp-image-15463\" src=\"https:\/\/jorgezanoni.com.br\/2019\/wp-content\/uploads\/2020\/01\/rodo4.jpg\" alt=\"\" width=\"864\" height=\"1152\" srcset=\"https:\/\/jorgezanoni.com.br\/2019\/wp-content\/uploads\/2020\/01\/rodo4.jpg 864w, https:\/\/jorgezanoni.com.br\/2019\/wp-content\/uploads\/2020\/01\/rodo4-225x300.jpg 225w, https:\/\/jorgezanoni.com.br\/2019\/wp-content\/uploads\/2020\/01\/rodo4-768x1024.jpg 768w, https:\/\/jorgezanoni.com.br\/2019\/wp-content\/uploads\/2020\/01\/rodo4-696x928.jpg 696w, https:\/\/jorgezanoni.com.br\/2019\/wp-content\/uploads\/2020\/01\/rodo4-315x420.jpg 315w\" sizes=\"auto, (max-width: 864px) 100vw, 864px\" \/> <img loading=\"lazy\" decoding=\"async\" class=\"alignnone size-full wp-image-15464\" src=\"https:\/\/jorgezanoni.com.br\/2019\/wp-content\/uploads\/2020\/01\/rodo5.jpg\" alt=\"\" width=\"1152\" height=\"864\" srcset=\"https:\/\/jorgezanoni.com.br\/2019\/wp-content\/uploads\/2020\/01\/rodo5.jpg 1152w, https:\/\/jorgezanoni.com.br\/2019\/wp-content\/uploads\/2020\/01\/rodo5-300x225.jpg 300w, https:\/\/jorgezanoni.com.br\/2019\/wp-content\/uploads\/2020\/01\/rodo5-768x576.jpg 768w, https:\/\/jorgezanoni.com.br\/2019\/wp-content\/uploads\/2020\/01\/rodo5-1024x768.jpg 1024w, https:\/\/jorgezanoni.com.br\/2019\/wp-content\/uploads\/2020\/01\/rodo5-80x60.jpg 80w, https:\/\/jorgezanoni.com.br\/2019\/wp-content\/uploads\/2020\/01\/rodo5-265x198.jpg 265w, https:\/\/jorgezanoni.com.br\/2019\/wp-content\/uploads\/2020\/01\/rodo5-696x522.jpg 696w, https:\/\/jorgezanoni.com.br\/2019\/wp-content\/uploads\/2020\/01\/rodo5-1068x801.jpg 1068w, https:\/\/jorgezanoni.com.br\/2019\/wp-content\/uploads\/2020\/01\/rodo5-560x420.jpg 560w\" sizes=\"auto, (max-width: 1152px) 100vw, 1152px\" \/><\/p>\n<p style=\"text-align: justify;\">Jorge Zanoni<\/p>\n<p style=\"text-align: justify;\">Fotos de Internauta<\/p>\n","protected":false},"excerpt":{"rendered":"<p>Duas pessoas ficaram feridas, aparentemente com ferimentos leves. Por volta de 06:40 Horas desta quinta-feira (2), foi registrado um acidente com pelo menos duas v\u00edtimas leves, na rodovia Cmte. Jo\u00e3o Ribeiro de Barros, SP-294, rotat\u00f3ria da antiga Fruteza. Segundo informa\u00e7\u00f5es obtidas pela reportagem do Site JZ, dois ve\u00edculos seguiam no sentido Tupi Paulista \u00e0 Dracena [&hellip;]<\/p>\n","protected":false},"author":1,"featured_media":15462,"comment_status":"closed","ping_status":"open","sticky":false,"template":"","format":"standard","meta":{"footnotes":""},"categories":[170,110],"tags":[],"class_list":["post-15457","post","type-post","status-publish","format-standard","has-post-thumbnail","hentry","category-acidentes","category-noticiasdestaque"],"_links":{"self":[{"href":"https:\/\/jorgezanoni.com.br\/2019\/wp-json\/wp\/v2\/posts\/15457","targetHints":{"allow":["GET"]}}],"collection":[{"href":"https:\/\/jorgezanoni.com.br\/2019\/wp-json\/wp\/v2\/posts"}],"about":[{"href":"https:\/\/jorgezanoni.com.br\/2019\/wp-json\/wp\/v2\/types\/post"}],"author":[{"embeddable":true,"href":"https:\/\/jorgezanoni.com.br\/2019\/wp-json\/wp\/v2\/users\/1"}],"replies":[{"embeddable":true,"href":"https:\/\/jorgezanoni.com.br\/2019\/wp-json\/wp\/v2\/comments?post=15457"}],"version-history":[{"count":0,"href":"https:\/\/jorgezanoni.com.br\/2019\/wp-json\/wp\/v2\/posts\/15457\/revisions"}],"wp:featuredmedia":[{"embeddable":true,"href":"https:\/\/jorgezanoni.com.br\/2019\/wp-json\/wp\/v2\/media\/15462"}],"wp:attachment":[{"href":"https:\/\/jorgezanoni.com.br\/2019\/wp-json\/wp\/v2\/media?parent=15457"}],"wp:term":[{"taxonomy":"category","embeddable":true,"href":"https:\/\/jorgezanoni.com.br\/2019\/wp-json\/wp\/v2\/categories?post=15457"},{"taxonomy":"post_tag","embeddable":true,"href":"https:\/\/jorgezanoni.com.br\/2019\/wp-json\/wp\/v2\/tags?post=15457"}],"curies":[{"name":"wp","href":"https:\/\/api.w.org\/{rel}","templated":true}]}}