{"id":15454,"date":"2020-01-02T00:34:11","date_gmt":"2020-01-02T00:34:11","guid":{"rendered":"https:\/\/jorgezanoni.com.br\/2019\/?p=15454"},"modified":"2020-01-02T00:34:11","modified_gmt":"2020-01-02T00:34:11","slug":"morre-jorge-matsuda-presidente-do-grupo-matsuda","status":"publish","type":"post","link":"https:\/\/jorgezanoni.com.br\/2019\/morre-jorge-matsuda-presidente-do-grupo-matsuda\/","title":{"rendered":"Morre Jorge Matsuda, presidente do Grupo Matsuda"},"content":{"rendered":"<p style=\"text-align: justify;\">Faleceu na tarde desta quarta-feira, dia 1\u00ba, o empres\u00e1rio Jorge Matsuda, presidente do Grupo Matsuda, com sede em Presidente Prudente.<\/p>\n<p style=\"text-align: justify;\">Jorge lutava contra um c\u00e2ncer e estava internado em um hospital na capital paulista. Era considerado um dos grandes l\u00edderes do\u00a0agroneg\u00f3cio. De acordo as palavras do CEO do Grupo Publique e Publisher das Revistas Senepol,\u00a0 AgroRevenda e Notici\u00e1rio Tortuga &#8211;\u00a0\u00a0Carl\u00e3o, escritas na biografia Jorge Matsuda, era um &#8220;empres\u00e1rio agregador, ousado, \u00e0 frente de seu tempo, comprometido com o coletivo e dono de um carisma que o torna uma unanimidade entre as fileiras que trabalham pelo Brasil.\u201d<\/p>\n<p style=\"text-align: justify;\">Homem \u00edntegro e querido por muitos, deixou como \u00faltimo desejo um pedido de ajuda a todos que padecem da mesma doen\u00e7a: \u201cN\u00e3o mandem flores ao meu vel\u00f3rio, revertam em doa\u00e7\u00f5es ao Hospital Regional do C\u00e2ncer de Presidente Prudente para ajudar quem precisa nessa luta contra o c\u00e2ncer\u201d. O pedido foi publicado pelo rep\u00f3rter\u00a0Sinomar Calmona em sua rede social.<\/p>\n<p style=\"text-align: justify;\">O Grupo Matsuda \u00e9 umas das maiores empresas do pa\u00eds no ramo de comercializa\u00e7\u00e3o de sementes para pastagens, suplementos minerais, ra\u00e7\u00f5es para peixes, equipamentos agr\u00edcolas, inoculantes para silagem e sa\u00fade animal.<\/p>\n<p style=\"text-align: justify;\">O corpo de Jorge Matsuda ser\u00e1 trasladado para Presidente Prudente ainda esta noite e o vel\u00f3rio e sepultamento deveram\u00a0acontecer nesta quinta-feira, 02, em hor\u00e1rio a ser determinado pela fam\u00edlia.<\/p>\n<p style=\"text-align: justify;\">Fonte: Portal Bueno<\/p>\n","protected":false},"excerpt":{"rendered":"<p>Faleceu na tarde desta quarta-feira, dia 1\u00ba, o empres\u00e1rio Jorge Matsuda, presidente do Grupo Matsuda, com sede em Presidente Prudente. Jorge lutava contra um c\u00e2ncer e estava internado em um hospital na capital paulista. Era considerado um dos grandes l\u00edderes do\u00a0agroneg\u00f3cio. De acordo as palavras do CEO do Grupo Publique e Publisher das Revistas Senepol,\u00a0 [&hellip;]<\/p>\n","protected":false},"author":1,"featured_media":15455,"comment_status":"closed","ping_status":"open","sticky":false,"template":"","format":"standard","meta":{"footnotes":""},"categories":[178,110],"tags":[],"class_list":["post-15454","post","type-post","status-publish","format-standard","has-post-thumbnail","hentry","category-notadefalecimento","category-noticiasdestaque"],"_links":{"self":[{"href":"https:\/\/jorgezanoni.com.br\/2019\/wp-json\/wp\/v2\/posts\/15454","targetHints":{"allow":["GET"]}}],"collection":[{"href":"https:\/\/jorgezanoni.com.br\/2019\/wp-json\/wp\/v2\/posts"}],"about":[{"href":"https:\/\/jorgezanoni.com.br\/2019\/wp-json\/wp\/v2\/types\/post"}],"author":[{"embeddable":true,"href":"https:\/\/jorgezanoni.com.br\/2019\/wp-json\/wp\/v2\/users\/1"}],"replies":[{"embeddable":true,"href":"https:\/\/jorgezanoni.com.br\/2019\/wp-json\/wp\/v2\/comments?post=15454"}],"version-history":[{"count":0,"href":"https:\/\/jorgezanoni.com.br\/2019\/wp-json\/wp\/v2\/posts\/15454\/revisions"}],"wp:featuredmedia":[{"embeddable":true,"href":"https:\/\/jorgezanoni.com.br\/2019\/wp-json\/wp\/v2\/media\/15455"}],"wp:attachment":[{"href":"https:\/\/jorgezanoni.com.br\/2019\/wp-json\/wp\/v2\/media?parent=15454"}],"wp:term":[{"taxonomy":"category","embeddable":true,"href":"https:\/\/jorgezanoni.com.br\/2019\/wp-json\/wp\/v2\/categories?post=15454"},{"taxonomy":"post_tag","embeddable":true,"href":"https:\/\/jorgezanoni.com.br\/2019\/wp-json\/wp\/v2\/tags?post=15454"}],"curies":[{"name":"wp","href":"https:\/\/api.w.org\/{rel}","templated":true}]}}