{"id":15448,"date":"2020-01-01T23:58:43","date_gmt":"2020-01-01T23:58:43","guid":{"rendered":"https:\/\/jorgezanoni.com.br\/2019\/?p=15448"},"modified":"2020-01-01T23:59:27","modified_gmt":"2020-01-01T23:59:27","slug":"velho-ano-novo-no-pais-do-faz-de-conta","status":"publish","type":"post","link":"https:\/\/jorgezanoni.com.br\/2019\/velho-ano-novo-no-pais-do-faz-de-conta\/","title":{"rendered":"Velho Ano Novo no Pa\u00eds do Faz de Conta&#8230;"},"content":{"rendered":"<p style=\"text-align: justify;\">\u201c<em>A Hist\u00f3ria \u00e9 t\u00e3o pr\u00f3diga, t\u00e3o generosa, que n\u00e3o s\u00f3 nos d\u00e1 excelentes li\u00e7\u00f5es sobre a actualidade de certos acontecidos outrora como tamb\u00e9m nos lega, para governo nosso, umas quantas palavras, umas quantas frases que, por esta ou aquela raz\u00e3o, viriam a ganhar ra\u00edzes na mem\u00f3ria dos povos.\u201d<br \/>\n(<\/em><a href=\"https:\/\/www.frasesfamosas.com.br\/frases-de\/jose-saramago\/\"><em>Jos\u00e9 Saramago<\/em><\/a><em>)<\/em><strong><em>\u00a0<\/em><\/strong><\/p>\n<p style=\"text-align: justify;\"><strong><em>S\u00e9rgio Barbosa (*)<\/em><\/strong><strong><em>\u00a0<\/em><\/strong><\/p>\n<p style=\"text-align: justify;\">Finalmente, depois de 12 meses em meio aos desencontros de um Governo sem mais e sem menos, eis que se inicia 2.020 para muitos desafios em todas as \u00e1reas em terras tupiniquins&#8230;<\/p>\n<p style=\"text-align: justify;\">Diz o dito popular, a saber: \u201cque de gr\u00e3o em gr\u00e3o a galinha enche o papo\u201d, portanto, pode-se escrever que nestes \u00faltimos 12 meses, a minoria de sempre, ou seja, os DONOS DO PODER PELO PODER COM O PODER, ainda mediado pela for\u00e7a ECON\u00d4MICA deste PODER, mandaram e desmandaram neste PA\u00cdS DO FAZ DE CONTA&#8230;<\/p>\n<p style=\"text-align: justify;\">Por\u00e9m, espera-se que neste VELHO ANO NOVO a mesma \u201cmesmice de sempre\u201d dos ditos cujos sem cujos e ponto quase final, tamb\u00e9m, com muitos retrocessos nos mais diversos setores em nome deste GOVERNO DE COISOS COM COISAS&#8230;<\/p>\n<p style=\"text-align: justify;\">As perdas que ocorreram em 2.019 s\u00e3o irrecuper\u00e1veis e tudo indicada que outras derrotas para os\/as TRABALHADORES\/AS ser\u00e3o aprovadas de um jeito ou de outro por meio do sistema das TROCAS NADA SIMB\u00d3LICAS mediadas pelos Legislativos em n\u00edveis municipal, estadual e federal&#8230;<\/p>\n<p style=\"text-align: justify;\">Al\u00e9m do mais nestes processos de desmonte que ocorrem em todas as \u00e1reas sob o comando do COISO com SEUS COISOS E COISAS, ainda, com apoio AMPLO, GERAL E IRRESTRITO do PODER ECON\u00d4MICO para os abusos de sempre com os menos favorecidos, n\u00e3o se pode esperar NADA DE NADA deste DESGOVERNO BOZZONARO&#8230;<\/p>\n<p style=\"text-align: justify;\">Entendo que o PA\u00cdS DO FAZ DE CONTA continua mais DE CONTA do que nunca, tal quais as f\u00e1bulas ou est\u00f3rias com in\u00edcio do ERA UMA VEZ&#8230;<\/p>\n<p style=\"text-align: justify;\">A Turma das PANELAS, CAMISETAS AMARELAS e do PATO, simplesmente DESPARECERAM do cen\u00e1rio, bem como, aquela outra cambada dos contr\u00e1rios ao aumento de R$ 0.20 nas passagens de \u00f4nibus, isso sem registrar as passeatas pelo tal PADR\u00c3O FIFA nas \u00e1reas da SA\u00daDE, EDUCA\u00c7\u00c3O e outros&#8230;<\/p>\n<p style=\"text-align: justify;\">Ainda bem que existem registros deste outro tempo do tempo para trazer neste tempo tais fatos por meio de textos e v\u00eddeos disponibilizados nas REDES SOCIAIS para muitos olhares em busca de um \u00fanico olhar, ou seja, FOI GOLPE&#8230;<\/p>\n<p style=\"text-align: justify;\">Neste contexto, pra variar de um lado ou de outro, tamb\u00e9m, existem os denominados ditos populares para uma interpreta\u00e7\u00e3o al\u00e9m dos fatos que ocorreram e ainda pode acontecer neste PA\u00cdS DO FAZ DE CONTA, tal qual a frase, SE VOC\u00ca PENSA QUE T\u00c1 RUIM, PODE PIORAR, bem como, QUEM SOBREVIVER VAI SABER&#8230;<\/p>\n<p style=\"text-align: justify;\"><strong><em>______________________________<\/em><\/strong><\/p>\n<p style=\"text-align: justify;\"><strong><em>(*) Jornalista Diplomado e Professor universit\u00e1rio.<\/em><\/strong><\/p>\n","protected":false},"excerpt":{"rendered":"<p>\u201cA Hist\u00f3ria \u00e9 t\u00e3o pr\u00f3diga, t\u00e3o generosa, que n\u00e3o s\u00f3 nos d\u00e1 excelentes li\u00e7\u00f5es sobre a actualidade de certos acontecidos outrora como tamb\u00e9m nos lega, para governo nosso, umas quantas palavras, umas quantas frases que, por esta ou aquela raz\u00e3o, viriam a ganhar ra\u00edzes na mem\u00f3ria dos povos.\u201d (Jos\u00e9 Saramago)\u00a0 S\u00e9rgio Barbosa (*)\u00a0 Finalmente, depois [&hellip;]<\/p>\n","protected":false},"author":1,"featured_media":15449,"comment_status":"closed","ping_status":"open","sticky":false,"template":"","format":"standard","meta":{"footnotes":""},"categories":[175],"tags":[],"class_list":["post-15448","post","type-post","status-publish","format-standard","has-post-thumbnail","hentry","category-artigos"],"_links":{"self":[{"href":"https:\/\/jorgezanoni.com.br\/2019\/wp-json\/wp\/v2\/posts\/15448","targetHints":{"allow":["GET"]}}],"collection":[{"href":"https:\/\/jorgezanoni.com.br\/2019\/wp-json\/wp\/v2\/posts"}],"about":[{"href":"https:\/\/jorgezanoni.com.br\/2019\/wp-json\/wp\/v2\/types\/post"}],"author":[{"embeddable":true,"href":"https:\/\/jorgezanoni.com.br\/2019\/wp-json\/wp\/v2\/users\/1"}],"replies":[{"embeddable":true,"href":"https:\/\/jorgezanoni.com.br\/2019\/wp-json\/wp\/v2\/comments?post=15448"}],"version-history":[{"count":0,"href":"https:\/\/jorgezanoni.com.br\/2019\/wp-json\/wp\/v2\/posts\/15448\/revisions"}],"wp:featuredmedia":[{"embeddable":true,"href":"https:\/\/jorgezanoni.com.br\/2019\/wp-json\/wp\/v2\/media\/15449"}],"wp:attachment":[{"href":"https:\/\/jorgezanoni.com.br\/2019\/wp-json\/wp\/v2\/media?parent=15448"}],"wp:term":[{"taxonomy":"category","embeddable":true,"href":"https:\/\/jorgezanoni.com.br\/2019\/wp-json\/wp\/v2\/categories?post=15448"},{"taxonomy":"post_tag","embeddable":true,"href":"https:\/\/jorgezanoni.com.br\/2019\/wp-json\/wp\/v2\/tags?post=15448"}],"curies":[{"name":"wp","href":"https:\/\/api.w.org\/{rel}","templated":true}]}}