{"id":15445,"date":"2020-01-01T23:31:22","date_gmt":"2020-01-01T23:31:22","guid":{"rendered":"https:\/\/jorgezanoni.com.br\/2019\/?p=15445"},"modified":"2020-01-01T23:31:22","modified_gmt":"2020-01-01T23:31:22","slug":"homem-e-arremessado-de-moto-e-tem-o-braco-decepado-apos-ser-atingido-por-caminhonete","status":"publish","type":"post","link":"https:\/\/jorgezanoni.com.br\/2019\/homem-e-arremessado-de-moto-e-tem-o-braco-decepado-apos-ser-atingido-por-caminhonete\/","title":{"rendered":"Homem \u00e9 arremessado de moto e tem o bra\u00e7o decepado ap\u00f3s ser atingido por caminhonete"},"content":{"rendered":"<p style=\"text-align: justify;\">Um homem foi arremessado de uma moto e teve o bra\u00e7o decepado depois de ser atingido por uma caminhonete, na madrugada desta quarta-feira (1\u00ba), no centro de Tup\u00e3 (SP).<\/p>\n<p class=\"content-text__container \" style=\"text-align: justify;\" data-track-category=\"Link no Texto\" data-track-links=\"\">Segundo o Corpo de Bombeiros, o motociclista seguia, com um passageiro na garupa, pela Rua Boror\u00f3s, no sentido bairro-centro, quando perdeu o controle ao se aproximar da Avenida Tamoios e foi atingido por uma caminhonete.<\/p>\n<div class=\"mc-column content-text active-extra-styles \" style=\"text-align: justify;\" data-block-type=\"unstyled\" data-block-weight=\"21\" data-block-id=\"6\">\n<p class=\"content-text__container \" data-track-category=\"Link no Texto\" data-track-links=\"\">Com o impacto, as v\u00edtimas foram arremessadas do ve\u00edculo e uma delas parou embaixo de outro carro, que estava estacionado.<\/p>\n<\/div>\n<div class=\"mc-column content-text active-extra-styles \" data-block-type=\"unstyled\" data-block-weight=\"48\" data-block-id=\"7\">\n<p class=\"content-text__container \" style=\"text-align: justify;\" data-track-category=\"Link no Texto\" data-track-links=\"\">Um dos ocupantes da moto teve um bra\u00e7o decepado no acidente e sofreu outros ferimentos graves pelo corpo e cabe\u00e7a. O outro ocupante da moto tamb\u00e9m sofreu ferimentos graves e os dois foram encaminhados para a Santa Casa de Tup\u00e3. O motorista da caminhonete n\u00e3o se feriu.<\/p>\n<p class=\"content-text__container \" style=\"text-align: justify;\" data-track-category=\"Link no Texto\" data-track-links=\"\">Fonte: Reportagem do G1 \/ Foto: Mais Tupa)<\/p>\n<\/div>\n","protected":false},"excerpt":{"rendered":"<p>Um homem foi arremessado de uma moto e teve o bra\u00e7o decepado depois de ser atingido por uma caminhonete, na madrugada desta quarta-feira (1\u00ba), no centro de Tup\u00e3 (SP). Segundo o Corpo de Bombeiros, o motociclista seguia, com um passageiro na garupa, pela Rua Boror\u00f3s, no sentido bairro-centro, quando perdeu o controle ao se aproximar [&hellip;]<\/p>\n","protected":false},"author":1,"featured_media":15446,"comment_status":"closed","ping_status":"open","sticky":false,"template":"","format":"standard","meta":{"footnotes":""},"categories":[170,110],"tags":[],"class_list":["post-15445","post","type-post","status-publish","format-standard","has-post-thumbnail","hentry","category-acidentes","category-noticiasdestaque"],"_links":{"self":[{"href":"https:\/\/jorgezanoni.com.br\/2019\/wp-json\/wp\/v2\/posts\/15445","targetHints":{"allow":["GET"]}}],"collection":[{"href":"https:\/\/jorgezanoni.com.br\/2019\/wp-json\/wp\/v2\/posts"}],"about":[{"href":"https:\/\/jorgezanoni.com.br\/2019\/wp-json\/wp\/v2\/types\/post"}],"author":[{"embeddable":true,"href":"https:\/\/jorgezanoni.com.br\/2019\/wp-json\/wp\/v2\/users\/1"}],"replies":[{"embeddable":true,"href":"https:\/\/jorgezanoni.com.br\/2019\/wp-json\/wp\/v2\/comments?post=15445"}],"version-history":[{"count":0,"href":"https:\/\/jorgezanoni.com.br\/2019\/wp-json\/wp\/v2\/posts\/15445\/revisions"}],"wp:featuredmedia":[{"embeddable":true,"href":"https:\/\/jorgezanoni.com.br\/2019\/wp-json\/wp\/v2\/media\/15446"}],"wp:attachment":[{"href":"https:\/\/jorgezanoni.com.br\/2019\/wp-json\/wp\/v2\/media?parent=15445"}],"wp:term":[{"taxonomy":"category","embeddable":true,"href":"https:\/\/jorgezanoni.com.br\/2019\/wp-json\/wp\/v2\/categories?post=15445"},{"taxonomy":"post_tag","embeddable":true,"href":"https:\/\/jorgezanoni.com.br\/2019\/wp-json\/wp\/v2\/tags?post=15445"}],"curies":[{"name":"wp","href":"https:\/\/api.w.org\/{rel}","templated":true}]}}