{"id":15442,"date":"2020-01-01T23:17:45","date_gmt":"2020-01-01T23:17:45","guid":{"rendered":"https:\/\/jorgezanoni.com.br\/2019\/?p=15442"},"modified":"2020-01-01T23:17:45","modified_gmt":"2020-01-01T23:17:45","slug":"capotamento-entre-florida-paulista-e-adamantina-deixa-cinco-pessoas-feridas","status":"publish","type":"post","link":"https:\/\/jorgezanoni.com.br\/2019\/capotamento-entre-florida-paulista-e-adamantina-deixa-cinco-pessoas-feridas\/","title":{"rendered":"Capotamento entre Fl\u00f3rida Paulista e Adamantina deixa cinco pessoas feridas"},"content":{"rendered":"<p style=\"text-align: justify;\">Um capotamento ocorrido por volta das 11h40 desta quarta-feira (1), na altura do km 600 da Rodovia Comandante Jo\u00e3o Ribeiro de Barros (SP-294) em Fl\u00f3rida Paulista, deixou cinco pessoas levemente feridas.<\/p>\n<p style=\"text-align: justify;\">Um ve\u00edculo VW Gol com placas de Adamantina seguia no sentido Adamantina\/Fl\u00f3rida Paulista quando por motivos ainda desconhecidos, invadiu a canaleta de drenagem da pista e capotou indo parar em meio \u00e0 vegeta\u00e7\u00e3o \u00e0s margens da rodovia.<\/p>\n<p style=\"text-align: justify;\">Segundo informou o Corpo de Bombeiros de Adamantina que prestou atendimento nesta ocorr\u00eancia, no carro estavam cinco pessoas, sendo duas mulheres e tr\u00eas homens. O ve\u00edculo era conduzido por uma mulher.<\/p>\n<p style=\"text-align: justify;\">Todas as v\u00edtimas sofreram ferimentos leves, por\u00e9m, se recusaram a receber o atendimento dos Bombeiros que as encaminharia para a Santa Casa de Fl\u00f3rida Paulista onde passariam por atendimento m\u00e9dico.<\/p>\n<p style=\"text-align: justify;\">A Pol\u00edcia Militar Rodovi\u00e1ria \u2013 Base Operacional de Adamantina esteve no local e registrou o acidente.<\/p>\n<p style=\"text-align: justify;\">Uma equipe de profissionais da UBA \u2013 Unidade B\u00e1sica de Atendimento do Departamento de Estradas de Rodagem sinalizou a via e efetuou atendimento aos usu\u00e1rios.<\/p>\n<p style=\"text-align: justify;\"><em>Foto: Diego Fernandes Silva \/ Folha Regional<\/em><\/p>\n<p style=\"text-align: justify;\">\n<p style=\"text-align: justify;\">\n","protected":false},"excerpt":{"rendered":"<p>Um capotamento ocorrido por volta das 11h40 desta quarta-feira (1), na altura do km 600 da Rodovia Comandante Jo\u00e3o Ribeiro de Barros (SP-294) em Fl\u00f3rida Paulista, deixou cinco pessoas levemente feridas. Um ve\u00edculo VW Gol com placas de Adamantina seguia no sentido Adamantina\/Fl\u00f3rida Paulista quando por motivos ainda desconhecidos, invadiu a canaleta de drenagem da [&hellip;]<\/p>\n","protected":false},"author":1,"featured_media":15443,"comment_status":"closed","ping_status":"open","sticky":false,"template":"","format":"standard","meta":{"footnotes":""},"categories":[170,110],"tags":[],"class_list":["post-15442","post","type-post","status-publish","format-standard","has-post-thumbnail","hentry","category-acidentes","category-noticiasdestaque"],"_links":{"self":[{"href":"https:\/\/jorgezanoni.com.br\/2019\/wp-json\/wp\/v2\/posts\/15442","targetHints":{"allow":["GET"]}}],"collection":[{"href":"https:\/\/jorgezanoni.com.br\/2019\/wp-json\/wp\/v2\/posts"}],"about":[{"href":"https:\/\/jorgezanoni.com.br\/2019\/wp-json\/wp\/v2\/types\/post"}],"author":[{"embeddable":true,"href":"https:\/\/jorgezanoni.com.br\/2019\/wp-json\/wp\/v2\/users\/1"}],"replies":[{"embeddable":true,"href":"https:\/\/jorgezanoni.com.br\/2019\/wp-json\/wp\/v2\/comments?post=15442"}],"version-history":[{"count":0,"href":"https:\/\/jorgezanoni.com.br\/2019\/wp-json\/wp\/v2\/posts\/15442\/revisions"}],"wp:featuredmedia":[{"embeddable":true,"href":"https:\/\/jorgezanoni.com.br\/2019\/wp-json\/wp\/v2\/media\/15443"}],"wp:attachment":[{"href":"https:\/\/jorgezanoni.com.br\/2019\/wp-json\/wp\/v2\/media?parent=15442"}],"wp:term":[{"taxonomy":"category","embeddable":true,"href":"https:\/\/jorgezanoni.com.br\/2019\/wp-json\/wp\/v2\/categories?post=15442"},{"taxonomy":"post_tag","embeddable":true,"href":"https:\/\/jorgezanoni.com.br\/2019\/wp-json\/wp\/v2\/tags?post=15442"}],"curies":[{"name":"wp","href":"https:\/\/api.w.org\/{rel}","templated":true}]}}