{"id":15408,"date":"2020-01-01T14:34:14","date_gmt":"2020-01-01T14:34:14","guid":{"rendered":"https:\/\/jorgezanoni.com.br\/2019\/?p=15408"},"modified":"2020-01-01T14:34:14","modified_gmt":"2020-01-01T14:34:14","slug":"prefeituras-e-universidade-do-oeste-paulista-tem-concursos-publicos-com-inscricoes-abertas","status":"publish","type":"post","link":"https:\/\/jorgezanoni.com.br\/2019\/prefeituras-e-universidade-do-oeste-paulista-tem-concursos-publicos-com-inscricoes-abertas\/","title":{"rendered":"Prefeituras e universidade do Oeste Paulista t\u00eam concursos p\u00fablicos com inscri\u00e7\u00f5es abertas"},"content":{"rendered":"<h2 class=\"content-head__subtitle\" style=\"text-align: justify;\"><strong>Oportunidades est\u00e3o divididas por cinco cidades da regi\u00e3o e abrangem diversas \u00e1reas. Interessados podem se candidatar pela internet.<\/strong><\/h2>\n<div class=\"mc-column content-text active-extra-styles \" data-block-type=\"unstyled\" data-block-weight=\"17\" data-block-id=\"2\">\n<p class=\"content-text__container \" style=\"text-align: justify;\" data-track-category=\"Link no Texto\" data-track-links=\"\">Cinco cidades do Oeste Paulista t\u00eam concursos p\u00fablicos e processos seletivos com inscri\u00e7\u00f5es abertas. Confira as oportunidades:<\/p>\n<\/div>\n<div class=\"wall protected-content\">\n<div class=\"mc-column content-text active-extra-styles\" style=\"text-align: justify;\" data-block-type=\"raw\" data-block-weight=\"1\" data-block-id=\"3\">\n<div class=\"content-intertitle\">\n<h2>Irapuru<\/h2>\n<\/div>\n<\/div>\n<div class=\"mc-column content-text active-extra-styles \" style=\"text-align: justify;\" data-block-type=\"unstyled\" data-block-weight=\"34\" data-block-id=\"4\">\n<p class=\"content-text__container \" data-track-category=\"Link no Texto\" data-track-links=\"\">A Prefeitura de\u00a0<a href=\"https:\/\/g1.globo.com\/sp\/presidente-prudente-regiao\/cidade\/irapuru\/\">Irapuru\u00a0<\/a>est\u00e1 com inscri\u00e7\u00f5es abertas para o concurso p\u00fablico de provas e t\u00edtulos para o preenchimento de vagas em regime estatut\u00e1rio. S\u00e3o 19 vagas e ainda h\u00e1 oportunidades para cadastro reserva.<\/p>\n<\/div>\n<div class=\"mc-column content-text active-extra-styles \" style=\"text-align: justify;\" data-block-type=\"unstyled\" data-block-weight=\"74\" data-block-id=\"5\">\n<p class=\"content-text__container \" data-track-category=\"Link no Texto\" data-track-links=\"\">O cargos dispon\u00edveis, de acordo com o\u00a0<a href=\"https:\/\/www.unisisp.com.br\/imagens_arquivos\/concursos\/arquivos\/126_irapuru_cp_002_2019_edital.pdf\" target=\"_blank\" rel=\"noopener noreferrer\">edital<\/a>, s\u00e3o para as vagas de professor de educa\u00e7\u00e3o b\u00e1sica (2), agente de controle de vetores (2), agente de saneamento (1), analista de suporte t\u00e9cnico (1), auxiliar de enfermagem (1), bibliotec\u00e1rio (1), bra\u00e7al masculino (5), enfermeiro (1), escritur\u00e1rio (1), farmac\u00eautico (2), faxineiro (2), m\u00e9dico do ESF (2), merendeira (2), monitor escolar (2), motorista (2), nutricionista (1), operador de m\u00e1quinas (1), pedreiro (1), pintor (1) e recepcionista (1). (continua depois da publicidade)<\/p>\n<p data-track-category=\"Link no Texto\" data-track-links=\"\"><img loading=\"lazy\" decoding=\"async\" class=\"alignnone size-full wp-image-15409\" src=\"https:\/\/jorgezanoni.com.br\/2019\/wp-content\/uploads\/2020\/01\/Posto-Montreal.png\" alt=\"\" width=\"300\" height=\"150\" \/><\/p>\n<\/div>\n<div class=\"mc-column content-text active-extra-styles \" style=\"text-align: justify;\" data-block-type=\"unstyled\" data-block-weight=\"20\" data-block-id=\"7\">\n<p class=\"content-text__container \" data-track-category=\"Link no Texto\" data-track-links=\"\">A carga hor\u00e1ria de trabalho pode variar de 30h a 40h semanais e o sal\u00e1rio pode chegar a R$ 2.454,39.<\/p>\n<\/div>\n<div class=\"mc-column content-text active-extra-styles \" style=\"text-align: justify;\" data-block-type=\"unstyled\" data-block-weight=\"16\" data-block-id=\"8\">\n<p class=\"content-text__container \" data-track-category=\"Link no Texto\" data-track-links=\"\">As inscri\u00e7\u00f5es devem ser feitas at\u00e9 o dia 12 de janeiro, no\u00a0<a href=\"https:\/\/www.unisisp.com.br\/site\/index.php?pg=concursos\/info&amp;codigo=126\" target=\"_blank\" rel=\"noopener noreferrer\">site<\/a>\u00a0da banca organizadora.<\/p>\n<\/div>\n<div class=\"mc-column content-text active-extra-styles\" style=\"text-align: justify;\" data-block-type=\"raw\" data-block-weight=\"2\" data-block-id=\"9\">\n<div class=\"content-intertitle\">\n<h2>Santa Mercedes<\/h2>\n<\/div>\n<\/div>\n<div class=\"mc-column content-text active-extra-styles \" style=\"text-align: justify;\" data-block-type=\"unstyled\" data-block-weight=\"15\" data-block-id=\"10\">\n<p class=\"content-text__container \" data-track-category=\"Link no Texto\" data-track-links=\"\">A Prefeitura de\u00a0<a href=\"https:\/\/g1.globo.com\/sp\/presidente-prudente-regiao\/cidade\/santa-mercedes\/\">Santa Mercedes\u00a0<\/a>est\u00e1 com inscri\u00e7\u00f5es abertas para concurso p\u00fablico e processo seletivo.<\/p>\n<\/div>\n<div class=\"mc-column content-text active-extra-styles \" style=\"text-align: justify;\" data-block-type=\"unstyled\" data-block-weight=\"31\" data-block-id=\"11\">\n<p class=\"content-text__container \" data-track-category=\"Link no Texto\" data-track-links=\"\">As vagas do concurso p\u00fablico, conforme\u00a0<a href=\"https:\/\/www.consesp.com.br\/imagens_arquivos\/concursos\/arquivos\/3396_santamercedes0022019.pdf\" target=\"_blank\" rel=\"noopener noreferrer\">edital<\/a>, ser\u00e3o disponibilizadas para as fun\u00e7\u00f5es de assistente social (1), auxiliar de farm\u00e1cia (1), educador f\u00edsico (1), fonoaudi\u00f3logo (1) m\u00e9dico psiquiatra (1) e tratorista (1).<\/p>\n<\/div>\n<div class=\"mc-column content-text active-extra-styles \" style=\"text-align: justify;\" data-block-type=\"unstyled\" data-block-weight=\"38\" data-block-id=\"12\">\n<p class=\"content-text__container \" data-track-category=\"Link no Texto\" data-track-links=\"\">De acordo com o\u00a0<a href=\"https:\/\/www.consesp.com.br\/imagens_arquivos\/concursos\/arquivos\/3397_santamercedes0022019processo.pdf\" target=\"_blank\" rel=\"noopener noreferrer\">edital\u00a0<\/a>do processo seletivo, s\u00e3o oferecidas oportunidades para os cargos de professor de educa\u00e7\u00e3o b\u00e1sica, professor de educa\u00e7\u00e3o b\u00e1sica II &#8211; arte, professor de educa\u00e7\u00e3o b\u00e1sica II &#8211; ingl\u00eas e professor de educa\u00e7\u00e3o infantil.<\/p>\n<\/div>\n<div class=\"mc-column content-text active-extra-styles \" style=\"text-align: justify;\" data-block-type=\"unstyled\" data-block-weight=\"20\" data-block-id=\"13\">\n<p class=\"content-text__container \" data-track-category=\"Link no Texto\" data-track-links=\"\">\u00c9 necess\u00e1rio que os candidatos possuam escolaridade entre n\u00edvel fundamental, m\u00e9dio e superior, relativo a \u00e1rea em que pretende concorrer.<\/p>\n<\/div>\n<div class=\"mc-column content-text active-extra-styles \" style=\"text-align: justify;\" data-block-type=\"unstyled\" data-block-weight=\"30\" data-block-id=\"14\">\n<p class=\"content-text__container \" data-track-category=\"Link no Texto\" data-track-links=\"\">Servidores devem exercer as fun\u00e7\u00f5es em regime de 20h a 44h por semana. A remunera\u00e7\u00e3o alterna entre R$ 1.025,94 a R$ 4.138,00, com vale alimenta\u00e7\u00e3o no valor de R$ 280,00.<\/p>\n<\/div>\n<div class=\"mc-column content-text active-extra-styles \" style=\"text-align: justify;\" data-block-type=\"unstyled\" data-block-weight=\"15\" data-block-id=\"15\">\n<p class=\"content-text__container \" data-track-category=\"Link no Texto\" data-track-links=\"\">Interessados devem efetuar as inscri\u00e7\u00f5es at\u00e9 o dia 5 de janeiro de 2020, pela\u00a0<a href=\"https:\/\/www.consesp.com.br\/site\/index.php\" target=\"_blank\" rel=\"noopener noreferrer\">internet<\/a>.<\/p>\n<\/div>\n<div class=\"mc-column content-text active-extra-styles\" style=\"text-align: justify;\" data-block-type=\"raw\" data-block-weight=\"1\" data-block-id=\"16\">\n<div class=\"content-intertitle\">\n<h2>Narandiba<\/h2>\n<\/div>\n<\/div>\n<div class=\"mc-column content-text active-extra-styles \" style=\"text-align: justify;\" data-block-type=\"unstyled\" data-block-weight=\"20\" data-block-id=\"17\">\n<p class=\"content-text__container \" data-track-category=\"Link no Texto\" data-track-links=\"\">A Prefeitura Municipal de\u00a0<a href=\"https:\/\/g1.globo.com\/sp\/presidente-prudente-regiao\/cidade\/narandiba\/\">Narandiba\u00a0<\/a>realiza processo seletivo destinado \u00e0 forma\u00e7\u00e3o de cadastro reserva aos cargos na \u00e1rea da educa\u00e7\u00e3o.<\/p>\n<\/div>\n<div class=\"content-ads content-ads--reveal\" style=\"text-align: justify;\" data-block-type=\"ads\" data-block-id=\"18\"><\/div>\n<div class=\"mc-column content-text active-extra-styles \" style=\"text-align: justify;\" data-block-type=\"unstyled\" data-block-weight=\"32\" data-block-id=\"19\">\n<p class=\"content-text__container \" data-track-category=\"Link no Texto\" data-track-links=\"\">As oportunidades est\u00e3o dispon\u00edveis nas seguintes fun\u00e7\u00f5es: educador infantil, professor de creche e professor do ensino fundamental para as mat\u00e9rias de arte, ci\u00eancias, educa\u00e7\u00e3o f\u00edsica, geografia, hist\u00f3ria, ingl\u00eas, l\u00edngua portuguesa e matem\u00e1tica.<\/p>\n<\/div>\n<div class=\"mc-column content-text active-extra-styles \" style=\"text-align: justify;\" data-block-type=\"unstyled\" data-block-weight=\"8\" data-block-id=\"20\">\n<p class=\"content-text__container \" data-track-category=\"Link no Texto\" data-track-links=\"\">\u00c9 necess\u00e1rio que o candidato possua ensino superior.<\/p>\n<\/div>\n<div class=\"mc-column content-text active-extra-styles \" style=\"text-align: justify;\" data-block-type=\"unstyled\" data-block-weight=\"15\" data-block-id=\"21\">\n<p class=\"content-text__container \" data-track-category=\"Link no Texto\" data-track-links=\"\">As fun\u00e7\u00f5es dever\u00e3o ser exercidas em regime de 15 a 40 horas semanais, conforme\u00a0<a href=\"https:\/\/cdn.gestoreditais.com.br\/edital\/63\/2490\/815cb9e544ff8959162f6d3c9be474d7.pdf\" target=\"_blank\" rel=\"noopener noreferrer\">edital<\/a>.<\/p>\n<\/div>\n<div class=\"mc-column content-text active-extra-styles \" style=\"text-align: justify;\" data-block-type=\"unstyled\" data-block-weight=\"27\" data-block-id=\"22\">\n<p class=\"content-text__container \" data-track-category=\"Link no Texto\" data-track-links=\"\">Ao cargo de educador infantil a remunera\u00e7\u00e3o \u00e9 de R$ 1.625,45. Nos demais cargos o sal\u00e1rio ser\u00e1 entre R$ 10,89 a R$ 21,50 por cada hora-aula exercida.<\/p>\n<\/div>\n<div class=\"mc-column content-text active-extra-styles \" style=\"text-align: justify;\" data-block-type=\"unstyled\" data-block-weight=\"13\" data-block-id=\"23\">\n<p class=\"content-text__container \" data-track-category=\"Link no Texto\" data-track-links=\"\">As inscri\u00e7\u00f5es devem ser feitas pelo\u00a0<a href=\"https:\/\/cmmconcursos.com.br\/editais\/ver\/2490\" target=\"_blank\" rel=\"noopener noreferrer\">site\u00a0<\/a>at\u00e9 o dia 5 de janeiro.<\/p>\n<\/div>\n<div class=\"mc-column content-text active-extra-styles\" style=\"text-align: justify;\" data-block-type=\"raw\" data-block-weight=\"2\" data-block-id=\"24\">\n<div class=\"content-intertitle\">\n<h2>Presidente Bernardes<\/h2>\n<\/div>\n<\/div>\n<div class=\"mc-column content-text active-extra-styles \" style=\"text-align: justify;\" data-block-type=\"unstyled\" data-block-weight=\"18\" data-block-id=\"25\">\n<p class=\"content-text__container \" data-track-category=\"Link no Texto\" data-track-links=\"\">A Prefeitura de\u00a0<a href=\"https:\/\/g1.globo.com\/sp\/presidente-prudente-regiao\/cidade\/presidente-bernardes-sp\/\">Presidente Bernardes<\/a>\u00a0abriu inscri\u00e7\u00f5es para processo seletivo para contrata\u00e7\u00e3o de profissionais na \u00e1rea da educa\u00e7\u00e3o.<\/p>\n<\/div>\n<div class=\"mc-column content-text active-extra-styles \" style=\"text-align: justify;\" data-block-type=\"unstyled\" data-block-weight=\"25\" data-block-id=\"26\">\n<p class=\"content-text__container \" data-track-category=\"Link no Texto\" data-track-links=\"\">Conforme\u00a0<a href=\"https:\/\/cdn.gestoreditais.com.br\/edital\/63\/2495\/0f0ce641bf367e31ba5819818be65f20.pdf\" target=\"_blank\" rel=\"noopener noreferrer\">edital<\/a>, as vagas est\u00e3o dispon\u00edveis para professores do ensino fundamental, nas \u00e1reas de artes, ci\u00eancias, educa\u00e7\u00e3o f\u00edsica, geografia, hist\u00f3ria, ingl\u00eas, l\u00edngua portuguesa e matem\u00e1tica.<\/p>\n<\/div>\n<div class=\"mc-column content-text active-extra-styles \" style=\"text-align: justify;\" data-block-type=\"unstyled\" data-block-weight=\"11\" data-block-id=\"27\">\n<p class=\"content-text__container \" data-track-category=\"Link no Texto\" data-track-links=\"\">A remunera\u00e7\u00e3o varia de R$ 11,95 a R$ 14,34 por hora-aula.<\/p>\n<\/div>\n<div class=\"mc-column content-text active-extra-styles \" style=\"text-align: justify;\" data-block-type=\"unstyled\" data-block-weight=\"15\" data-block-id=\"28\">\n<p class=\"content-text__container \" data-track-category=\"Link no Texto\" data-track-links=\"\">As inscri\u00e7\u00f5es v\u00e3o at\u00e9 o dia 6 de janeiro e devem ser feitas no\u00a0<a href=\"https:\/\/cmmconcursos.com.br\/editais\/ver\/2495\" target=\"_blank\" rel=\"noopener noreferrer\">site<\/a>.<\/p>\n<\/div>\n<div class=\"mc-column content-text active-extra-styles\" style=\"text-align: justify;\" data-block-type=\"raw\" data-block-weight=\"2\" data-block-id=\"29\">\n<div class=\"content-intertitle\">\n<h2>Presidente Prudente<\/h2>\n<\/div>\n<\/div>\n<div class=\"mc-column content-text active-extra-styles \" style=\"text-align: justify;\" data-block-type=\"unstyled\" data-block-weight=\"17\" data-block-id=\"30\">\n<p class=\"content-text__container \" data-track-category=\"Link no Texto\" data-track-links=\"\">A Universidade Estadual Paulista (Unesp) de<a href=\"https:\/\/g1.globo.com\/sp\/presidente-prudente-regiao\/cidade\/presidente-prudente\/\">\u00a0Presidente Prudente<\/a>\u00a0abre vagas para concursos p\u00fablicos na \u00e1rea da educa\u00e7\u00e3o.<\/p>\n<\/div>\n<div class=\"mc-column content-text active-extra-styles \" style=\"text-align: justify;\" data-block-type=\"unstyled\" data-block-weight=\"26\" data-block-id=\"31\">\n<p class=\"content-text__container \" data-track-category=\"Link no Texto\" data-track-links=\"\">As vagas s\u00e3o destinadas a professor substituto de sociologia, de acordo com\u00a0<a href=\"https:\/\/inscricoes.unesp.br\/publico\/31921c410ffc15ebe9b7b57de613e6ec.pdf\" target=\"_blank\" rel=\"noopener noreferrer\">edital,\u00a0<\/a>e para professor substituto na \u00e1rea de geografia, conforme publicado tamb\u00e9m em\u00a0<a href=\"https:\/\/inscricoes.unesp.br\/publico\/4ba4ebcddc995fdcf32a15d3da608c7e.pdf\" target=\"_blank\" rel=\"noopener noreferrer\">edital<\/a>.<\/p>\n<\/div>\n<div class=\"content-ads content-ads--reveal\" style=\"text-align: justify;\" data-block-type=\"ads\" data-block-id=\"32\"><\/div>\n<div class=\"mc-column content-text active-extra-styles \" style=\"text-align: justify;\" data-block-type=\"unstyled\" data-block-weight=\"20\" data-block-id=\"33\">\n<p class=\"content-text__container \" data-track-category=\"Link no Texto\" data-track-links=\"\">Para o cargo de professor substituto de sociologia as inscri\u00e7\u00f5es devem ser feitas at\u00e9 dia 21 de janeiro no\u00a0<a href=\"https:\/\/inscricoes.unesp.br\/inscricao\/concurso\/detalhes-606\" target=\"_blank\" rel=\"noopener noreferrer\">site<\/a>.<\/p>\n<\/div>\n<div class=\"mc-column content-text active-extra-styles \" data-block-type=\"unstyled\" data-block-weight=\"21\" data-block-id=\"34\">\n<p class=\"content-text__container \" style=\"text-align: justify;\" data-track-category=\"Link no Texto\" data-track-links=\"\">As inscri\u00e7\u00f5es para o cargo de professor substituto de geografia devem ser feitas at\u00e9 o dia 17 de janeiro pela\u00a0<a href=\"https:\/\/inscricoes.unesp.br\/inscricao\/concurso\/detalhes-578\" target=\"_blank\" rel=\"noopener noreferrer\">internet<\/a>.<\/p>\n<p data-track-category=\"Link no Texto\" data-track-links=\"\">Fonte: G1<\/p>\n<\/div>\n<\/div>\n","protected":false},"excerpt":{"rendered":"<p>Oportunidades est\u00e3o divididas por cinco cidades da regi\u00e3o e abrangem diversas \u00e1reas. Interessados podem se candidatar pela internet. Cinco cidades do Oeste Paulista t\u00eam concursos p\u00fablicos e processos seletivos com inscri\u00e7\u00f5es abertas. Confira as oportunidades: Irapuru A Prefeitura de\u00a0Irapuru\u00a0est\u00e1 com inscri\u00e7\u00f5es abertas para o concurso p\u00fablico de provas e t\u00edtulos para o preenchimento de vagas [&hellip;]<\/p>\n","protected":false},"author":1,"featured_media":15410,"comment_status":"closed","ping_status":"open","sticky":false,"template":"","format":"standard","meta":{"footnotes":""},"categories":[122],"tags":[],"class_list":["post-15408","post","type-post","status-publish","format-standard","has-post-thumbnail","hentry","category-saudeeducacaoeconcurso"],"_links":{"self":[{"href":"https:\/\/jorgezanoni.com.br\/2019\/wp-json\/wp\/v2\/posts\/15408","targetHints":{"allow":["GET"]}}],"collection":[{"href":"https:\/\/jorgezanoni.com.br\/2019\/wp-json\/wp\/v2\/posts"}],"about":[{"href":"https:\/\/jorgezanoni.com.br\/2019\/wp-json\/wp\/v2\/types\/post"}],"author":[{"embeddable":true,"href":"https:\/\/jorgezanoni.com.br\/2019\/wp-json\/wp\/v2\/users\/1"}],"replies":[{"embeddable":true,"href":"https:\/\/jorgezanoni.com.br\/2019\/wp-json\/wp\/v2\/comments?post=15408"}],"version-history":[{"count":0,"href":"https:\/\/jorgezanoni.com.br\/2019\/wp-json\/wp\/v2\/posts\/15408\/revisions"}],"wp:featuredmedia":[{"embeddable":true,"href":"https:\/\/jorgezanoni.com.br\/2019\/wp-json\/wp\/v2\/media\/15410"}],"wp:attachment":[{"href":"https:\/\/jorgezanoni.com.br\/2019\/wp-json\/wp\/v2\/media?parent=15408"}],"wp:term":[{"taxonomy":"category","embeddable":true,"href":"https:\/\/jorgezanoni.com.br\/2019\/wp-json\/wp\/v2\/categories?post=15408"},{"taxonomy":"post_tag","embeddable":true,"href":"https:\/\/jorgezanoni.com.br\/2019\/wp-json\/wp\/v2\/tags?post=15408"}],"curies":[{"name":"wp","href":"https:\/\/api.w.org\/{rel}","templated":true}]}}