{"id":15356,"date":"2019-12-31T15:24:10","date_gmt":"2019-12-31T15:24:10","guid":{"rendered":"https:\/\/jorgezanoni.com.br\/2019\/?p=15356"},"modified":"2019-12-31T15:24:10","modified_gmt":"2019-12-31T15:24:10","slug":"entidades-beneficentes-ganham-400-kits-de-roupa-de-cama-hospitalar","status":"publish","type":"post","link":"https:\/\/jorgezanoni.com.br\/2019\/entidades-beneficentes-ganham-400-kits-de-roupa-de-cama-hospitalar\/","title":{"rendered":"Entidades beneficentes ganham 400 kits de roupa de cama hospitalar"},"content":{"rendered":"<p style=\"text-align: justify;\"><strong>Materiais foram confeccionados por reeducandas e doados pela Penitenci\u00e1ria Feminina de Tupi Paulista.<\/strong><\/p>\n<p style=\"text-align: justify;\">\u00a0\u00a0\u00a0\u00a0\u00a0\u00a0\u00a0\u00a0\u00a0\u00a0\u00a0\u00a0\u00a0\u00a0 \u00c9 dezembro e o clima de Natal continua na Penitenci\u00e1ria Feminina de Tupi Paulista. No dia 18, a unidade prisional realizou a 1\u00aa entrega de kits de rouparia hospitalar, no sal\u00e3o do J\u00fari do F\u00f3rum de Luc\u00e9lia. A a\u00e7\u00e3o resulta de um projeto<strong>\u00a0<\/strong>desenvolvido em\u00a0parceria com o Poder Judici\u00e1rio e Funda\u00e7\u00e3o &#8220;Prof. Dr. Manoel Pedro Pimentel&#8221; (Funap) e conta com apoio das empresas Trinys, de Osvaldo Cruz, e Portage, de Adamantina, al\u00e9m do Diretor T\u00e9cnico III Jesus Ross.<\/p>\n<p style=\"text-align: justify;\">\u00a0\u00a0\u00a0\u00a0\u00a0\u00a0\u00a0\u00a0\u00a0\u00a0\u00a0\u00a0 O\u00a0<strong>Projeto de Qualifica\u00e7\u00e3o Profissional de Mulheres Presas da Penitenci\u00e1ria Feminina de Tupi Paulista \u2013 Kits de Roupa de Cama Hospitalar<\/strong>\u00a0est\u00e1 capacitando 60 (sessenta) reeducandas do Regime Fechado a confeccionar kits compostos por len\u00e7ol, sobre len\u00e7ol e fronha,<strong>\u00a0<\/strong>qualificando-as para atuarem como operadoras de m\u00e1quinas de costura de pe\u00e7as de rouparia de cama. O aprendizado inclui t\u00e9cnicas de montagem das pe\u00e7as, conhecimento de diversas m\u00e1quinas como Overloque, Reta e de Corte, como tamb\u00e9m, propicia no\u00e7\u00f5es b\u00e1sicas de empreendedorismo, com palestras tem\u00e1ticas.<\/p>\n<p style=\"text-align: justify;\">\u00a0\u00a0\u00a0\u00a0\u00a0\u00a0\u00a0\u00a0\u00a0\u00a0\u00a0\u00a0\u00a0\u00a0Nesta 1\u00aa edi\u00e7\u00e3o, proposta ao MM Juiz da Comarca de Luc\u00e9lia \u2013 Dr.\u00a0Andre Gustavo Livonesi, o qual esteve presente na entrega, foram doados 400 kits de roupa de cama hospitalar a representantes das entidades beneficiadas: Michelle Marinho Cola, representante da Santa Casa de Miseric\u00f3rdia de Luc\u00e9lia; Pastor Hermano Livramento Guimar\u00e3es, do Lar Batista de Crian\u00e7as; e Maria Elena da Silva, do Lar dos Velhos de In\u00fabia Paulista.<\/p>\n<p style=\"text-align: justify;\">Al\u00e9m de oportunizar a capacita\u00e7\u00e3o profissional \u00e0s reeducandas, em corte e costura, a atividade resulta em a\u00e7\u00e3o social, uma vez que culmina na doa\u00e7\u00e3o do material produzido \u00e0s institui\u00e7\u00f5es de sa\u00fade como Hospitais, Santas Casas de Miseric\u00f3rdia, Abrigos e Asilos da Regi\u00e3o.\u00a0&#8220;A participa\u00e7\u00e3o das reeducandas no projeto atribui aspectos de responsabilidade a elas, diante dos pr\u00f3prios ato. As faz entender que podem recome\u00e7ar, que n\u00e3o est\u00e3o desacreditadas e, assim, podem ir em busca de projetos futuros e diminuir o progn\u00f3stico de retornar a reincidir&#8221;, enfatiza a gestora da penitenci\u00e1ria, Adriana Alkmin Perereira Domingues.<\/p>\n<p style=\"text-align: justify;\">As pr\u00f3ximas entidades beneficiadas ser\u00e3o de Osvaldo Cruz, Tup\u00e3 e Adamantina.<\/p>\n<p style=\"text-align: justify;\"><img loading=\"lazy\" decoding=\"async\" class=\"alignnone size-full wp-image-15358\" src=\"https:\/\/jorgezanoni.com.br\/2019\/wp-content\/uploads\/2019\/12\/peni1.jpg\" alt=\"\" width=\"240\" height=\"180\" srcset=\"https:\/\/jorgezanoni.com.br\/2019\/wp-content\/uploads\/2019\/12\/peni1.jpg 240w, https:\/\/jorgezanoni.com.br\/2019\/wp-content\/uploads\/2019\/12\/peni1-80x60.jpg 80w\" sizes=\"auto, (max-width: 240px) 100vw, 240px\" \/>\u00a0Len\u00e7ois foram personalizados com nome das entidades beneficiadas<\/p>\n<p><img loading=\"lazy\" decoding=\"async\" class=\"alignnone size-full wp-image-15359\" src=\"https:\/\/jorgezanoni.com.br\/2019\/wp-content\/uploads\/2019\/12\/Parte-das-doa\u00e7\u00f5es-foi-destinada-ao-Lar-dos-Velhos-de-In\u00fabia-Paulista.jpeg\" alt=\"\" width=\"1280\" height=\"960\" srcset=\"https:\/\/jorgezanoni.com.br\/2019\/wp-content\/uploads\/2019\/12\/Parte-das-doa\u00e7\u00f5es-foi-destinada-ao-Lar-dos-Velhos-de-In\u00fabia-Paulista.jpeg 1280w, https:\/\/jorgezanoni.com.br\/2019\/wp-content\/uploads\/2019\/12\/Parte-das-doa\u00e7\u00f5es-foi-destinada-ao-Lar-dos-Velhos-de-In\u00fabia-Paulista-300x225.jpeg 300w, https:\/\/jorgezanoni.com.br\/2019\/wp-content\/uploads\/2019\/12\/Parte-das-doa\u00e7\u00f5es-foi-destinada-ao-Lar-dos-Velhos-de-In\u00fabia-Paulista-768x576.jpeg 768w, https:\/\/jorgezanoni.com.br\/2019\/wp-content\/uploads\/2019\/12\/Parte-das-doa\u00e7\u00f5es-foi-destinada-ao-Lar-dos-Velhos-de-In\u00fabia-Paulista-1024x768.jpeg 1024w, https:\/\/jorgezanoni.com.br\/2019\/wp-content\/uploads\/2019\/12\/Parte-das-doa\u00e7\u00f5es-foi-destinada-ao-Lar-dos-Velhos-de-In\u00fabia-Paulista-80x60.jpeg 80w, https:\/\/jorgezanoni.com.br\/2019\/wp-content\/uploads\/2019\/12\/Parte-das-doa\u00e7\u00f5es-foi-destinada-ao-Lar-dos-Velhos-de-In\u00fabia-Paulista-265x198.jpeg 265w, https:\/\/jorgezanoni.com.br\/2019\/wp-content\/uploads\/2019\/12\/Parte-das-doa\u00e7\u00f5es-foi-destinada-ao-Lar-dos-Velhos-de-In\u00fabia-Paulista-696x522.jpeg 696w, https:\/\/jorgezanoni.com.br\/2019\/wp-content\/uploads\/2019\/12\/Parte-das-doa\u00e7\u00f5es-foi-destinada-ao-Lar-dos-Velhos-de-In\u00fabia-Paulista-1068x801.jpeg 1068w, https:\/\/jorgezanoni.com.br\/2019\/wp-content\/uploads\/2019\/12\/Parte-das-doa\u00e7\u00f5es-foi-destinada-ao-Lar-dos-Velhos-de-In\u00fabia-Paulista-560x420.jpeg 560w\" sizes=\"auto, (max-width: 1280px) 100vw, 1280px\" \/>Parte das doa\u00e7\u00f5es foi destinada ao Lar dos Velhos de In\u00fabia Paulista<\/p>\n<p><img loading=\"lazy\" decoding=\"async\" class=\"alignnone size-full wp-image-15360\" src=\"https:\/\/jorgezanoni.com.br\/2019\/wp-content\/uploads\/2019\/12\/Representante-do-Lar-Batista-de-In\u00fabia-Paulista-\u00e0-direita-foi-agraciado-com-doa\u00e7\u00f5es-2.jpeg\" alt=\"\" width=\"1280\" height=\"960\" srcset=\"https:\/\/jorgezanoni.com.br\/2019\/wp-content\/uploads\/2019\/12\/Representante-do-Lar-Batista-de-In\u00fabia-Paulista-\u00e0-direita-foi-agraciado-com-doa\u00e7\u00f5es-2.jpeg 1280w, https:\/\/jorgezanoni.com.br\/2019\/wp-content\/uploads\/2019\/12\/Representante-do-Lar-Batista-de-In\u00fabia-Paulista-\u00e0-direita-foi-agraciado-com-doa\u00e7\u00f5es-2-300x225.jpeg 300w, https:\/\/jorgezanoni.com.br\/2019\/wp-content\/uploads\/2019\/12\/Representante-do-Lar-Batista-de-In\u00fabia-Paulista-\u00e0-direita-foi-agraciado-com-doa\u00e7\u00f5es-2-768x576.jpeg 768w, https:\/\/jorgezanoni.com.br\/2019\/wp-content\/uploads\/2019\/12\/Representante-do-Lar-Batista-de-In\u00fabia-Paulista-\u00e0-direita-foi-agraciado-com-doa\u00e7\u00f5es-2-1024x768.jpeg 1024w, https:\/\/jorgezanoni.com.br\/2019\/wp-content\/uploads\/2019\/12\/Representante-do-Lar-Batista-de-In\u00fabia-Paulista-\u00e0-direita-foi-agraciado-com-doa\u00e7\u00f5es-2-80x60.jpeg 80w, https:\/\/jorgezanoni.com.br\/2019\/wp-content\/uploads\/2019\/12\/Representante-do-Lar-Batista-de-In\u00fabia-Paulista-\u00e0-direita-foi-agraciado-com-doa\u00e7\u00f5es-2-265x198.jpeg 265w, https:\/\/jorgezanoni.com.br\/2019\/wp-content\/uploads\/2019\/12\/Representante-do-Lar-Batista-de-In\u00fabia-Paulista-\u00e0-direita-foi-agraciado-com-doa\u00e7\u00f5es-2-696x522.jpeg 696w, https:\/\/jorgezanoni.com.br\/2019\/wp-content\/uploads\/2019\/12\/Representante-do-Lar-Batista-de-In\u00fabia-Paulista-\u00e0-direita-foi-agraciado-com-doa\u00e7\u00f5es-2-1068x801.jpeg 1068w, https:\/\/jorgezanoni.com.br\/2019\/wp-content\/uploads\/2019\/12\/Representante-do-Lar-Batista-de-In\u00fabia-Paulista-\u00e0-direita-foi-agraciado-com-doa\u00e7\u00f5es-2-560x420.jpeg 560w\" sizes=\"auto, (max-width: 1280px) 100vw, 1280px\" \/>Representante do Lar Batista de In\u00fabia Paulista (\u00e0 direita) foi agraciado com doa\u00e7\u00f5es<\/p>\n<p style=\"text-align: justify;\">\u00a0Atenciosamente,<\/p>\n<p style=\"text-align: justify;\"><img loading=\"lazy\" decoding=\"async\" class=\"alignnone size-full wp-image-15357\" src=\"https:\/\/jorgezanoni.com.br\/2019\/wp-content\/uploads\/2019\/12\/eliane.gif\" alt=\"\" width=\"400\" height=\"126\" \/><\/p>\n<p style=\"font-weight: 400; text-align: justify;\">\u00a0 \u00a0 Assessoria de Imprensa Croeste<\/p>\n<p>&nbsp;<\/p>\n","protected":false},"excerpt":{"rendered":"<p>Materiais foram confeccionados por reeducandas e doados pela Penitenci\u00e1ria Feminina de Tupi Paulista. \u00a0\u00a0\u00a0\u00a0\u00a0\u00a0\u00a0\u00a0\u00a0\u00a0\u00a0\u00a0\u00a0\u00a0 \u00c9 dezembro e o clima de Natal continua na Penitenci\u00e1ria Feminina de Tupi Paulista. No dia 18, a unidade prisional realizou a 1\u00aa entrega de kits de rouparia hospitalar, no sal\u00e3o do J\u00fari do F\u00f3rum de Luc\u00e9lia. A a\u00e7\u00e3o resulta de [&hellip;]<\/p>\n","protected":false},"author":1,"featured_media":15361,"comment_status":"closed","ping_status":"open","sticky":false,"template":"","format":"standard","meta":{"footnotes":""},"categories":[110,118],"tags":[],"class_list":["post-15356","post","type-post","status-publish","format-standard","has-post-thumbnail","hentry","category-noticiasdestaque","category-religiaoesolidariedade"],"_links":{"self":[{"href":"https:\/\/jorgezanoni.com.br\/2019\/wp-json\/wp\/v2\/posts\/15356","targetHints":{"allow":["GET"]}}],"collection":[{"href":"https:\/\/jorgezanoni.com.br\/2019\/wp-json\/wp\/v2\/posts"}],"about":[{"href":"https:\/\/jorgezanoni.com.br\/2019\/wp-json\/wp\/v2\/types\/post"}],"author":[{"embeddable":true,"href":"https:\/\/jorgezanoni.com.br\/2019\/wp-json\/wp\/v2\/users\/1"}],"replies":[{"embeddable":true,"href":"https:\/\/jorgezanoni.com.br\/2019\/wp-json\/wp\/v2\/comments?post=15356"}],"version-history":[{"count":0,"href":"https:\/\/jorgezanoni.com.br\/2019\/wp-json\/wp\/v2\/posts\/15356\/revisions"}],"wp:featuredmedia":[{"embeddable":true,"href":"https:\/\/jorgezanoni.com.br\/2019\/wp-json\/wp\/v2\/media\/15361"}],"wp:attachment":[{"href":"https:\/\/jorgezanoni.com.br\/2019\/wp-json\/wp\/v2\/media?parent=15356"}],"wp:term":[{"taxonomy":"category","embeddable":true,"href":"https:\/\/jorgezanoni.com.br\/2019\/wp-json\/wp\/v2\/categories?post=15356"},{"taxonomy":"post_tag","embeddable":true,"href":"https:\/\/jorgezanoni.com.br\/2019\/wp-json\/wp\/v2\/tags?post=15356"}],"curies":[{"name":"wp","href":"https:\/\/api.w.org\/{rel}","templated":true}]}}