{"id":15339,"date":"2019-12-31T14:26:46","date_gmt":"2019-12-31T14:26:46","guid":{"rendered":"https:\/\/jorgezanoni.com.br\/2019\/?p=15339"},"modified":"2019-12-31T14:26:46","modified_gmt":"2019-12-31T14:26:46","slug":"acidente-entre-duas-motos-deixa-um-homem-gravemente-ferido","status":"publish","type":"post","link":"https:\/\/jorgezanoni.com.br\/2019\/acidente-entre-duas-motos-deixa-um-homem-gravemente-ferido\/","title":{"rendered":"Acidente entre duas motos deixa um homem gravemente ferido"},"content":{"rendered":"<p style=\"text-align: justify;\">Um grave acidente foi registrado no centro de Osvaldo Cruz na noite desta segunda-feira (30). Segundo informa\u00e7\u00f5es colhidas no local pela reportagem do Portal Metr\u00f3pole de Not\u00edcias, duas motocicletas, ambas com placas de Osvaldo Cruz, por motivos a serem investigados, acabaram colidindo no cruzamento da Avenida Brasil com a Rua F\u00e9lix Castilho Dias. (continua depois da publicidade)<\/p>\n<p style=\"text-align: justify;\"><img loading=\"lazy\" decoding=\"async\" class=\"alignnone size-full wp-image-15340\" src=\"https:\/\/jorgezanoni.com.br\/2019\/wp-content\/uploads\/2019\/12\/Nogueira1.png\" alt=\"\" width=\"1400\" height=\"500\" srcset=\"https:\/\/jorgezanoni.com.br\/2019\/wp-content\/uploads\/2019\/12\/Nogueira1.png 1400w, https:\/\/jorgezanoni.com.br\/2019\/wp-content\/uploads\/2019\/12\/Nogueira1-300x107.png 300w, https:\/\/jorgezanoni.com.br\/2019\/wp-content\/uploads\/2019\/12\/Nogueira1-768x274.png 768w, https:\/\/jorgezanoni.com.br\/2019\/wp-content\/uploads\/2019\/12\/Nogueira1-1024x366.png 1024w, https:\/\/jorgezanoni.com.br\/2019\/wp-content\/uploads\/2019\/12\/Nogueira1-696x249.png 696w, https:\/\/jorgezanoni.com.br\/2019\/wp-content\/uploads\/2019\/12\/Nogueira1-1068x381.png 1068w, https:\/\/jorgezanoni.com.br\/2019\/wp-content\/uploads\/2019\/12\/Nogueira1-1176x420.png 1176w\" sizes=\"auto, (max-width: 1400px) 100vw, 1400px\" \/><\/p>\n<p style=\"text-align: justify;\">Com o choque, os motociclistas ca\u00edram e um dele, de iniciais W.S.P.F., ficou gravemente ferido com fratura de t\u00edbia e f\u00edbula, regi\u00e3o do tornozelo direito. Ele foi socorrido pela Unidade de Resgate do Corpo de Bombeiros para a Santa Casa de Osvaldo Cruz. J\u00e1 o outro motociclista envolvido n\u00e3o se feriu.<\/p>\n<p style=\"text-align: justify;\">A Pol\u00edcia Militar e a Pol\u00edcia Cient\u00edfica foram acionadas e compareceram no local.<\/p>\n<p style=\"text-align: justify;\">Fonte: Metr\u00f3pole FM \u2013 Foto: Cristiano Nascimento)<\/p>\n","protected":false},"excerpt":{"rendered":"<p>Um grave acidente foi registrado no centro de Osvaldo Cruz na noite desta segunda-feira (30). Segundo informa\u00e7\u00f5es colhidas no local pela reportagem do Portal Metr\u00f3pole de Not\u00edcias, duas motocicletas, ambas com placas de Osvaldo Cruz, por motivos a serem investigados, acabaram colidindo no cruzamento da Avenida Brasil com a Rua F\u00e9lix Castilho Dias. (continua depois [&hellip;]<\/p>\n","protected":false},"author":1,"featured_media":15341,"comment_status":"closed","ping_status":"open","sticky":false,"template":"","format":"standard","meta":{"footnotes":""},"categories":[170,110],"tags":[],"class_list":["post-15339","post","type-post","status-publish","format-standard","has-post-thumbnail","hentry","category-acidentes","category-noticiasdestaque"],"_links":{"self":[{"href":"https:\/\/jorgezanoni.com.br\/2019\/wp-json\/wp\/v2\/posts\/15339","targetHints":{"allow":["GET"]}}],"collection":[{"href":"https:\/\/jorgezanoni.com.br\/2019\/wp-json\/wp\/v2\/posts"}],"about":[{"href":"https:\/\/jorgezanoni.com.br\/2019\/wp-json\/wp\/v2\/types\/post"}],"author":[{"embeddable":true,"href":"https:\/\/jorgezanoni.com.br\/2019\/wp-json\/wp\/v2\/users\/1"}],"replies":[{"embeddable":true,"href":"https:\/\/jorgezanoni.com.br\/2019\/wp-json\/wp\/v2\/comments?post=15339"}],"version-history":[{"count":0,"href":"https:\/\/jorgezanoni.com.br\/2019\/wp-json\/wp\/v2\/posts\/15339\/revisions"}],"wp:featuredmedia":[{"embeddable":true,"href":"https:\/\/jorgezanoni.com.br\/2019\/wp-json\/wp\/v2\/media\/15341"}],"wp:attachment":[{"href":"https:\/\/jorgezanoni.com.br\/2019\/wp-json\/wp\/v2\/media?parent=15339"}],"wp:term":[{"taxonomy":"category","embeddable":true,"href":"https:\/\/jorgezanoni.com.br\/2019\/wp-json\/wp\/v2\/categories?post=15339"},{"taxonomy":"post_tag","embeddable":true,"href":"https:\/\/jorgezanoni.com.br\/2019\/wp-json\/wp\/v2\/tags?post=15339"}],"curies":[{"name":"wp","href":"https:\/\/api.w.org\/{rel}","templated":true}]}}